{"id":3108,"date":"2019-06-23T10:37:26","date_gmt":"2019-06-23T15:37:26","guid":{"rendered":"https:\/\/enlacescorporativos.com\/?p=3108"},"modified":"2019-06-23T10:37:26","modified_gmt":"2019-06-23T15:37:26","slug":"lider-del-pan-considera-pesimo-desempeno-economico-con-amlo","status":"publish","type":"post","link":"https:\/\/enlacescorporativos.com\/en\/2019\/06\/23\/lider-del-pan-considera-pesimo-desempeno-economico-con-amlo\/","title":{"rendered":"L\u00edder del PAN considera \u201cp\u00e9simo\u201d desempe\u00f1o econ\u00f3mico con AMLO"},"content":{"rendered":"<div><img src='https:\/\/cdn.forbes.com.mx\/2018\/11\/Marko-e1542045185751.jpg' style='max-width:600px;' \/><\/p>\n<div>\n<p><a rel=\"nofollow\" href=\"https:\/\/www.forbes.com.mx\">Forbes M\u00e9xico<\/a>.<br \/>\n <a rel=\"nofollow\" href=\"https:\/\/www.forbes.com.mx\/lider-del-pan-considera-pesimo-desempeno-economico-con-amlo\/\">L\u00edder del PAN considera &#8220;p\u00e9simo&#8221; desempe\u00f1o econ\u00f3mico con AMLO<\/a><\/p>\n<div><img fetchpriority=\"high\" decoding=\"async\" width=\"1280\" height=\"720\" src=\"https:\/\/cdn.forbes.com.mx\/2018\/11\/Marko-e1542045185751.jpg\" class=\"attachment-full size-full wp-post-image\" alt=\"\" style=\"margin-bottom: 15px;\" srcset=\"https:\/\/cdn.forbes.com.mx\/2018\/11\/Marko-e1542045185751.jpg 1280w, https:\/\/cdn.forbes.com.mx\/2018\/11\/Marko-e1542045185751-300x169.jpg 300w, https:\/\/cdn.forbes.com.mx\/2018\/11\/Marko-e1542045185751-768x432.jpg 768w, https:\/\/cdn.forbes.com.mx\/2018\/11\/Marko-e1542045185751-1024x576.jpg 1024w, https:\/\/cdn.forbes.com.mx\/2018\/11\/Marko-e1542045185751-640x360.jpg 640w, https:\/\/cdn.forbes.com.mx\/2018\/11\/Marko-e1542045185751-320x180.jpg 320w\" sizes=\"(max-width: 1280px) 100vw, 1280px\" data-full-size=\"https:\/\/cdn.forbes.com.mx\/2018\/11\/Marko-e1542045185751.jpg\" data-caption=\"Marko Cort\u00e9s. (Foto: Notimex)\" data-description=\"\" \/><\/div>\n<p><strong>Notimex.- <\/strong>El presidente del Partido Acci\u00f3n Nacional (PAN), Marko Cort\u00e9s, calific\u00f3 hoy como &#8220;p\u00e9simo&#8221; el desempe\u00f1o de la econom\u00eda durante el gobierno de Andr\u00e9s Manuel L\u00f3pez Obrador (AMLO) y lo atribuy\u00f3 a la &#8220;incertidumbre y desconfianza&#8221; que ha generado entre los inversionistas.<\/p>\n<p>\u201cTenemos que alzar la voz para decir que en lo econ\u00f3mico las cosas van de mal en peor. Las pol\u00edticas de L\u00f3pez Obrador no dan confianza a los inversionistas&#8221;, se\u00f1al\u00f3 Cort\u00e9s en un comunicado, en el que advirti\u00f3 el riesgo de que M\u00e9xico &#8220;caiga en recesi\u00f3n&#8221; si la tendencia no cambia.<\/p>\n<p>El l\u00edder nacional del PAN critic\u00f3 los &#8220;desplantes&#8221; en el gobierno federal que aseguran que la econom\u00eda marcha \u201cmuy bien\u201d y que se tienen los recursos para \u201cpaliar la peor crisis\u201d, cuando &#8220;todos los expertos y organismos nacionales e internacionales pronostican muy poco crecimiento en 2019&#8221;.<\/p>\n<p>Exigi\u00f3 al gobierno federal ejercer cuanto antes el gasto p\u00fablico en infraestructura y brindar facilidades y certeza jur\u00eddica al capital privado, para estimular el crecimiento econ\u00f3mico y la generaci\u00f3n de empleos formales.<\/p>\n<p>En su opini\u00f3n, los gobiernos del PAN han dado el ejemplo de c\u00f3mo hacer crecer la econom\u00eda.<\/p>\n<p>Sobre seguridad, Cort\u00e9s alert\u00f3 sobre el aumento del secuestro en la Ciudad de M\u00e9xico y dijo que\u00a0urge un estrategia y actuaci\u00f3n inmediata de la Guardia Nacional para combatir la delincuencia.<\/p>\n<p><em><strong>Lee tambi\u00e9n:\u00a0<a href=\"https:\/\/www.forbes.com.mx\/riesgo-pais-de-mexico-en-nivel-mas-bajo-en-7-semanas\/\">Riesgo pa\u00eds de M\u00e9xico, en nivel m\u00e1s bajo en 7 semanas<\/a><\/strong><\/em><\/p>\n<p><a rel=\"nofollow\" href=\"https:\/\/www.forbes.com.mx\/lider-del-pan-considera-pesimo-desempeno-economico-con-amlo\/\">L\u00edder del PAN considera &#8220;p\u00e9simo&#8221; desempe\u00f1o econ\u00f3mico con AMLO<\/a><br \/>\n<a rel=\"nofollow\" href=\"https:\/\/www.forbes.com.mx\/author\/forbes-staff\/\">Forbes Staff<\/a><\/p>\n<\/div>\n<\/div>","protected":false},"excerpt":{"rendered":"<p>Forbes M\u00e9xico. L\u00edder del PAN considera &#8220;p\u00e9simo&#8221; desempe\u00f1o econ\u00f3mico con AMLO Notimex.- El presidente del Partido Acci\u00f3n Nacional (PAN), Marko Cort\u00e9s, calific\u00f3 hoy como &#8220;p\u00e9simo&#8221; el desempe\u00f1o de la econom\u00eda durante el gobierno de Andr\u00e9s Manuel L\u00f3pez Obrador (AMLO) y lo atribuy\u00f3 a la &#8220;incertidumbre y desconfianza&#8221; que ha generado entre los inversionistas. \u201cTenemos que [&hellip;]<\/p>","protected":false},"author":91,"featured_media":0,"comment_status":"open","ping_status":"open","sticky":false,"template":"","format":"standard","meta":{"site-sidebar-layout":"default","site-content-layout":"","ast-site-content-layout":"","site-content-style":"default","site-sidebar-style":"default","ast-global-header-display":"","ast-banner-title-visibility":"","ast-main-header-display":"","ast-hfb-above-header-display":"","ast-hfb-below-header-display":"","ast-hfb-mobile-header-display":"","site-post-title":"","ast-breadcrumbs-content":"","ast-featured-img":"","footer-sml-layout":"","theme-transparent-header-meta":"","adv-header-id-meta":"","stick-header-meta":"","header-above-stick-meta":"","header-main-stick-meta":"","header-below-stick-meta":"","astra-migrate-meta-layouts":"default","ast-page-background-enabled":"default","ast-page-background-meta":{"desktop":{"background-color":"","background-image":"","background-repeat":"repeat","background-position":"center center","background-size":"auto","background-attachment":"scroll","background-type":"","background-media":"","overlay-type":"","overlay-color":"","overlay-opacity":"","overlay-gradient":""},"tablet":{"background-color":"","background-image":"","background-repeat":"repeat","background-position":"center center","background-size":"auto","background-attachment":"scroll","background-type":"","background-media":"","overlay-type":"","overlay-color":"","overlay-opacity":"","overlay-gradient":""},"mobile":{"background-color":"","background-image":"","background-repeat":"repeat","background-position":"center center","background-size":"auto","background-attachment":"scroll","background-type":"","background-media":"","overlay-type":"","overlay-color":"","overlay-opacity":"","overlay-gradient":""}},"ast-content-background-meta":{"desktop":{"background-color":"var(--ast-global-color-5)","background-image":"","background-repeat":"repeat","background-position":"center center","background-size":"auto","background-attachment":"scroll","background-type":"","background-media":"","overlay-type":"","overlay-color":"","overlay-opacity":"","overlay-gradient":""},"tablet":{"background-color":"var(--ast-global-color-5)","background-image":"","background-repeat":"repeat","background-position":"center center","background-size":"auto","background-attachment":"scroll","background-type":"","background-media":"","overlay-type":"","overlay-color":"","overlay-opacity":"","overlay-gradient":""},"mobile":{"background-color":"var(--ast-global-color-5)","background-image":"","background-repeat":"repeat","background-position":"center center","background-size":"auto","background-attachment":"scroll","background-type":"","background-media":"","overlay-type":"","overlay-color":"","overlay-opacity":"","overlay-gradient":""}},"footnotes":""},"categories":[1],"tags":[],"class_list":["post-3108","post","type-post","status-publish","format-standard","hentry","category-uncategorized"],"_links":{"self":[{"href":"https:\/\/enlacescorporativos.com\/en\/wp-json\/wp\/v2\/posts\/3108","targetHints":{"allow":["GET"]}}],"collection":[{"href":"https:\/\/enlacescorporativos.com\/en\/wp-json\/wp\/v2\/posts"}],"about":[{"href":"https:\/\/enlacescorporativos.com\/en\/wp-json\/wp\/v2\/types\/post"}],"author":[{"embeddable":true,"href":"https:\/\/enlacescorporativos.com\/en\/wp-json\/wp\/v2\/users\/91"}],"replies":[{"embeddable":true,"href":"https:\/\/enlacescorporativos.com\/en\/wp-json\/wp\/v2\/comments?post=3108"}],"version-history":[{"count":0,"href":"https:\/\/enlacescorporativos.com\/en\/wp-json\/wp\/v2\/posts\/3108\/revisions"}],"wp:attachment":[{"href":"https:\/\/enlacescorporativos.com\/en\/wp-json\/wp\/v2\/media?parent=3108"}],"wp:term":[{"taxonomy":"category","embeddable":true,"href":"https:\/\/enlacescorporativos.com\/en\/wp-json\/wp\/v2\/categories?post=3108"},{"taxonomy":"post_tag","embeddable":true,"href":"https:\/\/enlacescorporativos.com\/en\/wp-json\/wp\/v2\/tags?post=3108"}],"curies":[{"name":"wp","href":"https:\/\/api.w.org\/{rel}","templated":true}]}}