{"id":3166,"date":"2019-06-24T08:37:27","date_gmt":"2019-06-24T13:37:27","guid":{"rendered":"https:\/\/enlacescorporativos.com\/?p=3166"},"modified":"2019-06-24T08:37:27","modified_gmt":"2019-06-24T13:37:27","slug":"lo-bueno-y-malo-de-la-economia-mexicana-en-la-era-amlo-segun-coparmex","status":"publish","type":"post","link":"https:\/\/enlacescorporativos.com\/en\/2019\/06\/24\/lo-bueno-y-malo-de-la-economia-mexicana-en-la-era-amlo-segun-coparmex\/","title":{"rendered":"Lo bueno y malo de la econom\u00eda mexicana en la era AMLO, seg\u00fan Coparmex"},"content":{"rendered":"<div><img src='https:\/\/cdn.forbes.com.mx\/2019\/02\/AMLO-CCE.jpg' style='max-width:600px;' \/><\/p>\n<div>\n<p><a rel=\"nofollow\" href=\"https:\/\/www.forbes.com.mx\">Forbes M\u00e9xico<\/a>.<br \/>\n <a rel=\"nofollow\" href=\"https:\/\/www.forbes.com.mx\/lo-bueno-y-malo-de-la-economia-mexicana-en-la-era-amlo-segun-coparmex\/\">Lo bueno y malo de la econom\u00eda mexicana en la era AMLO, seg\u00fan Coparmex<\/a><\/p>\n<div><img fetchpriority=\"high\" decoding=\"async\" width=\"1280\" height=\"720\" src=\"https:\/\/cdn.forbes.com.mx\/2019\/02\/AMLO-CCE.jpg\" class=\"attachment-full size-full wp-post-image\" alt=\"Andr\u00e9s Manuel L\u00f3pez obrador, en su discurso. Foto: Fernando Luna Arce\/Forbes M\u00e9xico.\" style=\"margin-bottom: 15px;\" srcset=\"https:\/\/cdn.forbes.com.mx\/2019\/02\/AMLO-CCE.jpg 1280w, https:\/\/cdn.forbes.com.mx\/2019\/02\/AMLO-CCE-300x169.jpg 300w, https:\/\/cdn.forbes.com.mx\/2019\/02\/AMLO-CCE-768x432.jpg 768w, https:\/\/cdn.forbes.com.mx\/2019\/02\/AMLO-CCE-1024x576.jpg 1024w, https:\/\/cdn.forbes.com.mx\/2019\/02\/AMLO-CCE-640x360.jpg 640w, https:\/\/cdn.forbes.com.mx\/2019\/02\/AMLO-CCE-320x180.jpg 320w\" sizes=\"(max-width: 1280px) 100vw, 1280px\" data-full-size=\"https:\/\/cdn.forbes.com.mx\/2019\/02\/AMLO-CCE.jpg\" data-caption=\"Foto: Fernando Luna Arce \/ Forbes M\u00e9xico.\" data-description=\"\" \/><\/div>\n<p>Organismos internacionales, calificadoras e institutos de finanzas mexicanos han hecho ajustes a la baja en sus expectativas de crecimiento econ\u00f3mico del pa\u00eds; sin embargo, el pa\u00eds contin\u00faa avanzando en t\u00e9rminos econ\u00f3micos, afirma Jos\u00e9 Medina Mora, vicepresidente de Fortalecimiento Estructural de <a href=\"https:\/\/www.forbes.com.mx\/necesario-preservar-la-paz-laboral-en-mexico-coparmex\/\">Coparmex<\/a>.<\/p>\n<p>\u201cM\u00e9xico sigue creciendo y eso es importante destacar, aunque sea menos de lo que est\u00e1bamos creciendo. Al principio hab\u00eda dicho que la econom\u00eda pod\u00eda crecer 2.2% ahora se ajust\u00f3 a 1.4%, la regi\u00f3n de Centro Occidente y Baj\u00edo crecer\u00e1 arriba de 4%, en el sureste hay estados con crecimiento negativo y este 1.4% es un promedio, entonces es importante ver que el pa\u00eds sigue creciendo aunque sea de forma disparejo\u201d, apunt\u00f3 el l\u00edder empresarial.<span class=\"Apple-converted-space\">\u00a0<\/span><\/p>\n<p>Medina Mora se refiere a que la semana pasada el Instituto Mexicano de Ejecutivos de Finanzas (IMEF) anunci\u00f3 un ajuste a la baja de sus expectativas de crecimiento econ\u00f3mico del pa\u00eds, al pasar de 1.4% a 1.2% del PIB.<\/p>\n<p><strong>Lee tambi\u00e9n:\u00a0<a href=\"https:\/\/www.forbes.com.mx\/shcp-preciterios-2020-expectativas-economia-mexicana-amlo\/\" target=\"_blank\" rel=\"noopener noreferrer\">Hacienda prev\u00e9 que econom\u00eda crecer\u00e1 menos de lo que espera AMLO en 2019<\/a><\/strong><\/p>\n<p>Sin embargo, en los m\u00e1s de seis meses del gobierno de Andr\u00e9s Manuel L\u00f3pez Obrador hay claroscuros en las decisiones de gobierno, afirmo.<span class=\"Apple-converted-space\">\u00a0<\/span><\/p>\n<p>Una de los puntos positivos de la gesti\u00f3n de AMLO es que se ha mantenido un \u201csano equilibrio fiscal y financiero\u201d.<span class=\"Apple-converted-space\">\u00a0<\/span><\/p>\n<p>\u201cEsto nos permite que la econom\u00eda del pa\u00eds siga adelante, si se rompiera este equilibrio fiscal, ser\u00eda una manera de deteriorar la econom\u00eda\u201d, detall\u00f3<span class=\"Apple-converted-space\">\u00a0<\/span><\/p>\n<p>Otro elemento a favor de la administraci\u00f3n actual son los acuerdos entre la iniciativa privada y las autoridades locales de Quer\u00e9taro, Guanajuato, San Luis, Aguascalientes y Jalisco para implsar el desarrollo en bloque, por lo que se espera que en esta regi\u00f3n se registre un crecimiento economico de 4.5%.<span class=\"Apple-converted-space\">\u00a0<\/span><\/p>\n<p>Pero hay preocupaciones muy especificas en el sector empresarial en torno a las decisiones del gobierno de L\u00f3pez Obrador, que podr\u00edan no estar apoyando al desarrollo econ\u00f3mico del pa\u00eds.<span class=\"Apple-converted-space\">\u00a0<\/span><\/p>\n<p>\u201cAlgunos indicadores que dicen que hay que hacer correcciones, el hecho de que tanto Fitch Ratings,\u00a0 Moody&#8217;s y otras agencias internacionales hayan rebajado la calificaci\u00f3n de la CFE y Pemex esto no hab\u00eda sucedido en 10 a\u00f1os, pues es alarmante. Porque es algo de como se ve PEMEX y la Comisi\u00f3n Federal desde afuera\u201d, apunt\u00f3 el integrante de Coparmex.<span class=\"Apple-converted-space\">\u00a0<\/span><\/p>\n<p><strong>Te puede interesar:\u00a0<a href=\"https:\/\/www.forbes.com.mx\/pemex-buscara-2500-millones-de-dolares-para-refinanciar-deuda-durante-2019\/\" target=\"_blank\" rel=\"noopener noreferrer\">Pemex buscar\u00e1 2,500 millones de d\u00f3lares para refinanciar deuda durante 2019<\/a><\/strong><\/p>\n<p>Si la deuda de Pemex, que asciende a 106,000 millones de d\u00f3lares, pierde su grado de inversi\u00f3n podr\u00eda \u201carrastrar\u201d la deuda del pa\u00eds, afirm\u00f3.<span class=\"Apple-converted-space\">\u00a0<\/span><\/p>\n<p>Agreg\u00f3 que a\u00fan no se est\u00e1n generando condiciones de confianza para la inversi\u00f3n privada y que con ellos avance el crecimiento econ\u00f3mico y la generaci\u00f3n de empleos.<\/p>\n<p>La semana pasada el IMSS dio a conocer que en mayo se registraron 3,983 que representa una ca\u00edda de 88.3% en comparaci\u00f3n al mismo mes de 2018. Adem\u00e1s, detall\u00f3 que, aunque se registraron 40,664 nuevos empleos permanentes se perdieron 36,861 empleos eventuales.<\/p>\n<p>\u201cEl empleo se genera a partir de que hay inversiones, tenemos que ir un poco m\u00e1s afondo para decir por qu\u00e9 no se est\u00e1n dando las inversiones, como lo se\u00f1alas no es suficiente que se hayan generado ya en los primeros cinco meses 303,000 empleos, sobre todo pensando que los 300,000 ya los ten\u00edamos hasta abril que es una cifra m\u00ednima que se da en el mes de mayo\u201d, se\u00f1al\u00f3 Medina Mora.<span class=\"Apple-converted-space\">\u00a0<\/span><\/p>\n<p>El l\u00edder empresarial record\u00f3 que en marzo de este a\u00f1o el INEGI report\u00f3 una ca\u00edda de la inversi\u00f3n del orden de 6%.<span class=\"Apple-converted-space\">\u00a0<\/span><\/p>\n<p>En ese sentido se\u00f1al\u00f3 la necesidad de generar un ambiente de confianza para los inversionistas basado en la credibilidad en la toma de las decisiones del gobierno, el Estado de Derecho y la credibilidad.<span class=\"Apple-converted-space\">\u00a0<\/span><\/p>\n<p><a rel=\"nofollow\" href=\"https:\/\/www.forbes.com.mx\/lo-bueno-y-malo-de-la-economia-mexicana-en-la-era-amlo-segun-coparmex\/\">Lo bueno y malo de la econom\u00eda mexicana en la era AMLO, seg\u00fan Coparmex<\/a><br \/>\n<a rel=\"nofollow\" href=\"https:\/\/www.forbes.com.mx\/author\/fernanda-navarro\/\">Mar\u00eda Fernanda Navarro<\/a><\/p>\n<\/div>\n<\/div>","protected":false},"excerpt":{"rendered":"<p>Forbes M\u00e9xico. Lo bueno y malo de la econom\u00eda mexicana en la era AMLO, seg\u00fan Coparmex Organismos internacionales, calificadoras e institutos de finanzas mexicanos han hecho ajustes a la baja en sus expectativas de crecimiento econ\u00f3mico del pa\u00eds; sin embargo, el pa\u00eds contin\u00faa avanzando en t\u00e9rminos econ\u00f3micos, afirma Jos\u00e9 Medina Mora, vicepresidente de Fortalecimiento Estructural [&hellip;]<\/p>","protected":false},"author":91,"featured_media":0,"comment_status":"open","ping_status":"open","sticky":false,"template":"","format":"standard","meta":{"site-sidebar-layout":"default","site-content-layout":"","ast-site-content-layout":"","site-content-style":"default","site-sidebar-style":"default","ast-global-header-display":"","ast-banner-title-visibility":"","ast-main-header-display":"","ast-hfb-above-header-display":"","ast-hfb-below-header-display":"","ast-hfb-mobile-header-display":"","site-post-title":"","ast-breadcrumbs-content":"","ast-featured-img":"","footer-sml-layout":"","theme-transparent-header-meta":"","adv-header-id-meta":"","stick-header-meta":"","header-above-stick-meta":"","header-main-stick-meta":"","header-below-stick-meta":"","astra-migrate-meta-layouts":"default","ast-page-background-enabled":"default","ast-page-background-meta":{"desktop":{"background-color":"","background-image":"","background-repeat":"repeat","background-position":"center center","background-size":"auto","background-attachment":"scroll","background-type":"","background-media":"","overlay-type":"","overlay-color":"","overlay-opacity":"","overlay-gradient":""},"tablet":{"background-color":"","background-image":"","background-repeat":"repeat","background-position":"center center","background-size":"auto","background-attachment":"scroll","background-type":"","background-media":"","overlay-type":"","overlay-color":"","overlay-opacity":"","overlay-gradient":""},"mobile":{"background-color":"","background-image":"","background-repeat":"repeat","background-position":"center center","background-size":"auto","background-attachment":"scroll","background-type":"","background-media":"","overlay-type":"","overlay-color":"","overlay-opacity":"","overlay-gradient":""}},"ast-content-background-meta":{"desktop":{"background-color":"var(--ast-global-color-5)","background-image":"","background-repeat":"repeat","background-position":"center center","background-size":"auto","background-attachment":"scroll","background-type":"","background-media":"","overlay-type":"","overlay-color":"","overlay-opacity":"","overlay-gradient":""},"tablet":{"background-color":"var(--ast-global-color-5)","background-image":"","background-repeat":"repeat","background-position":"center center","background-size":"auto","background-attachment":"scroll","background-type":"","background-media":"","overlay-type":"","overlay-color":"","overlay-opacity":"","overlay-gradient":""},"mobile":{"background-color":"var(--ast-global-color-5)","background-image":"","background-repeat":"repeat","background-position":"center center","background-size":"auto","background-attachment":"scroll","background-type":"","background-media":"","overlay-type":"","overlay-color":"","overlay-opacity":"","overlay-gradient":""}},"footnotes":""},"categories":[1],"tags":[],"class_list":["post-3166","post","type-post","status-publish","format-standard","hentry","category-uncategorized"],"_links":{"self":[{"href":"https:\/\/enlacescorporativos.com\/en\/wp-json\/wp\/v2\/posts\/3166","targetHints":{"allow":["GET"]}}],"collection":[{"href":"https:\/\/enlacescorporativos.com\/en\/wp-json\/wp\/v2\/posts"}],"about":[{"href":"https:\/\/enlacescorporativos.com\/en\/wp-json\/wp\/v2\/types\/post"}],"author":[{"embeddable":true,"href":"https:\/\/enlacescorporativos.com\/en\/wp-json\/wp\/v2\/users\/91"}],"replies":[{"embeddable":true,"href":"https:\/\/enlacescorporativos.com\/en\/wp-json\/wp\/v2\/comments?post=3166"}],"version-history":[{"count":0,"href":"https:\/\/enlacescorporativos.com\/en\/wp-json\/wp\/v2\/posts\/3166\/revisions"}],"wp:attachment":[{"href":"https:\/\/enlacescorporativos.com\/en\/wp-json\/wp\/v2\/media?parent=3166"}],"wp:term":[{"taxonomy":"category","embeddable":true,"href":"https:\/\/enlacescorporativos.com\/en\/wp-json\/wp\/v2\/categories?post=3166"},{"taxonomy":"post_tag","embeddable":true,"href":"https:\/\/enlacescorporativos.com\/en\/wp-json\/wp\/v2\/tags?post=3166"}],"curies":[{"name":"wp","href":"https:\/\/api.w.org\/{rel}","templated":true}]}}