{"id":3192,"date":"2019-06-24T13:07:24","date_gmt":"2019-06-24T18:07:24","guid":{"rendered":"https:\/\/enlacescorporativos.com\/?p=3192"},"modified":"2019-06-24T13:07:24","modified_gmt":"2019-06-24T18:07:24","slug":"frida-la-perrita-simbolo-del-19-s-se-jubila-de-la-marina","status":"publish","type":"post","link":"https:\/\/enlacescorporativos.com\/en\/2019\/06\/24\/frida-la-perrita-simbolo-del-19-s-se-jubila-de-la-marina\/","title":{"rendered":"\u2018Frida\u2019, la perrita s\u00edmbolo del 19-S, se jubila de la Marina"},"content":{"rendered":"<div><img src='https:\/\/cdn.forbes.com.mx\/2019\/06\/frida.jpg' style='max-width:600px;' \/><\/p>\n<div>\n<p><a rel=\"nofollow\" href=\"https:\/\/www.forbes.com.mx\">Forbes M\u00e9xico<\/a>.<br \/>\n <a rel=\"nofollow\" href=\"https:\/\/www.forbes.com.mx\/frida-la-perrita-simbolo-del-19-s-se-jubila-de-la-marina\/\">&#8216;Frida&#8217;, la perrita s\u00edmbolo del 19-S, se jubila de la Marina<\/a><\/p>\n<div><img fetchpriority=\"high\" decoding=\"async\" width=\"2000\" height=\"1125\" src=\"https:\/\/cdn.forbes.com.mx\/2019\/06\/frida.jpg\" class=\"attachment-full size-full wp-post-image\" alt=\"\" style=\"margin-bottom: 15px;\" srcset=\"https:\/\/cdn.forbes.com.mx\/2019\/06\/frida.jpg 2000w, https:\/\/cdn.forbes.com.mx\/2019\/06\/frida-300x169.jpg 300w, https:\/\/cdn.forbes.com.mx\/2019\/06\/frida-768x432.jpg 768w, https:\/\/cdn.forbes.com.mx\/2019\/06\/frida-1024x576.jpg 1024w, https:\/\/cdn.forbes.com.mx\/2019\/06\/frida-600x338.jpg 600w, https:\/\/cdn.forbes.com.mx\/2019\/06\/frida-200x113.jpg 200w, https:\/\/cdn.forbes.com.mx\/2019\/06\/frida-1280x720.jpg 1280w, https:\/\/cdn.forbes.com.mx\/2019\/06\/frida-640x360.jpg 640w, https:\/\/cdn.forbes.com.mx\/2019\/06\/frida-320x180.jpg 320w\" sizes=\"(max-width: 2000px) 100vw, 2000px\" data-full-size=\"https:\/\/cdn.forbes.com.mx\/2019\/06\/frida.jpg\" data-caption=\"Foto: Notimex\" data-description=\"\" \/><\/div>\n<p><strong>Notimex.-<\/strong> \u201cFrida\u201d, la perrita que se hizo famosa por participar en el rescate de v\u00edctimas de los sismos de septiembre de 2017, se jubil\u00f3 de la Unidad Canina de la Secretar\u00eda de Marina Armada de M\u00e9xico (Semar).<\/p>\n<p>En la ceremonia en conmemoraci\u00f3n por el D\u00eda Internacional del Rescatista, la Marina destac\u00f3 la labor de la veterana adscrita al Departamento de Control Canino de la dependencia, ubicada en la alcald\u00eda Coyoac\u00e1n, en la Ciudad de M\u00e9xico.<\/p>\n<p>\u201cFrida\u201d, quien naci\u00f3 hace 10 a\u00f1os y tiene una edad canina de 70, continuar\u00e1 en esas instalaciones para colaborar con el entrenamiento de los nuevos elementos caninos en la b\u00fasqueda t\u00e9cnica, como es el caso de los hermanos \u201cEcko\u201d y \u201cEvil\u201d, dos j\u00f3venes pastores belgas malinois que destacan por su vigor, agilidad e inteligencia.<\/p>\n<p>Junto con \u201cEcko\u201d y \u201cEvil\u201d, la perrita que se convirti\u00f3 en un s\u00edmbolo form\u00f3 parte de los equipos que acudieron a las labores de rescate llevadas a cabo por la Marina Armada de M\u00e9xico tras los sismos de septiembre de 2017 en la capital del pa\u00eds.<\/p>\n<p>De acuerdo con informaci\u00f3n de la Semar, la perrita labrador cuenta con 53 localizaciones en estructuras colapsadas y deslaves: 12 fueron de personas vivas y 41 de fallecidas. Las v\u00edctimas vivas corresponden a rescates en Hait\u00ed, tras el sismo el 12 de enero de 2010.<\/p>\n<p>Tambi\u00e9n apoy\u00f3 en la b\u00fasqueda de v\u00edctimas durante la explosi\u00f3n en la Torre de Pemex, el 31 de enero de 2013, en la colonia Anzures, alcald\u00eda Miguel Hidalgo; el deslave de Guatemala, el 7 de noviembre de 2012; el sismo de Ecuador el 16 de abril de 2016.<\/p>\n<p>En M\u00e9xico, adem\u00e1s, tuvo una participaci\u00f3n activa en Juchit\u00e1n, Oaxaca, tras los sismos del 7 de septiembre de 2017, tambi\u00e9n acompa\u00f1ada por \u201cEcko\u201d y \u201cEvil\u201d.<\/p>\n<p>Ello le vali\u00f3 el cari\u00f1o y el reconocimiento de miles de mexicanos que vieron en ella al s\u00edmbolo de la solidaridad y fortaleza de los mexicanos ante la tragedia.<\/p>\n<p><em><strong>Te recomendamos:<\/strong> <\/em><\/p>\n<blockquote class=\"wp-embedded-content\" data-secret=\"kmP8SxSsJ7\">\n<p><a href=\"https:\/\/www.forbes.com.mx\/desconocen-autoridades-situacion-de-negocios-afectados-por-sismo-del-19s\/\">Desconocen autoridades situaci\u00f3n de negocios afectados por sismo del 19S<\/a><\/p>\n<\/blockquote>\n<p><iframe class=\"embed-responsive-item\"  title=\"&#8220;Desconocen autoridades situaci\u00f3n de negocios afectados por sismo del 19S&#8221; &#8212; Forbes M\u00e9xico\" sandbox=\"allow-scripts\" security=\"restricted\" style=\"position: absolute; clip: rect(1px, 1px, 1px, 1px);\" src=\"https:\/\/www.forbes.com.mx\/desconocen-autoridades-situacion-de-negocios-afectados-por-sismo-del-19s\/embed\/#?secret=kmP8SxSsJ7\" data-secret=\"kmP8SxSsJ7\" width=\"600\" height=\"338\" frameborder=\"0\" marginwidth=\"0\" marginheight=\"0\" scrolling=\"no\"><\/iframe><\/p>\n<p><a rel=\"nofollow\" href=\"https:\/\/www.forbes.com.mx\/frida-la-perrita-simbolo-del-19-s-se-jubila-de-la-marina\/\">&#8216;Frida&#8217;, la perrita s\u00edmbolo del 19-S, se jubila de la Marina<\/a><br \/>\n<a rel=\"nofollow\" href=\"https:\/\/www.forbes.com.mx\/author\/forbes-staff\/\">Forbes Staff<\/a><\/p>\n<\/div>\n<\/div>","protected":false},"excerpt":{"rendered":"<p>Forbes M\u00e9xico. &#8216;Frida&#8217;, la perrita s\u00edmbolo del 19-S, se jubila de la Marina Notimex.- \u201cFrida\u201d, la perrita que se hizo famosa por participar en el rescate de v\u00edctimas de los sismos de septiembre de 2017, se jubil\u00f3 de la Unidad Canina de la Secretar\u00eda de Marina Armada de M\u00e9xico (Semar). En la ceremonia en conmemoraci\u00f3n [&hellip;]<\/p>","protected":false},"author":91,"featured_media":0,"comment_status":"open","ping_status":"open","sticky":false,"template":"","format":"standard","meta":{"site-sidebar-layout":"default","site-content-layout":"","ast-site-content-layout":"","site-content-style":"default","site-sidebar-style":"default","ast-global-header-display":"","ast-banner-title-visibility":"","ast-main-header-display":"","ast-hfb-above-header-display":"","ast-hfb-below-header-display":"","ast-hfb-mobile-header-display":"","site-post-title":"","ast-breadcrumbs-content":"","ast-featured-img":"","footer-sml-layout":"","theme-transparent-header-meta":"","adv-header-id-meta":"","stick-header-meta":"","header-above-stick-meta":"","header-main-stick-meta":"","header-below-stick-meta":"","astra-migrate-meta-layouts":"default","ast-page-background-enabled":"default","ast-page-background-meta":{"desktop":{"background-color":"","background-image":"","background-repeat":"repeat","background-position":"center center","background-size":"auto","background-attachment":"scroll","background-type":"","background-media":"","overlay-type":"","overlay-color":"","overlay-opacity":"","overlay-gradient":""},"tablet":{"background-color":"","background-image":"","background-repeat":"repeat","background-position":"center center","background-size":"auto","background-attachment":"scroll","background-type":"","background-media":"","overlay-type":"","overlay-color":"","overlay-opacity":"","overlay-gradient":""},"mobile":{"background-color":"","background-image":"","background-repeat":"repeat","background-position":"center center","background-size":"auto","background-attachment":"scroll","background-type":"","background-media":"","overlay-type":"","overlay-color":"","overlay-opacity":"","overlay-gradient":""}},"ast-content-background-meta":{"desktop":{"background-color":"var(--ast-global-color-5)","background-image":"","background-repeat":"repeat","background-position":"center center","background-size":"auto","background-attachment":"scroll","background-type":"","background-media":"","overlay-type":"","overlay-color":"","overlay-opacity":"","overlay-gradient":""},"tablet":{"background-color":"var(--ast-global-color-5)","background-image":"","background-repeat":"repeat","background-position":"center center","background-size":"auto","background-attachment":"scroll","background-type":"","background-media":"","overlay-type":"","overlay-color":"","overlay-opacity":"","overlay-gradient":""},"mobile":{"background-color":"var(--ast-global-color-5)","background-image":"","background-repeat":"repeat","background-position":"center center","background-size":"auto","background-attachment":"scroll","background-type":"","background-media":"","overlay-type":"","overlay-color":"","overlay-opacity":"","overlay-gradient":""}},"footnotes":""},"categories":[1],"tags":[],"class_list":["post-3192","post","type-post","status-publish","format-standard","hentry","category-uncategorized"],"_links":{"self":[{"href":"https:\/\/enlacescorporativos.com\/en\/wp-json\/wp\/v2\/posts\/3192","targetHints":{"allow":["GET"]}}],"collection":[{"href":"https:\/\/enlacescorporativos.com\/en\/wp-json\/wp\/v2\/posts"}],"about":[{"href":"https:\/\/enlacescorporativos.com\/en\/wp-json\/wp\/v2\/types\/post"}],"author":[{"embeddable":true,"href":"https:\/\/enlacescorporativos.com\/en\/wp-json\/wp\/v2\/users\/91"}],"replies":[{"embeddable":true,"href":"https:\/\/enlacescorporativos.com\/en\/wp-json\/wp\/v2\/comments?post=3192"}],"version-history":[{"count":0,"href":"https:\/\/enlacescorporativos.com\/en\/wp-json\/wp\/v2\/posts\/3192\/revisions"}],"wp:attachment":[{"href":"https:\/\/enlacescorporativos.com\/en\/wp-json\/wp\/v2\/media?parent=3192"}],"wp:term":[{"taxonomy":"category","embeddable":true,"href":"https:\/\/enlacescorporativos.com\/en\/wp-json\/wp\/v2\/categories?post=3192"},{"taxonomy":"post_tag","embeddable":true,"href":"https:\/\/enlacescorporativos.com\/en\/wp-json\/wp\/v2\/tags?post=3192"}],"curies":[{"name":"wp","href":"https:\/\/api.w.org\/{rel}","templated":true}]}}