{"id":3230,"date":"2019-06-24T19:37:21","date_gmt":"2019-06-25T00:37:21","guid":{"rendered":"https:\/\/enlacescorporativos.com\/?p=3230"},"modified":"2019-06-24T19:37:21","modified_gmt":"2019-06-25T00:37:21","slug":"trump-tendra-al-menos-ocho-reuniones-bilaterales-durante-el-g-20","status":"publish","type":"post","link":"https:\/\/enlacescorporativos.com\/en\/2019\/06\/24\/trump-tendra-al-menos-ocho-reuniones-bilaterales-durante-el-g-20\/","title":{"rendered":"Trump tendr\u00e1 al menos ocho reuniones bilaterales durante el G-20"},"content":{"rendered":"<div><img src='https:\/\/cdn.forbes.com.mx\/2018\/11\/trump.jpg1_.jpg' style='max-width:600px;' \/><\/p>\n<div>\n<p><a rel=\"nofollow\" href=\"https:\/\/www.forbes.com.mx\">Forbes M\u00e9xico<\/a>.<br \/>\n <a rel=\"nofollow\" href=\"https:\/\/www.forbes.com.mx\/trump-tendra-al-menos-ocho-reuniones-bilaterales-durante-el-g-20\/\">Trump tendr\u00e1 al menos ocho reuniones bilaterales durante el G-20<\/a><\/p>\n<div><img fetchpriority=\"high\" decoding=\"async\" width=\"1280\" height=\"720\" src=\"https:\/\/cdn.forbes.com.mx\/2018\/11\/trump.jpg1_.jpg\" class=\"attachment-full size-full wp-post-image\" alt=\"\" style=\"margin-bottom: 15px;\" srcset=\"https:\/\/cdn.forbes.com.mx\/2018\/11\/trump.jpg1_.jpg 1280w, https:\/\/cdn.forbes.com.mx\/2018\/11\/trump.jpg1_-300x169.jpg 300w, https:\/\/cdn.forbes.com.mx\/2018\/11\/trump.jpg1_-768x432.jpg 768w, https:\/\/cdn.forbes.com.mx\/2018\/11\/trump.jpg1_-1024x576.jpg 1024w, https:\/\/cdn.forbes.com.mx\/2018\/11\/trump.jpg1_-640x360.jpg 640w, https:\/\/cdn.forbes.com.mx\/2018\/11\/trump.jpg1_-320x180.jpg 320w\" sizes=\"(max-width: 1280px) 100vw, 1280px\" data-full-size=\"https:\/\/cdn.forbes.com.mx\/2018\/11\/trump.jpg1_.jpg\" data-caption=\"Foto: @realDonaldTrump\" data-description=\"\" \/><\/div>\n<p><strong>Reuters.-<\/strong> El presidente de Estados Unidos, Donald Trump, tiene previsto reunirse personalmente con al menos ocho l\u00edderes mundiales durante la cumbre del G20 esta semana en Osaka, Jap\u00f3n, dijo un alto funcionario del gobierno estadounidense.<\/p>\n<p>Trump conversar\u00e1 con el presidente de China, Xi Jinping; el presidente de Rusia, Vladimir Putin; el pr\u00edncipe heredero de la corona saud\u00ed, Mohammed bin Salman y el presidente de Turqu\u00eda, Tayyip Erdogan, dijo el funcionario, que no quiso entregar detalles, fechas u horarios.<\/p>\n<p>Trump tambi\u00e9n se reunir\u00e1 con la canciller alemana, Angela Merkel; el primer ministro de la India, Narendra Modi; el primer ministro de Australia, Scott Morrison y el primer ministro de Jap\u00f3n, Shinzo Abe, quien es el anfitri\u00f3n de la cumbre, dijo el funcionario a periodistas en una conferencia telef\u00f3nica.<\/p>\n<p><strong>Tambi\u00e9n te puede interesar:<\/strong><\/p>\n<blockquote class=\"wp-embedded-content\" data-secret=\"SL1QWXCk3P\">\n<p><a href=\"https:\/\/www.forbes.com.mx\/trump-ratifica-sanciones-contra-lider-irani-y-ocho-comandantes\/\">Trump ratifica sanciones contra l\u00edder iran\u00ed y ocho comandantes<\/a><\/p>\n<\/blockquote>\n<p><iframe class=\"embed-responsive-item\"  title=\"&#8220;Trump ratifica sanciones contra l\u00edder iran\u00ed y ocho comandantes&#8221; &#8212; Forbes M\u00e9xico\" sandbox=\"allow-scripts\" security=\"restricted\" style=\"position: absolute; clip: rect(1px, 1px, 1px, 1px);\" src=\"https:\/\/www.forbes.com.mx\/trump-ratifica-sanciones-contra-lider-irani-y-ocho-comandantes\/embed\/#?secret=SL1QWXCk3P\" data-secret=\"SL1QWXCk3P\" width=\"600\" height=\"338\" frameborder=\"0\" marginwidth=\"0\" marginheight=\"0\" scrolling=\"no\"><\/iframe><\/p>\n<p><a rel=\"nofollow\" href=\"https:\/\/www.forbes.com.mx\/trump-tendra-al-menos-ocho-reuniones-bilaterales-durante-el-g-20\/\">Trump tendr\u00e1 al menos ocho reuniones bilaterales durante el G-20<\/a><br \/>\n<a rel=\"nofollow\" href=\"https:\/\/www.forbes.com.mx\/author\/forbes-staff\/\">Forbes Staff<\/a><\/p>\n<\/div>\n<\/div>","protected":false},"excerpt":{"rendered":"<p>Forbes M\u00e9xico. Trump tendr\u00e1 al menos ocho reuniones bilaterales durante el G-20 Reuters.- El presidente de Estados Unidos, Donald Trump, tiene previsto reunirse personalmente con al menos ocho l\u00edderes mundiales durante la cumbre del G20 esta semana en Osaka, Jap\u00f3n, dijo un alto funcionario del gobierno estadounidense. Trump conversar\u00e1 con el presidente de China, Xi [&hellip;]<\/p>","protected":false},"author":91,"featured_media":0,"comment_status":"open","ping_status":"open","sticky":false,"template":"","format":"standard","meta":{"site-sidebar-layout":"default","site-content-layout":"","ast-site-content-layout":"","site-content-style":"default","site-sidebar-style":"default","ast-global-header-display":"","ast-banner-title-visibility":"","ast-main-header-display":"","ast-hfb-above-header-display":"","ast-hfb-below-header-display":"","ast-hfb-mobile-header-display":"","site-post-title":"","ast-breadcrumbs-content":"","ast-featured-img":"","footer-sml-layout":"","theme-transparent-header-meta":"","adv-header-id-meta":"","stick-header-meta":"","header-above-stick-meta":"","header-main-stick-meta":"","header-below-stick-meta":"","astra-migrate-meta-layouts":"default","ast-page-background-enabled":"default","ast-page-background-meta":{"desktop":{"background-color":"","background-image":"","background-repeat":"repeat","background-position":"center center","background-size":"auto","background-attachment":"scroll","background-type":"","background-media":"","overlay-type":"","overlay-color":"","overlay-opacity":"","overlay-gradient":""},"tablet":{"background-color":"","background-image":"","background-repeat":"repeat","background-position":"center center","background-size":"auto","background-attachment":"scroll","background-type":"","background-media":"","overlay-type":"","overlay-color":"","overlay-opacity":"","overlay-gradient":""},"mobile":{"background-color":"","background-image":"","background-repeat":"repeat","background-position":"center center","background-size":"auto","background-attachment":"scroll","background-type":"","background-media":"","overlay-type":"","overlay-color":"","overlay-opacity":"","overlay-gradient":""}},"ast-content-background-meta":{"desktop":{"background-color":"var(--ast-global-color-5)","background-image":"","background-repeat":"repeat","background-position":"center center","background-size":"auto","background-attachment":"scroll","background-type":"","background-media":"","overlay-type":"","overlay-color":"","overlay-opacity":"","overlay-gradient":""},"tablet":{"background-color":"var(--ast-global-color-5)","background-image":"","background-repeat":"repeat","background-position":"center center","background-size":"auto","background-attachment":"scroll","background-type":"","background-media":"","overlay-type":"","overlay-color":"","overlay-opacity":"","overlay-gradient":""},"mobile":{"background-color":"var(--ast-global-color-5)","background-image":"","background-repeat":"repeat","background-position":"center center","background-size":"auto","background-attachment":"scroll","background-type":"","background-media":"","overlay-type":"","overlay-color":"","overlay-opacity":"","overlay-gradient":""}},"footnotes":""},"categories":[1],"tags":[],"class_list":["post-3230","post","type-post","status-publish","format-standard","hentry","category-uncategorized"],"_links":{"self":[{"href":"https:\/\/enlacescorporativos.com\/en\/wp-json\/wp\/v2\/posts\/3230","targetHints":{"allow":["GET"]}}],"collection":[{"href":"https:\/\/enlacescorporativos.com\/en\/wp-json\/wp\/v2\/posts"}],"about":[{"href":"https:\/\/enlacescorporativos.com\/en\/wp-json\/wp\/v2\/types\/post"}],"author":[{"embeddable":true,"href":"https:\/\/enlacescorporativos.com\/en\/wp-json\/wp\/v2\/users\/91"}],"replies":[{"embeddable":true,"href":"https:\/\/enlacescorporativos.com\/en\/wp-json\/wp\/v2\/comments?post=3230"}],"version-history":[{"count":0,"href":"https:\/\/enlacescorporativos.com\/en\/wp-json\/wp\/v2\/posts\/3230\/revisions"}],"wp:attachment":[{"href":"https:\/\/enlacescorporativos.com\/en\/wp-json\/wp\/v2\/media?parent=3230"}],"wp:term":[{"taxonomy":"category","embeddable":true,"href":"https:\/\/enlacescorporativos.com\/en\/wp-json\/wp\/v2\/categories?post=3230"},{"taxonomy":"post_tag","embeddable":true,"href":"https:\/\/enlacescorporativos.com\/en\/wp-json\/wp\/v2\/tags?post=3230"}],"curies":[{"name":"wp","href":"https:\/\/api.w.org\/{rel}","templated":true}]}}