{"id":3350,"date":"2019-06-26T06:30:48","date_gmt":"2019-06-26T11:30:48","guid":{"rendered":"https:\/\/enlacescorporativos.com\/?p=3350"},"modified":"2019-06-26T06:30:48","modified_gmt":"2019-06-26T11:30:48","slug":"la-resiliencia-laboral-una-necesidad-real-global","status":"publish","type":"post","link":"https:\/\/enlacescorporativos.com\/en\/2019\/06\/26\/la-resiliencia-laboral-una-necesidad-real-global\/","title":{"rendered":"La resiliencia laboral, una necesidad real global"},"content":{"rendered":"<div><img src='https:\/\/cdn.forbes.com.mx\/2017\/10\/millennials2.jpg' style='max-width:600px;' \/><\/p>\n<div>\n<p><a rel=\"nofollow\" href=\"https:\/\/www.forbes.com.mx\">Forbes M\u00e9xico<\/a>.<br \/>\n <a rel=\"nofollow\" href=\"https:\/\/www.forbes.com.mx\/la-resiliencia-laboral-una-necesidad-real-global\/\">La resiliencia laboral, una necesidad real global<\/a><\/p>\n<div><img fetchpriority=\"high\" decoding=\"async\" width=\"1280\" height=\"720\" src=\"https:\/\/cdn.forbes.com.mx\/2017\/10\/millennials2.jpg\" class=\"attachment-full size-full wp-post-image\" alt=\"Millennials sexo\" style=\"margin-bottom: 15px;\" srcset=\"https:\/\/cdn.forbes.com.mx\/2017\/10\/millennials2.jpg 1280w, https:\/\/cdn.forbes.com.mx\/2017\/10\/millennials2-300x169.jpg 300w, https:\/\/cdn.forbes.com.mx\/2017\/10\/millennials2-768x432.jpg 768w, https:\/\/cdn.forbes.com.mx\/2017\/10\/millennials2-1024x576.jpg 1024w, https:\/\/cdn.forbes.com.mx\/2017\/10\/millennials2-640x360.jpg 640w, https:\/\/cdn.forbes.com.mx\/2017\/10\/millennials2-320x180.jpg 320w\" sizes=\"(max-width: 1280px) 100vw, 1280px\" data-full-size=\"https:\/\/cdn.forbes.com.mx\/2017\/10\/millennials2.jpg\" data-caption=\"Foto: worthsapiens.com\" data-description=\"\" \/><\/div>\n<p>En las \u00faltimas d\u00e9cadas el mundo laboral ha dado un giro inesperado; las grandes trayectorias profesionales son cada vez menos lineales y m\u00e1s fragmentadas. De acuerdo con datos revelados recientemente por la red social LinkedIn, el promedio de cambios de trabajo en personas graduadas entre 1986 y 1990 era de dos veces durante los primeros diez a\u00f1os de carrera. Hoy los profesionales de 32 a\u00f1os o menos, son asiduos al \u201c<em>job hopping<\/em>\u201d (cambio frecuente de trabajo) con un promedio de al menos cuatro cambios en los primeros diez a\u00f1os.<\/p>\n<p>El modelo de carrera tradicional se est\u00e1 erosionando, el autoempleo y el trabajo &#8220;temporal&#8221; se est\u00e1 volviendo m\u00e1s com\u00fan entre diferentes industrias, esto significa que la responsabilidad de las decisiones financieras sobre seguros, ahorros y pensiones recae cada vez m\u00e1s en los propios trabajadores.<\/p>\n<p>El estudio \u201c<em>Perceptions on protection<\/em>\u201d (Percepciones sobre la protecci\u00f3n) desarrollado por Zurich Insurance Group y la Smith School of Enterprise and the Environment de la Universidad de Oxford en 15 pa\u00edses de Europa, Asia Pac\u00edfico, Am\u00e9rica del Norte y Am\u00e9rica Latina, creen que la soluci\u00f3n a este problema es crear una protecci\u00f3n oportuna para la fuerza laboral.<\/p>\n<p>Entre los resultados m\u00e1s reveladores puedo destacar que a nivel global, independientemente de la edad, la mayor\u00eda de los encuestados tiene un solo empleo. Sin embargo, los <em>millennials<\/em> m\u00e1s j\u00f3venes tienen una probabilidad significativamente menor de firmar contratos permanentes. Tambi\u00e9n se vio que las personas involucradas en tareas basadas en el conocimiento es m\u00e1s probable que tengan un contrato a tiempo completo.<\/p>\n<p>En datos de M\u00e9xico el 44% de los trabajadores encuestados dicen que tener suficiente dinero para la jubilaci\u00f3n es su mayor preocupaci\u00f3n financiera. Esta cifra es m\u00e1s baja entre los encuestados de 20 a\u00f1os (35%) y aumenta constantemente por grupo de edad, con m\u00e1s de 56% de los <em>baby boomers<\/em>.<\/p>\n<p>El conocimiento sobre el seguro de protecci\u00f3n de ingresos es relativamente alto, aunque la brecha de g\u00e9nero es m\u00e1s amplia, 32% de las mujeres contra 43% de los hombres. El autoempleo representa un alto 27 % de la fuerza laboral, y m\u00e1s de las tres cuartas partes de esta proporci\u00f3n entra dentro de la categor\u00eda de empleo informal.<\/p>\n<p><a href=\"https:\/\/www.forbes.com.mx\/los-desafios-que-afronta-el-sector-asegurador\/\" target=\"_blank\" rel=\"noopener noreferrer\">El mercado de seguros<\/a> mexicano tiene un valor de 23 mil millones de d\u00f3lares. Est\u00e1 dominado por los productos de vida, que representan alrededor del 45 % de las primas totales. S\u00f3lo el 28 % de la poblaci\u00f3n est\u00e1 asegurada (la penetraci\u00f3n de todos los tipos de seguro personal es del 24.8 % para las personas de 17 a 80 a\u00f1os). Aunque no existe una carencia de productos propiamente dicha, algunos productos existentes, como las pensiones, est\u00e1n poco desarrollados.<\/p>\n<p>Este escenario en nuestro pa\u00eds obliga a las empresas a anticiparse a las necesidades de una fuerza laboral sin precedentes. En Zurich M\u00e9xico capitalizamos nuestra experiencia en prevenci\u00f3n de riesgos para asegurar la transferencia oportuna del conocimiento y sentar las bases de la resiliencia como eje central del desarrollo profesional.<\/p>\n<p>&nbsp;<\/p>\n<p><strong>Contact<\/strong>:<\/p>\n<p>Correo:\u00a0zurich.comunica@mx.zurich.com<\/p>\n<p>P\u00e1gina web:\u00a0<a href=\"https:\/\/www.zurich.com.mx\/es-mx\/\" target=\"_blank\" rel=\"noopener noreferrer\">zurich.com.mx<\/a><\/p>\n<p><em>Las opiniones expresadas son s\u00f3lo responsabilidad de sus autores y son completamente independientes de la postura y la l\u00ednea editorial de\u00a0<strong>Forbes M\u00e9xico<\/strong><\/em>.<\/p>\n<p><a rel=\"nofollow\" href=\"https:\/\/www.forbes.com.mx\/la-resiliencia-laboral-una-necesidad-real-global\/\">La resiliencia laboral, una necesidad real global<\/a><br \/>\n<a rel=\"nofollow\" href=\"https:\/\/www.forbes.com.mx\/author\/javier-rodriguez\/\">Javier Rodr\u00edguez<\/a><\/p>\n<\/div>\n<\/div>","protected":false},"excerpt":{"rendered":"<p>Forbes M\u00e9xico. La resiliencia laboral, una necesidad real global En las \u00faltimas d\u00e9cadas el mundo laboral ha dado un giro inesperado; las grandes trayectorias profesionales son cada vez menos lineales y m\u00e1s fragmentadas. De acuerdo con datos revelados recientemente por la red social LinkedIn, el promedio de cambios de trabajo en personas graduadas entre 1986 [&hellip;]<\/p>","protected":false},"author":91,"featured_media":0,"comment_status":"open","ping_status":"open","sticky":false,"template":"","format":"standard","meta":{"site-sidebar-layout":"default","site-content-layout":"","ast-site-content-layout":"","site-content-style":"default","site-sidebar-style":"default","ast-global-header-display":"","ast-banner-title-visibility":"","ast-main-header-display":"","ast-hfb-above-header-display":"","ast-hfb-below-header-display":"","ast-hfb-mobile-header-display":"","site-post-title":"","ast-breadcrumbs-content":"","ast-featured-img":"","footer-sml-layout":"","theme-transparent-header-meta":"","adv-header-id-meta":"","stick-header-meta":"","header-above-stick-meta":"","header-main-stick-meta":"","header-below-stick-meta":"","astra-migrate-meta-layouts":"default","ast-page-background-enabled":"default","ast-page-background-meta":{"desktop":{"background-color":"","background-image":"","background-repeat":"repeat","background-position":"center center","background-size":"auto","background-attachment":"scroll","background-type":"","background-media":"","overlay-type":"","overlay-color":"","overlay-opacity":"","overlay-gradient":""},"tablet":{"background-color":"","background-image":"","background-repeat":"repeat","background-position":"center center","background-size":"auto","background-attachment":"scroll","background-type":"","background-media":"","overlay-type":"","overlay-color":"","overlay-opacity":"","overlay-gradient":""},"mobile":{"background-color":"","background-image":"","background-repeat":"repeat","background-position":"center center","background-size":"auto","background-attachment":"scroll","background-type":"","background-media":"","overlay-type":"","overlay-color":"","overlay-opacity":"","overlay-gradient":""}},"ast-content-background-meta":{"desktop":{"background-color":"var(--ast-global-color-5)","background-image":"","background-repeat":"repeat","background-position":"center center","background-size":"auto","background-attachment":"scroll","background-type":"","background-media":"","overlay-type":"","overlay-color":"","overlay-opacity":"","overlay-gradient":""},"tablet":{"background-color":"var(--ast-global-color-5)","background-image":"","background-repeat":"repeat","background-position":"center center","background-size":"auto","background-attachment":"scroll","background-type":"","background-media":"","overlay-type":"","overlay-color":"","overlay-opacity":"","overlay-gradient":""},"mobile":{"background-color":"var(--ast-global-color-5)","background-image":"","background-repeat":"repeat","background-position":"center center","background-size":"auto","background-attachment":"scroll","background-type":"","background-media":"","overlay-type":"","overlay-color":"","overlay-opacity":"","overlay-gradient":""}},"footnotes":""},"categories":[1],"tags":[],"class_list":["post-3350","post","type-post","status-publish","format-standard","hentry","category-uncategorized"],"_links":{"self":[{"href":"https:\/\/enlacescorporativos.com\/en\/wp-json\/wp\/v2\/posts\/3350","targetHints":{"allow":["GET"]}}],"collection":[{"href":"https:\/\/enlacescorporativos.com\/en\/wp-json\/wp\/v2\/posts"}],"about":[{"href":"https:\/\/enlacescorporativos.com\/en\/wp-json\/wp\/v2\/types\/post"}],"author":[{"embeddable":true,"href":"https:\/\/enlacescorporativos.com\/en\/wp-json\/wp\/v2\/users\/91"}],"replies":[{"embeddable":true,"href":"https:\/\/enlacescorporativos.com\/en\/wp-json\/wp\/v2\/comments?post=3350"}],"version-history":[{"count":0,"href":"https:\/\/enlacescorporativos.com\/en\/wp-json\/wp\/v2\/posts\/3350\/revisions"}],"wp:attachment":[{"href":"https:\/\/enlacescorporativos.com\/en\/wp-json\/wp\/v2\/media?parent=3350"}],"wp:term":[{"taxonomy":"category","embeddable":true,"href":"https:\/\/enlacescorporativos.com\/en\/wp-json\/wp\/v2\/categories?post=3350"},{"taxonomy":"post_tag","embeddable":true,"href":"https:\/\/enlacescorporativos.com\/en\/wp-json\/wp\/v2\/tags?post=3350"}],"curies":[{"name":"wp","href":"https:\/\/api.w.org\/{rel}","templated":true}]}}