{"id":3390,"date":"2019-06-26T11:01:16","date_gmt":"2019-06-26T16:01:16","guid":{"rendered":"https:\/\/enlacescorporativos.com\/?p=3390"},"modified":"2019-06-26T11:01:16","modified_gmt":"2019-06-26T16:01:16","slug":"papa-francisco-elogia-a-mexico-por-ser-tan-acogedor-con-los-migrantes","status":"publish","type":"post","link":"https:\/\/enlacescorporativos.com\/en\/2019\/06\/26\/papa-francisco-elogia-a-mexico-por-ser-tan-acogedor-con-los-migrantes\/","title":{"rendered":"Papa Francisco elogia a M\u00e9xico por ser \u2018tan acogedor con los migrantes\u2019"},"content":{"rendered":"<div><img src='https:\/\/cdn.forbes.com.mx\/2016\/02\/mario-3.jpg' style='max-width:600px;' \/><\/p>\n<div>\n<p><a rel=\"nofollow\" href=\"https:\/\/www.forbes.com.mx\">Forbes M\u00e9xico<\/a>.<br \/>\n <a rel=\"nofollow\" href=\"https:\/\/www.forbes.com.mx\/papa-francisco-elogia-a-mexico-por-ser-tan-acogedor-con-los-migrantes\/\">Papa Francisco elogia a M\u00e9xico por ser &#8216;tan acogedor con los migrantes&#8217;<\/a><\/p>\n<div><img fetchpriority=\"high\" decoding=\"async\" width=\"1280\" height=\"800\" src=\"https:\/\/cdn.forbes.com.mx\/2016\/02\/mario-3.jpg\" class=\"attachment-full size-full wp-post-image\" alt=\"papa-francisco\" style=\"margin-bottom: 15px;\" srcset=\"https:\/\/cdn.forbes.com.mx\/2016\/02\/mario-3.jpg 1280w, https:\/\/cdn.forbes.com.mx\/2016\/02\/mario-3-300x188.jpg 300w, https:\/\/cdn.forbes.com.mx\/2016\/02\/mario-3-768x480.jpg 768w, https:\/\/cdn.forbes.com.mx\/2016\/02\/mario-3-1024x640.jpg 1024w, https:\/\/cdn.forbes.com.mx\/2016\/02\/mario-3-640x400.jpg 640w, https:\/\/cdn.forbes.com.mx\/2016\/02\/mario-3-320x200.jpg 320w, https:\/\/cdn.forbes.com.mx\/2016\/02\/mario-3-160x100.jpg 160w, https:\/\/cdn.forbes.com.mx\/2016\/02\/mario-3-80x50.jpg 80w, https:\/\/cdn.forbes.com.mx\/2016\/02\/mario-3-560x350.jpg 560w, https:\/\/cdn.forbes.com.mx\/2016\/02\/mario-3-480x300.jpg 480w, https:\/\/cdn.forbes.com.mx\/2016\/02\/mario-3-280x175.jpg 280w, https:\/\/cdn.forbes.com.mx\/2016\/02\/mario-3-240x150.jpg 240w\" sizes=\"(max-width: 1280px) 100vw, 1280px\" data-full-size=\"https:\/\/cdn.forbes.com.mx\/2016\/02\/mario-3.jpg\" data-caption=\"Foto: Reuters.\" data-description=\"\" \/><\/div>\n<p><strong>Notimex.-<\/strong> El Papa Francisco elogi\u00f3 al pueblo de M\u00e9xico por su apoyo a los migrantes, principalmente centroamericanos que pasan a diario por su territorio en un intento por llegar a Estados Unidos, arriesgando en muchas ocasiones su vida.<\/p>\n<p>Al t\u00e9rmino de su tradicional Audiencia General de los mi\u00e9rcoles, el l\u00edder cat\u00f3lico se acerc\u00f3 a un grupo de mexicanos presentes en la Plaza de San Pedro para felicitarlos y elogiarlos por ser &#8220;tan acogedores con los migrantes\u201d, seg\u00fan reporte de la agencia informativa Aci Prensa.<\/p>\n<p>&#8220;Quiero felicitar a los mexicanos porque son tan acogedores, tan acogedores con los migrantes&#8230;\u201d, indic\u00f3 Francisco a los mexicanos asistentes a la audiencia, quienes respondieron las palabras del Papa aplaudiendo y agitando la bandera nacional que portaban.<\/p>\n<p>El Papa ha expresado con frecuencia su apoyo a los esfuerzos de M\u00e9xico para ayudar a los migrantes, como lo hizo en 2016 durante una visita a la frontera del pa\u00eds latinoamericano con Estados Unidos, cuando critic\u00f3 al entonces candidato a la presidencia estadounidense, Donald Trump, por sus intenciones de construir un muro entre ambos pa\u00edses.<\/p>\n<p>El Pont\u00edfice, quien en abril anunci\u00f3 una donaci\u00f3n de 500 mil d\u00f3lares para ayudar a los migrantes en M\u00e9xico, impulsando sus proyectos que les brindan alimentos, alojamiento y necesidades b\u00e1sicas, alent\u00f3 a que m\u00e1s comunidades sean acogedoras y solidarias con los migrantes.<\/p>\n<p>El portavoz interino de la Santa Sede, Alessandro Gisotti, inform\u00f3 previamente, que el Papa estaba profundamente triste por el padre y su peque\u00f1a hija que murieron ahogados mientras intentaban cruzar a Estados Unidos, cuya imagen ha causado conmoci\u00f3n en muchas partes del mundo, report\u00f3 la agencia de noticias Vatican News.<\/p>\n<p>El vocero interino del Vaticano afirm\u00f3 que el Papa Francisco \u201cest\u00e1 orando por todos los migrantes que han perdido la vida, mientras buscan huir de la guerra y la miseria&#8221;.<\/p>\n<p><a rel=\"nofollow\" href=\"https:\/\/www.forbes.com.mx\/papa-francisco-elogia-a-mexico-por-ser-tan-acogedor-con-los-migrantes\/\">Papa Francisco elogia a M\u00e9xico por ser &#8216;tan acogedor con los migrantes&#8217;<\/a><br \/>\n<a rel=\"nofollow\" href=\"https:\/\/www.forbes.com.mx\/author\/forbes-staff\/\">Forbes Staff<\/a><\/p>\n<\/div>\n<\/div>","protected":false},"excerpt":{"rendered":"<p>Forbes M\u00e9xico. Papa Francisco elogia a M\u00e9xico por ser &#8216;tan acogedor con los migrantes&#8217; Notimex.- El Papa Francisco elogi\u00f3 al pueblo de M\u00e9xico por su apoyo a los migrantes, principalmente centroamericanos que pasan a diario por su territorio en un intento por llegar a Estados Unidos, arriesgando en muchas ocasiones su vida. Al t\u00e9rmino de [&hellip;]<\/p>","protected":false},"author":91,"featured_media":0,"comment_status":"open","ping_status":"open","sticky":false,"template":"","format":"standard","meta":{"site-sidebar-layout":"default","site-content-layout":"","ast-site-content-layout":"","site-content-style":"default","site-sidebar-style":"default","ast-global-header-display":"","ast-banner-title-visibility":"","ast-main-header-display":"","ast-hfb-above-header-display":"","ast-hfb-below-header-display":"","ast-hfb-mobile-header-display":"","site-post-title":"","ast-breadcrumbs-content":"","ast-featured-img":"","footer-sml-layout":"","theme-transparent-header-meta":"","adv-header-id-meta":"","stick-header-meta":"","header-above-stick-meta":"","header-main-stick-meta":"","header-below-stick-meta":"","astra-migrate-meta-layouts":"default","ast-page-background-enabled":"default","ast-page-background-meta":{"desktop":{"background-color":"","background-image":"","background-repeat":"repeat","background-position":"center center","background-size":"auto","background-attachment":"scroll","background-type":"","background-media":"","overlay-type":"","overlay-color":"","overlay-opacity":"","overlay-gradient":""},"tablet":{"background-color":"","background-image":"","background-repeat":"repeat","background-position":"center center","background-size":"auto","background-attachment":"scroll","background-type":"","background-media":"","overlay-type":"","overlay-color":"","overlay-opacity":"","overlay-gradient":""},"mobile":{"background-color":"","background-image":"","background-repeat":"repeat","background-position":"center center","background-size":"auto","background-attachment":"scroll","background-type":"","background-media":"","overlay-type":"","overlay-color":"","overlay-opacity":"","overlay-gradient":""}},"ast-content-background-meta":{"desktop":{"background-color":"var(--ast-global-color-5)","background-image":"","background-repeat":"repeat","background-position":"center center","background-size":"auto","background-attachment":"scroll","background-type":"","background-media":"","overlay-type":"","overlay-color":"","overlay-opacity":"","overlay-gradient":""},"tablet":{"background-color":"var(--ast-global-color-5)","background-image":"","background-repeat":"repeat","background-position":"center center","background-size":"auto","background-attachment":"scroll","background-type":"","background-media":"","overlay-type":"","overlay-color":"","overlay-opacity":"","overlay-gradient":""},"mobile":{"background-color":"var(--ast-global-color-5)","background-image":"","background-repeat":"repeat","background-position":"center center","background-size":"auto","background-attachment":"scroll","background-type":"","background-media":"","overlay-type":"","overlay-color":"","overlay-opacity":"","overlay-gradient":""}},"footnotes":""},"categories":[1],"tags":[],"class_list":["post-3390","post","type-post","status-publish","format-standard","hentry","category-uncategorized"],"_links":{"self":[{"href":"https:\/\/enlacescorporativos.com\/en\/wp-json\/wp\/v2\/posts\/3390","targetHints":{"allow":["GET"]}}],"collection":[{"href":"https:\/\/enlacescorporativos.com\/en\/wp-json\/wp\/v2\/posts"}],"about":[{"href":"https:\/\/enlacescorporativos.com\/en\/wp-json\/wp\/v2\/types\/post"}],"author":[{"embeddable":true,"href":"https:\/\/enlacescorporativos.com\/en\/wp-json\/wp\/v2\/users\/91"}],"replies":[{"embeddable":true,"href":"https:\/\/enlacescorporativos.com\/en\/wp-json\/wp\/v2\/comments?post=3390"}],"version-history":[{"count":0,"href":"https:\/\/enlacescorporativos.com\/en\/wp-json\/wp\/v2\/posts\/3390\/revisions"}],"wp:attachment":[{"href":"https:\/\/enlacescorporativos.com\/en\/wp-json\/wp\/v2\/media?parent=3390"}],"wp:term":[{"taxonomy":"category","embeddable":true,"href":"https:\/\/enlacescorporativos.com\/en\/wp-json\/wp\/v2\/categories?post=3390"},{"taxonomy":"post_tag","embeddable":true,"href":"https:\/\/enlacescorporativos.com\/en\/wp-json\/wp\/v2\/tags?post=3390"}],"curies":[{"name":"wp","href":"https:\/\/api.w.org\/{rel}","templated":true}]}}