{"id":4050,"date":"2019-07-03T17:28:53","date_gmt":"2019-07-03T22:28:53","guid":{"rendered":"https:\/\/enlacescorporativos.com\/?p=4050"},"modified":"2019-07-03T17:28:53","modified_gmt":"2019-07-03T22:28:53","slug":"no-se-va-a-despedir-a-nadie-dice-durazo-policias-dudan-cambiarse-a-la-guardia-nacional","status":"publish","type":"post","link":"https:\/\/enlacescorporativos.com\/en\/2019\/07\/03\/no-se-va-a-despedir-a-nadie-dice-durazo-policias-dudan-cambiarse-a-la-guardia-nacional\/","title":{"rendered":"No se va a despedir a nadie, dice Durazo; polic\u00edas dudan cambiarse a la Guardia Nacional"},"content":{"rendered":"<div><img src='https:\/\/cdn.forbes.com.mx\/2019\/07\/guardia-f.jpg' style='max-width:600px;' \/><\/p>\n<div>\n<p><a rel=\"nofollow\" href=\"https:\/\/www.forbes.com.mx\">Forbes M\u00e9xico<\/a>.<br \/>\n <a rel=\"nofollow\" href=\"https:\/\/www.forbes.com.mx\/no-se-va-a-despedir-a-nadie-dice-durazo-policias-dudan-cambiarse-a-la-guardia-nacional\/\">No se va a despedir a nadie, dice Durazo; polic\u00edas dudan cambiarse a la Guardia Nacional<\/a><\/p>\n<div><img fetchpriority=\"high\" decoding=\"async\" width=\"2000\" height=\"1125\" src=\"https:\/\/cdn.forbes.com.mx\/2019\/07\/guardia-f.jpg\" class=\"attachment-full size-full wp-post-image\" alt=\"\" style=\"margin-bottom: 15px;\" srcset=\"https:\/\/cdn.forbes.com.mx\/2019\/07\/guardia-f.jpg 2000w, https:\/\/cdn.forbes.com.mx\/2019\/07\/guardia-f-300x169.jpg 300w, https:\/\/cdn.forbes.com.mx\/2019\/07\/guardia-f-768x432.jpg 768w, https:\/\/cdn.forbes.com.mx\/2019\/07\/guardia-f-1024x576.jpg 1024w, https:\/\/cdn.forbes.com.mx\/2019\/07\/guardia-f-600x338.jpg 600w, https:\/\/cdn.forbes.com.mx\/2019\/07\/guardia-f-200x113.jpg 200w, https:\/\/cdn.forbes.com.mx\/2019\/07\/guardia-f-1280x720.jpg 1280w, https:\/\/cdn.forbes.com.mx\/2019\/07\/guardia-f-640x360.jpg 640w, https:\/\/cdn.forbes.com.mx\/2019\/07\/guardia-f-320x180.jpg 320w\" sizes=\"(max-width: 2000px) 100vw, 2000px\" data-full-size=\"https:\/\/cdn.forbes.com.mx\/2019\/07\/guardia-f.jpg\" data-caption=\"Foto: Notimex \" data-description=\"M\u00e9xico, 30 Jun 2019 (Notimex-Adri\u00e1n Rocha).- El presidente Andr\u00e9s Manuel L\u00f3pez Obrador abander\u00f3 y paso revista esta ma\u00f1ana a la Guardia Nacional, con lo que entr\u00f3 oficialmente en funcionamiento ese nuevo cuerpo de seguridad.\" \/><\/div>\n<p>Alfonso Durazo Monta\u00f1o, secretario de Seguridad y Protecci\u00f3n Ciudadana, afirm\u00f3 que la trasferencia de elementos de la Polic\u00eda Federal a la Guardia Nacional ser\u00e1 completamente voluntaria y se respetar\u00e1n los derechos laborales y antig\u00fcedad.<\/p>\n<p>En conferencia de prensa asegur\u00f3 que los nuevos integrantes contar\u00e1n con seguro de gastos m\u00e9dicos privados y los polic\u00edas federales que no deseen ingresar a la corporaci\u00f3n podr\u00e1n entrar a otros cuerpos como Migraci\u00f3n o Aduanas, tambi\u00e9n respet\u00e1ndoles sus derechos y antig\u00fcedad.<\/p>\n<p>Adem\u00e1s, podr\u00e1n optar por la regi\u00f3n del pa\u00eds que prefieran porque la Guardia Nacional no traer\u00e1 a sus elementos &#8220;de un lugar para otro&#8221; y las revisiones m\u00e9dicas, que rechazan algunos polic\u00edas son para salvaguardar el estado de salud de los polic\u00edas, asegur\u00f3.<\/p>\n<p>Luego de las manifestaciones de polic\u00edas federales este mi\u00e9rcoles en la Ciudad de M\u00e9xico, Durazo Monta\u00f1o ofreci\u00f3 abrir una mesa de di\u00e1logo para recoger las inquietudes, la cual ser\u00e1 presidida por el subsecretario de Seguridad P\u00fablica, Ricardo Mej\u00eda.<\/p>\n<p>Tras aseverar que no debe haber motivo de preocupaci\u00f3n para ninguno de los elementos de la Polic\u00eda Federal, indic\u00f3 que en ning\u00fan momento ser\u00e1n violentados sus derechos que tengan que ver con sueldos, prestaciones, antig\u00fcedad, grado y todas las caracter\u00edsticas que definen su situaci\u00f3n en la Polic\u00eda Federal.<\/p>\n<p>Record\u00f3 que por ley la Polic\u00eda Federal tendr\u00e1 hasta 18 meses para concluir sus procesos de integraci\u00f3n a la Guardia Nacional y que los elementos que no quieran ir a la nueva corporaci\u00f3n o no acrediten las evaluaciones de ingreso tendr\u00e1n alternativas para garantizar sus derechos laborales.<\/p>\n<p>El funcionario federal asever\u00f3 que el compromiso es que cada elemento sea ubicado donde mejor pueda servir de acuerdo a su capacidad, formaci\u00f3n e interese personales, adem\u00e1s de que se instalar\u00e1 una oficina de transici\u00f3n con presencia en todos los centros laborales para resolver dudas y orientar a los elementos.<\/p>\n<p>\u201cLa Guaria Nacional no trabajar\u00e1 por operativos, no vamos a traer a sus elementos de un lado para otro, tendr\u00e1n una adscripci\u00f3n permanente que junto a su proyecto de vida profesional tambi\u00e9n realicen un proyecto personal\u201d, expres\u00f3 el secretario de Seguridad federal.<\/p>\n<p>&nbsp;<\/p>\n<p><strong>Dudas de los polic\u00edas federales<\/strong><\/p>\n<p>Integrantes de la Polic\u00eda Federal (PF) manifestaron hoy dudas sobre la efectividad de la transferencia a la Guardia Nacional que plante\u00f3 el secretario de Seguridad y Protecci\u00f3n Ciudadana, Alfonso Durazo.<\/p>\n<p>Los elementos, quienes hablaron bajo condici\u00f3n de anonimato, explicaron que la mayor\u00eda de ellos proviene del centro y sur del pa\u00eds, por lo cual ser\u00e1 complicado cumplir lo que ofreci\u00f3 Durazo sobre elegir la regi\u00f3n en la cual quieran trabajar.<\/p>\n<p>&#8220;Ustedes creen que vamos a tener suficiente personal para cubrir estados como Tamaulipas o Montrerrey (sic), porque seamos sinceros, la mayor\u00eda de nosotros somos del centro y sus del pa\u00eds&#8221;, dijo a Milenio TV uno de los polic\u00edas afuera del edificio de la PF en Periferico Sur.<\/p>\n<p>Con informaci\u00f3n de Notimex.<\/p>\n<p><strong>Te recomendamos:\u00a0<\/strong><\/p>\n<blockquote class=\"wp-embedded-content\" data-secret=\"SxWu22nu4O\">\n<p><a href=\"https:\/\/www.forbes.com.mx\/coordinadora-de-guardia-nacional-promete-atender-pliego-de-policia-federales\/\">Coordinadora de Guardia Nacional promete atender pliego de polic\u00edas federales<\/a><\/p>\n<\/blockquote>\n<p><iframe class=\"embed-responsive-item\"  title=\"&#8220;Coordinadora de Guardia Nacional promete atender pliego de polic\u00edas federales&#8221; &#8212; Forbes M\u00e9xico\" sandbox=\"allow-scripts\" security=\"restricted\" style=\"position: absolute; clip: rect(1px, 1px, 1px, 1px);\" src=\"https:\/\/www.forbes.com.mx\/coordinadora-de-guardia-nacional-promete-atender-pliego-de-policia-federales\/embed\/#?secret=SxWu22nu4O\" data-secret=\"SxWu22nu4O\" width=\"600\" height=\"338\" frameborder=\"0\" marginwidth=\"0\" marginheight=\"0\" scrolling=\"no\"><\/iframe><\/p>\n<p>&nbsp;<\/p>\n<p><a rel=\"nofollow\" href=\"https:\/\/www.forbes.com.mx\/no-se-va-a-despedir-a-nadie-dice-durazo-policias-dudan-cambiarse-a-la-guardia-nacional\/\">No se va a despedir a nadie, dice Durazo; polic\u00edas dudan cambiarse a la Guardia Nacional<\/a><br \/>\n<a rel=\"nofollow\" href=\"https:\/\/www.forbes.com.mx\/author\/forbes-staff\/\">Forbes Staff<\/a><\/p>\n<\/div>\n<\/div>","protected":false},"excerpt":{"rendered":"<p>Forbes M\u00e9xico. No se va a despedir a nadie, dice Durazo; polic\u00edas dudan cambiarse a la Guardia Nacional Alfonso Durazo Monta\u00f1o, secretario de Seguridad y Protecci\u00f3n Ciudadana, afirm\u00f3 que la trasferencia de elementos de la Polic\u00eda Federal a la Guardia Nacional ser\u00e1 completamente voluntaria y se respetar\u00e1n los derechos laborales y antig\u00fcedad. En conferencia de [&hellip;]<\/p>","protected":false},"author":91,"featured_media":0,"comment_status":"open","ping_status":"open","sticky":false,"template":"","format":"standard","meta":{"site-sidebar-layout":"default","site-content-layout":"","ast-site-content-layout":"","site-content-style":"default","site-sidebar-style":"default","ast-global-header-display":"","ast-banner-title-visibility":"","ast-main-header-display":"","ast-hfb-above-header-display":"","ast-hfb-below-header-display":"","ast-hfb-mobile-header-display":"","site-post-title":"","ast-breadcrumbs-content":"","ast-featured-img":"","footer-sml-layout":"","theme-transparent-header-meta":"","adv-header-id-meta":"","stick-header-meta":"","header-above-stick-meta":"","header-main-stick-meta":"","header-below-stick-meta":"","astra-migrate-meta-layouts":"default","ast-page-background-enabled":"default","ast-page-background-meta":{"desktop":{"background-color":"","background-image":"","background-repeat":"repeat","background-position":"center center","background-size":"auto","background-attachment":"scroll","background-type":"","background-media":"","overlay-type":"","overlay-color":"","overlay-opacity":"","overlay-gradient":""},"tablet":{"background-color":"","background-image":"","background-repeat":"repeat","background-position":"center center","background-size":"auto","background-attachment":"scroll","background-type":"","background-media":"","overlay-type":"","overlay-color":"","overlay-opacity":"","overlay-gradient":""},"mobile":{"background-color":"","background-image":"","background-repeat":"repeat","background-position":"center center","background-size":"auto","background-attachment":"scroll","background-type":"","background-media":"","overlay-type":"","overlay-color":"","overlay-opacity":"","overlay-gradient":""}},"ast-content-background-meta":{"desktop":{"background-color":"var(--ast-global-color-5)","background-image":"","background-repeat":"repeat","background-position":"center center","background-size":"auto","background-attachment":"scroll","background-type":"","background-media":"","overlay-type":"","overlay-color":"","overlay-opacity":"","overlay-gradient":""},"tablet":{"background-color":"var(--ast-global-color-5)","background-image":"","background-repeat":"repeat","background-position":"center center","background-size":"auto","background-attachment":"scroll","background-type":"","background-media":"","overlay-type":"","overlay-color":"","overlay-opacity":"","overlay-gradient":""},"mobile":{"background-color":"var(--ast-global-color-5)","background-image":"","background-repeat":"repeat","background-position":"center center","background-size":"auto","background-attachment":"scroll","background-type":"","background-media":"","overlay-type":"","overlay-color":"","overlay-opacity":"","overlay-gradient":""}},"footnotes":""},"categories":[1],"tags":[],"class_list":["post-4050","post","type-post","status-publish","format-standard","hentry","category-uncategorized"],"_links":{"self":[{"href":"https:\/\/enlacescorporativos.com\/en\/wp-json\/wp\/v2\/posts\/4050","targetHints":{"allow":["GET"]}}],"collection":[{"href":"https:\/\/enlacescorporativos.com\/en\/wp-json\/wp\/v2\/posts"}],"about":[{"href":"https:\/\/enlacescorporativos.com\/en\/wp-json\/wp\/v2\/types\/post"}],"author":[{"embeddable":true,"href":"https:\/\/enlacescorporativos.com\/en\/wp-json\/wp\/v2\/users\/91"}],"replies":[{"embeddable":true,"href":"https:\/\/enlacescorporativos.com\/en\/wp-json\/wp\/v2\/comments?post=4050"}],"version-history":[{"count":0,"href":"https:\/\/enlacescorporativos.com\/en\/wp-json\/wp\/v2\/posts\/4050\/revisions"}],"wp:attachment":[{"href":"https:\/\/enlacescorporativos.com\/en\/wp-json\/wp\/v2\/media?parent=4050"}],"wp:term":[{"taxonomy":"category","embeddable":true,"href":"https:\/\/enlacescorporativos.com\/en\/wp-json\/wp\/v2\/categories?post=4050"},{"taxonomy":"post_tag","embeddable":true,"href":"https:\/\/enlacescorporativos.com\/en\/wp-json\/wp\/v2\/tags?post=4050"}],"curies":[{"name":"wp","href":"https:\/\/api.w.org\/{rel}","templated":true}]}}