{"id":4060,"date":"2019-07-03T19:22:39","date_gmt":"2019-07-04T00:22:39","guid":{"rendered":"https:\/\/enlacescorporativos.com\/?p=4060"},"modified":"2019-07-03T19:22:39","modified_gmt":"2019-07-04T00:22:39","slug":"manny-paquiao-manda-mensaje-a-amlo-espera-visitar-pronto-mexico","status":"publish","type":"post","link":"https:\/\/enlacescorporativos.com\/en\/2019\/07\/03\/manny-paquiao-manda-mensaje-a-amlo-espera-visitar-pronto-mexico\/","title":{"rendered":"Manny Paquiao manda mensaje a AMLO; espera visitar pronto M\u00e9xico"},"content":{"rendered":"<div><img src='https:\/\/cdn.forbes.com.mx\/2015\/04\/cor-manny-pacquiao-footlockerad.jpg' style='max-width:600px;' \/><\/p>\n<div>\n<p><a rel=\"nofollow\" href=\"https:\/\/www.forbes.com.mx\">Forbes M\u00e9xico<\/a>.<br \/>\n <a rel=\"nofollow\" href=\"https:\/\/www.forbes.com.mx\/manny-paquiao-manda-mensaje-a-amlo-espera-visitar-pronto-mexico\/\">Manny Paquiao manda mensaje a AMLO; espera visitar pronto M\u00e9xico<\/a><\/p>\n<div><img fetchpriority=\"high\" decoding=\"async\" width=\"1280\" height=\"800\" src=\"https:\/\/cdn.forbes.com.mx\/2015\/04\/cor-manny-pacquiao-footlockerad.jpg\" class=\"attachment-full size-full wp-post-image\" alt=\"\" style=\"margin-bottom: 15px;\" srcset=\"https:\/\/cdn.forbes.com.mx\/2015\/04\/cor-manny-pacquiao-footlockerad.jpg 1280w, https:\/\/cdn.forbes.com.mx\/2015\/04\/cor-manny-pacquiao-footlockerad-300x188.jpg 300w, https:\/\/cdn.forbes.com.mx\/2015\/04\/cor-manny-pacquiao-footlockerad-1024x640.jpg 1024w, https:\/\/cdn.forbes.com.mx\/2015\/04\/cor-manny-pacquiao-footlockerad-640x400.jpg 640w, https:\/\/cdn.forbes.com.mx\/2015\/04\/cor-manny-pacquiao-footlockerad-320x200.jpg 320w, https:\/\/cdn.forbes.com.mx\/2015\/04\/cor-manny-pacquiao-footlockerad-160x100.jpg 160w, https:\/\/cdn.forbes.com.mx\/2015\/04\/cor-manny-pacquiao-footlockerad-80x50.jpg 80w, https:\/\/cdn.forbes.com.mx\/2015\/04\/cor-manny-pacquiao-footlockerad-560x350.jpg 560w, https:\/\/cdn.forbes.com.mx\/2015\/04\/cor-manny-pacquiao-footlockerad-480x300.jpg 480w, https:\/\/cdn.forbes.com.mx\/2015\/04\/cor-manny-pacquiao-footlockerad-280x175.jpg 280w, https:\/\/cdn.forbes.com.mx\/2015\/04\/cor-manny-pacquiao-footlockerad-240x150.jpg 240w\" sizes=\"(max-width: 1280px) 100vw, 1280px\" data-full-size=\"https:\/\/cdn.forbes.com.mx\/2015\/04\/cor-manny-pacquiao-footlockerad.jpg\" data-caption=\"\" data-description=\"\" \/><\/div>\n<p>El boxeador y senador filipino Manny Pacquiao aprovech\u00f3 un momento de descanso en su preparaci\u00f3n para la pelea que sostendr\u00e1 el pr\u00f3ximo 20 de julio en el MGM Grand de Las Vegas y le mand\u00f3 un mensaje al presidente Andr\u00e9s Manuel L\u00f3pez Obrador.<\/p>\n<p>&#8220;Hola presidente Andr\u00e9s Manuel, \u00bfc\u00f3mo est\u00e1? Este es el senador Manny Pacquiao. Espero poder visitar su pa\u00eds y construir una relaci\u00f3n mejor para todos&#8221;, dijo Pacquiao en un video publicado por La Afici\u00f3n.<\/p>\n<p>Pacquiao se prepara para la pelea donde se medir\u00e1 ante Keith Thurman por el campeonato Peso Welter de la Asociaci\u00f3n Mundial de Boxeo (AMB).<\/p>\n<blockquote class=\"twitter-tweet\" data-width=\"550\" data-dnt=\"true\">\n<p lang=\"es\" dir=\"ltr\"><img decoding=\"async\" src=\"https:\/\/s.w.org\/images\/core\/emoji\/12.0.0-1\/72x72\/25b6.png\" alt=\"\u25b6\" class=\"wp-smiley\" style=\"height: 1em; max-height: 1em;\" \/><a href=\"https:\/\/twitter.com\/hashtag\/VIDEO?src=hash&amp;ref_src=twsrc%5Etfw\">#VIDEO<\/a>: Manny Pacquiao le mand\u00f3 un &#39;mensajito&#39; a <a href=\"https:\/\/twitter.com\/lopezobrador_?ref_src=twsrc%5Etfw\">@lopezobrador_<\/a> <img decoding=\"async\" src=\"https:\/\/s.w.org\/images\/core\/emoji\/12.0.0-1\/72x72\/1f440.png\" alt=\"????\" class=\"wp-smiley\" style=\"height: 1em; max-height: 1em;\" \/><\/p>\n<p><img decoding=\"async\" src=\"https:\/\/s.w.org\/images\/core\/emoji\/12.0.0-1\/72x72\/1f4fd.png\" alt=\"????\" class=\"wp-smiley\" style=\"height: 1em; max-height: 1em;\" \/> <a href=\"https:\/\/twitter.com\/LaKiks?ref_src=twsrc%5Etfw\">@LaKiks<\/a><\/p>\n<p><img decoding=\"async\" src=\"https:\/\/s.w.org\/images\/core\/emoji\/12.0.0-1\/72x72\/1f1f2-1f1fd.png\" alt=\"????????\" class=\"wp-smiley\" style=\"height: 1em; max-height: 1em;\" \/><img decoding=\"async\" src=\"https:\/\/s.w.org\/images\/core\/emoji\/12.0.0-1\/72x72\/1f94a.png\" alt=\"????\" class=\"wp-smiley\" style=\"height: 1em; max-height: 1em;\" \/><img decoding=\"async\" src=\"https:\/\/s.w.org\/images\/core\/emoji\/12.0.0-1\/72x72\/1f1f5-1f1ed.png\" alt=\"????????\" class=\"wp-smiley\" style=\"height: 1em; max-height: 1em;\" \/> <a href=\"https:\/\/t.co\/9dB8ayiApt\">https:\/\/t.co\/9dB8ayiApt<\/a> <a href=\"https:\/\/t.co\/BnM3qVMb34\">pic.twitter.com\/BnM3qVMb34<\/a><\/p>\n<p>&mdash; La Afici\u00f3n (@laaficion) <a href=\"https:\/\/twitter.com\/laaficion\/status\/1146395666442121217?ref_src=twsrc%5Etfw\">July 3, 2019<\/a><\/p>\n<\/blockquote>\n<p><script async src=\"https:\/\/platform.twitter.com\/widgets.js\" charset=\"utf-8\"><\/script><\/p>\n<p>A principios de junio, L\u00f3pez Obrador se reuni\u00f3 con el boxeador Andy Ruiz, campe\u00f3n del mundo en la categor\u00eda de peso pesado.<\/p>\n<p>Antes de reunirse con el presidente, el campe\u00f3n recorri\u00f3 el Palacio Nacional donde dijo sentirse orgulloso y emocionado de conocer la historia del lugar.<\/p>\n<p><strong>Te recomendamos:\u00a0<\/strong><\/p>\n<blockquote class=\"wp-embedded-content\" data-secret=\"2yQPjB33fX\">\n<p><a href=\"https:\/\/www.forbes.com.mx\/boxeador-andy-ruiz-se-reune-con-amlo-en-palacio-nacional\/\">El campe\u00f3n Andy Ruiz se re\u00fane con AMLO en Palacio Nacional<\/a><\/p>\n<\/blockquote>\n<p><iframe class=\"embed-responsive-item\"  title=\"&#8220;El campe\u00f3n Andy Ruiz se re\u00fane con AMLO en Palacio Nacional&#8221; &#8212; Forbes M\u00e9xico\" sandbox=\"allow-scripts\" security=\"restricted\" style=\"position: absolute; clip: rect(1px, 1px, 1px, 1px);\" src=\"https:\/\/www.forbes.com.mx\/boxeador-andy-ruiz-se-reune-con-amlo-en-palacio-nacional\/embed\/#?secret=2yQPjB33fX\" data-secret=\"2yQPjB33fX\" width=\"600\" height=\"338\" frameborder=\"0\" marginwidth=\"0\" marginheight=\"0\" scrolling=\"no\"><\/iframe><\/p>\n<p><a rel=\"nofollow\" href=\"https:\/\/www.forbes.com.mx\/manny-paquiao-manda-mensaje-a-amlo-espera-visitar-pronto-mexico\/\">Manny Paquiao manda mensaje a AMLO; espera visitar pronto M\u00e9xico<\/a><br \/>\n<a rel=\"nofollow\" href=\"https:\/\/www.forbes.com.mx\/author\/forbes-staff\/\">Forbes Staff<\/a><\/p>\n<\/div>\n<\/div>","protected":false},"excerpt":{"rendered":"<p>Forbes M\u00e9xico. Manny Paquiao manda mensaje a AMLO; espera visitar pronto M\u00e9xico El boxeador y senador filipino Manny Pacquiao aprovech\u00f3 un momento de descanso en su preparaci\u00f3n para la pelea que sostendr\u00e1 el pr\u00f3ximo 20 de julio en el MGM Grand de Las Vegas y le mand\u00f3 un mensaje al presidente Andr\u00e9s Manuel L\u00f3pez Obrador. [&hellip;]<\/p>","protected":false},"author":91,"featured_media":0,"comment_status":"open","ping_status":"open","sticky":false,"template":"","format":"standard","meta":{"site-sidebar-layout":"default","site-content-layout":"","ast-site-content-layout":"","site-content-style":"default","site-sidebar-style":"default","ast-global-header-display":"","ast-banner-title-visibility":"","ast-main-header-display":"","ast-hfb-above-header-display":"","ast-hfb-below-header-display":"","ast-hfb-mobile-header-display":"","site-post-title":"","ast-breadcrumbs-content":"","ast-featured-img":"","footer-sml-layout":"","theme-transparent-header-meta":"","adv-header-id-meta":"","stick-header-meta":"","header-above-stick-meta":"","header-main-stick-meta":"","header-below-stick-meta":"","astra-migrate-meta-layouts":"default","ast-page-background-enabled":"default","ast-page-background-meta":{"desktop":{"background-color":"","background-image":"","background-repeat":"repeat","background-position":"center center","background-size":"auto","background-attachment":"scroll","background-type":"","background-media":"","overlay-type":"","overlay-color":"","overlay-opacity":"","overlay-gradient":""},"tablet":{"background-color":"","background-image":"","background-repeat":"repeat","background-position":"center center","background-size":"auto","background-attachment":"scroll","background-type":"","background-media":"","overlay-type":"","overlay-color":"","overlay-opacity":"","overlay-gradient":""},"mobile":{"background-color":"","background-image":"","background-repeat":"repeat","background-position":"center center","background-size":"auto","background-attachment":"scroll","background-type":"","background-media":"","overlay-type":"","overlay-color":"","overlay-opacity":"","overlay-gradient":""}},"ast-content-background-meta":{"desktop":{"background-color":"var(--ast-global-color-5)","background-image":"","background-repeat":"repeat","background-position":"center center","background-size":"auto","background-attachment":"scroll","background-type":"","background-media":"","overlay-type":"","overlay-color":"","overlay-opacity":"","overlay-gradient":""},"tablet":{"background-color":"var(--ast-global-color-5)","background-image":"","background-repeat":"repeat","background-position":"center center","background-size":"auto","background-attachment":"scroll","background-type":"","background-media":"","overlay-type":"","overlay-color":"","overlay-opacity":"","overlay-gradient":""},"mobile":{"background-color":"var(--ast-global-color-5)","background-image":"","background-repeat":"repeat","background-position":"center center","background-size":"auto","background-attachment":"scroll","background-type":"","background-media":"","overlay-type":"","overlay-color":"","overlay-opacity":"","overlay-gradient":""}},"footnotes":""},"categories":[1],"tags":[],"class_list":["post-4060","post","type-post","status-publish","format-standard","hentry","category-uncategorized"],"_links":{"self":[{"href":"https:\/\/enlacescorporativos.com\/en\/wp-json\/wp\/v2\/posts\/4060","targetHints":{"allow":["GET"]}}],"collection":[{"href":"https:\/\/enlacescorporativos.com\/en\/wp-json\/wp\/v2\/posts"}],"about":[{"href":"https:\/\/enlacescorporativos.com\/en\/wp-json\/wp\/v2\/types\/post"}],"author":[{"embeddable":true,"href":"https:\/\/enlacescorporativos.com\/en\/wp-json\/wp\/v2\/users\/91"}],"replies":[{"embeddable":true,"href":"https:\/\/enlacescorporativos.com\/en\/wp-json\/wp\/v2\/comments?post=4060"}],"version-history":[{"count":0,"href":"https:\/\/enlacescorporativos.com\/en\/wp-json\/wp\/v2\/posts\/4060\/revisions"}],"wp:attachment":[{"href":"https:\/\/enlacescorporativos.com\/en\/wp-json\/wp\/v2\/media?parent=4060"}],"wp:term":[{"taxonomy":"category","embeddable":true,"href":"https:\/\/enlacescorporativos.com\/en\/wp-json\/wp\/v2\/categories?post=4060"},{"taxonomy":"post_tag","embeddable":true,"href":"https:\/\/enlacescorporativos.com\/en\/wp-json\/wp\/v2\/tags?post=4060"}],"curies":[{"name":"wp","href":"https:\/\/api.w.org\/{rel}","templated":true}]}}