{"id":4100,"date":"2019-07-04T09:58:20","date_gmt":"2019-07-04T14:58:20","guid":{"rendered":"https:\/\/enlacescorporativos.com\/?p=4100"},"modified":"2019-07-04T09:58:20","modified_gmt":"2019-07-04T14:58:20","slug":"presidente-de-el-salvador-necesita-91-mdd-para-combatir-a-las-pandillas","status":"publish","type":"post","link":"https:\/\/enlacescorporativos.com\/en\/2019\/07\/04\/presidente-de-el-salvador-necesita-91-mdd-para-combatir-a-las-pandillas\/","title":{"rendered":"Presidente de El Salvador necesita 91 mdd para combatir a las pandillas"},"content":{"rendered":"<div><img src='https:\/\/cdn.forbes.com.mx\/2019\/06\/nayib-bukele-el-salvador.jpg' style='max-width:600px;' \/><\/p>\n<div>\n<p><a rel=\"nofollow\" href=\"https:\/\/www.forbes.com.mx\">Forbes M\u00e9xico<\/a>.<br \/>\n <a rel=\"nofollow\" href=\"https:\/\/www.forbes.com.mx\/presidente-de-el-salvador-necesita-91-mdd-para-combatir-a-las-pandillas\/\">Presidente de El Salvador necesita 91 mdd para combatir a las pandillas<\/a><\/p>\n<div><img fetchpriority=\"high\" decoding=\"async\" width=\"1280\" height=\"720\" src=\"https:\/\/cdn.forbes.com.mx\/2019\/06\/nayib-bukele-el-salvador.jpg\" class=\"attachment-full size-full wp-post-image\" alt=\"\" style=\"margin-bottom: 15px;\" srcset=\"https:\/\/cdn.forbes.com.mx\/2019\/06\/nayib-bukele-el-salvador.jpg 1280w, https:\/\/cdn.forbes.com.mx\/2019\/06\/nayib-bukele-el-salvador-300x169.jpg 300w, https:\/\/cdn.forbes.com.mx\/2019\/06\/nayib-bukele-el-salvador-768x432.jpg 768w, https:\/\/cdn.forbes.com.mx\/2019\/06\/nayib-bukele-el-salvador-1024x576.jpg 1024w, https:\/\/cdn.forbes.com.mx\/2019\/06\/nayib-bukele-el-salvador-600x338.jpg 600w, https:\/\/cdn.forbes.com.mx\/2019\/06\/nayib-bukele-el-salvador-200x113.jpg 200w, https:\/\/cdn.forbes.com.mx\/2019\/06\/nayib-bukele-el-salvador-640x360.jpg 640w, https:\/\/cdn.forbes.com.mx\/2019\/06\/nayib-bukele-el-salvador-320x180.jpg 320w\" sizes=\"(max-width: 1280px) 100vw, 1280px\" data-full-size=\"https:\/\/cdn.forbes.com.mx\/2019\/06\/nayib-bukele-el-salvador.jpg\" data-caption=\"Foto: Jose Cabezas \/ Reuters.\" data-description=\"New Salvadoran President Nayib Bukele speaks after receiving the presidential sash during a swearing-in ceremony in San Salvador, El Salvador June 1, 2019. REUTERS\/Jose Cabezas\" \/><\/div>\n<p><a href=\"https:\/\/forbescentroamerica.com\/?utm_source=Forbes%20Mexico&amp;utm_medium=hillary_banner&amp;utm_campaign=forbes_com_mx\" target=\"_blank\" rel=\"noopener noreferrer\"><img decoding=\"async\" class=\"aligncenter wp-image-579593 size-full lazyload\" src=\"https:\/\/cdn.forbes.com.mx\/2019\/07\/fbc-fm-top.jpg\" alt=\"\" width=\"3033\" height=\"375\" srcset=\"https:\/\/cdn.forbes.com.mx\/2019\/07\/fbc-fm-top.jpg 3033w, https:\/\/cdn.forbes.com.mx\/2019\/07\/fbc-fm-top-300x37.jpg 300w, https:\/\/cdn.forbes.com.mx\/2019\/07\/fbc-fm-top-768x95.jpg 768w, https:\/\/cdn.forbes.com.mx\/2019\/07\/fbc-fm-top-1024x127.jpg 1024w, https:\/\/cdn.forbes.com.mx\/2019\/07\/fbc-fm-top-600x74.jpg 600w, https:\/\/cdn.forbes.com.mx\/2019\/07\/fbc-fm-top-200x25.jpg 200w\" sizes=\"(max-width: 3033px) 100vw, 3033px\" \/><\/a> <em><strong>Esta nota se publica originalmente en nuestra publicaci\u00f3n hermana: Forbes Centroam\u00e9rica, te invitamos a leerla:\u00a0<a href=\"https:\/\/forbescentroamerica.com\/\" target=\"_blank\" rel=\"noopener noreferrer\">forbescentroamerica.com<\/a><\/strong><\/em><\/p>\n<p>El presidente salvadore\u00f1o, Nayib Bukele anunci\u00f3 la segunda fase del plan de seguridad con el que prometi\u00f3 ofrecer oportunidades a los j\u00f3venes, para ello pidi\u00f3 a la Asamblea Legislativa aprobar un financiamiento de 91 millones de d\u00f3lares (mdd).<\/p>\n<p>Bukele nombr\u00f3 Oportunidades a la segunda fase del Plan Control Territorial, con el que busca movilizar a todas las carteras del Estado que puedan incidir en las comunidades y &#8220;en los j\u00f3venes que est\u00e1n en situaci\u00f3n de vulnerabilidad para que tengan la oportunidad de no entrar en las pandillas o salirse de las mismas&#8221;.<\/p>\n<p>El presidente salvadore\u00f1o indic\u00f3 que si la Asamblea Legislativa no aprueba el financiamiento, &#8220;igual nosotros vamos a conseguir el dinero en otro lado y se van a quitar la m\u00e1scara ante todos los salvadore\u00f1os&#8221;.<\/p>\n<p>El Plan contar\u00e1 con el apoyo de una nueva unidad creada por el nuevo gobierno; Unidad de Reconstrucci\u00f3n del Tejido Social, la cual estar\u00e1 dirigida por Carlos Marroqu\u00edn, quien tambi\u00e9n dirigi\u00f3 una instancia similar en San Salvador cuando Bukele fue alcalde.<\/p>\n<p>&#8220;Ahora vamos a buscar nuevos recursos, unos que ya tenemos, ya tienen las carteras, vamos a buscar las reorientaciones y otros financiamientos para la fase 2&#8221; , asegur\u00f3 el mandatario.<\/p>\n<p>El eje fundamental de la segunda fase del Plan Control Territorial es entrar a los territorios &#8220;con todo lo necesario para competirle los j\u00f3venes a las pandillas. Vamos a competir y vamos a ganar en el reclutamiento de j\u00f3venes&#8221;, expres\u00f3 Bukele.<\/p>\n<p>La estrategia contempla la creaci\u00f3n de un centro de capacitaci\u00f3n t\u00e9cnico en el Centro Internacional de Ferias y Convensiones (CIFCO).<\/p>\n<p>&#8220;Vamos a crear una universidad t\u00e9cnica, la cual no va a ser una universidad en s\u00ed, pero va a ser un centro de capacitaciones t\u00e9cnicas, donde vamos a capacitar a 100,000 j\u00f3venes para diversos oficios&#8221;, inform\u00f3.<\/p>\n<p>Darle oportunidades de empleo a los j\u00f3venes es una forma de &#8220;competir&#8221; con las pandillas, asegur\u00f3 el mandatario.<\/p>\n<p><strong>Puedes leer: <\/strong><a href=\"https:\/\/forbescentroamerica.com\/2019\/07\/03\/secretario-de-seguridad-de-eu-revisa-acciones-antimigracion\/\" target=\"_blank\" rel=\"noreferrer noopener\" aria-label=\"Secretario de Seguridad de EU revisa acciones antimigraci\u00f3n (opens in a new tab)\"><strong>Secretario de Seguridad de EU revisa acciones antimigraci\u00f3n<\/strong><\/a><\/p>\n<p>&#8220;Tenemos m\u00e1s recursos, mejor legitimidad, mejor estrategia ahora que las pandillas van a estar desfinanciadas y mal organizadas, estamos seguros de que no van a poder competir con el reclutamiento de los j\u00f3venes&#8221;, argument\u00f3.<\/p>\n<p>La fase dos no elimina la primera y el Plan continuar\u00e1 durante todo el quinquenio.<\/p>\n<p>&#8220;Dentro de 15 d\u00edas aproximadamente iniciar\u00e1 la fase tres, en paralelo con la fase uno y dos, que durar\u00e1 un a\u00f1o y medio. As\u00ed hasta llegar la fase siete, que es un proyecto de emergencia, nosotros queremos llegar a la fase seis&#8221;, indic\u00f3 sin dar m\u00e1s detalles de en qu\u00e9 consiste cada fase.<\/p>\n<p>El 20 de junio pasado, el Ejecutivo anunci\u00f3 el despliegue de 2,500 polic\u00edas y 3,000 militares en los parques centrales de 12 municipios, d\u00edas despu\u00e9s fueron agregadas otras cuatro cabeceras departamentales y en donde se sum\u00f3 Cojutepeque.<\/p>\n<p>De acuerdo con el Plan, la finalidad de la fuerza es disuadir a los pandilleros para que dejen de extorsionar. La fase uno incluy\u00f3 la declaratoria de emergencia en centros penales.<\/p>\n<ul>\n<li><strong>Plan de control territorial<\/strong><\/li>\n<\/ul>\n<p>El Plan de intervenci\u00f3n contempla algunas medidas para luchar contra el reclutamiento de pandillas dentro de sus territorios:<\/p>\n<ul>\n<li><strong>Acceso a agua potable<\/strong><\/li>\n<\/ul>\n<p>El presidente Bukele asegur\u00f3 que la Administraci\u00f3n Nacional de Acueductos y Alcantarillados (ANDA) se encargar\u00e1 de llevar agua potable a las comunidades como parte del plan de seguridad.<\/p>\n<ul>\n<li><strong>Acceso a cultura <\/strong><\/li>\n<\/ul>\n<p>El presidente asegur\u00f3 que llevar\u00e1 cultura a los j\u00f3venes en riesgo, tal como ballet, orquestas sinf\u00f3nicas, hip-hop, break dance, grafitis y otras demostraciones de cultura urbana.<\/p>\n<ul>\n<li><strong>Servicios b\u00e1sicos<\/strong><\/li>\n<\/ul>\n<p>La segunda fase del Plan contempla la apuesta por llevar educaci\u00f3n y salud a los j\u00f3venes de todos los municipios.<\/p>\n<ul>\n<li><strong>Agricultura<\/strong><\/li>\n<\/ul>\n<p>El Plan de Control Territorial tambi\u00e9n incluye el desarrollo de la agricultura e la zona rural del pa\u00eds. Mencion\u00f3 el donativo de 30 millones de d\u00f3lares realizad por M\u00e9xico.<\/p>\n<ul>\n<li><strong>Deporte<\/strong><\/li>\n<\/ul>\n<p>Otra estrategia presentada por Bukele es la apuesta por el deporte y llevar a nivel nacional el proyecto de la Liga de Espa\u00f1a, que beneficiar\u00e1 a por lo menos 26,200 ni\u00f1os.<\/p>\n<p><a rel=\"nofollow\" href=\"https:\/\/www.forbes.com.mx\/presidente-de-el-salvador-necesita-91-mdd-para-combatir-a-las-pandillas\/\">Presidente de El Salvador necesita 91 mdd para combatir a las pandillas<\/a><br \/>\n<a rel=\"nofollow\" href=\"https:\/\/www.forbes.com.mx\/author\/forbes-centroamerica\/\">Forbes Centroam\u00e9rica<\/a><\/p>\n<\/div>\n<\/div>","protected":false},"excerpt":{"rendered":"<p>Forbes M\u00e9xico. Presidente de El Salvador necesita 91 mdd para combatir a las pandillas Esta nota se publica originalmente en nuestra publicaci\u00f3n hermana: Forbes Centroam\u00e9rica, te invitamos a leerla:\u00a0forbescentroamerica.com El presidente salvadore\u00f1o, Nayib Bukele anunci\u00f3 la segunda fase del plan de seguridad con el que prometi\u00f3 ofrecer oportunidades a los j\u00f3venes, para ello pidi\u00f3 a [&hellip;]<\/p>","protected":false},"author":91,"featured_media":0,"comment_status":"open","ping_status":"open","sticky":false,"template":"","format":"standard","meta":{"site-sidebar-layout":"default","site-content-layout":"","ast-site-content-layout":"","site-content-style":"default","site-sidebar-style":"default","ast-global-header-display":"","ast-banner-title-visibility":"","ast-main-header-display":"","ast-hfb-above-header-display":"","ast-hfb-below-header-display":"","ast-hfb-mobile-header-display":"","site-post-title":"","ast-breadcrumbs-content":"","ast-featured-img":"","footer-sml-layout":"","theme-transparent-header-meta":"","adv-header-id-meta":"","stick-header-meta":"","header-above-stick-meta":"","header-main-stick-meta":"","header-below-stick-meta":"","astra-migrate-meta-layouts":"default","ast-page-background-enabled":"default","ast-page-background-meta":{"desktop":{"background-color":"","background-image":"","background-repeat":"repeat","background-position":"center center","background-size":"auto","background-attachment":"scroll","background-type":"","background-media":"","overlay-type":"","overlay-color":"","overlay-opacity":"","overlay-gradient":""},"tablet":{"background-color":"","background-image":"","background-repeat":"repeat","background-position":"center center","background-size":"auto","background-attachment":"scroll","background-type":"","background-media":"","overlay-type":"","overlay-color":"","overlay-opacity":"","overlay-gradient":""},"mobile":{"background-color":"","background-image":"","background-repeat":"repeat","background-position":"center center","background-size":"auto","background-attachment":"scroll","background-type":"","background-media":"","overlay-type":"","overlay-color":"","overlay-opacity":"","overlay-gradient":""}},"ast-content-background-meta":{"desktop":{"background-color":"var(--ast-global-color-5)","background-image":"","background-repeat":"repeat","background-position":"center center","background-size":"auto","background-attachment":"scroll","background-type":"","background-media":"","overlay-type":"","overlay-color":"","overlay-opacity":"","overlay-gradient":""},"tablet":{"background-color":"var(--ast-global-color-5)","background-image":"","background-repeat":"repeat","background-position":"center center","background-size":"auto","background-attachment":"scroll","background-type":"","background-media":"","overlay-type":"","overlay-color":"","overlay-opacity":"","overlay-gradient":""},"mobile":{"background-color":"var(--ast-global-color-5)","background-image":"","background-repeat":"repeat","background-position":"center center","background-size":"auto","background-attachment":"scroll","background-type":"","background-media":"","overlay-type":"","overlay-color":"","overlay-opacity":"","overlay-gradient":""}},"footnotes":""},"categories":[1],"tags":[],"class_list":["post-4100","post","type-post","status-publish","format-standard","hentry","category-uncategorized"],"_links":{"self":[{"href":"https:\/\/enlacescorporativos.com\/en\/wp-json\/wp\/v2\/posts\/4100","targetHints":{"allow":["GET"]}}],"collection":[{"href":"https:\/\/enlacescorporativos.com\/en\/wp-json\/wp\/v2\/posts"}],"about":[{"href":"https:\/\/enlacescorporativos.com\/en\/wp-json\/wp\/v2\/types\/post"}],"author":[{"embeddable":true,"href":"https:\/\/enlacescorporativos.com\/en\/wp-json\/wp\/v2\/users\/91"}],"replies":[{"embeddable":true,"href":"https:\/\/enlacescorporativos.com\/en\/wp-json\/wp\/v2\/comments?post=4100"}],"version-history":[{"count":0,"href":"https:\/\/enlacescorporativos.com\/en\/wp-json\/wp\/v2\/posts\/4100\/revisions"}],"wp:attachment":[{"href":"https:\/\/enlacescorporativos.com\/en\/wp-json\/wp\/v2\/media?parent=4100"}],"wp:term":[{"taxonomy":"category","embeddable":true,"href":"https:\/\/enlacescorporativos.com\/en\/wp-json\/wp\/v2\/categories?post=4100"},{"taxonomy":"post_tag","embeddable":true,"href":"https:\/\/enlacescorporativos.com\/en\/wp-json\/wp\/v2\/tags?post=4100"}],"curies":[{"name":"wp","href":"https:\/\/api.w.org\/{rel}","templated":true}]}}