{"id":4104,"date":"2019-07-04T10:07:44","date_gmt":"2019-07-04T15:07:44","guid":{"rendered":"https:\/\/enlacescorporativos.com\/?p=4104"},"modified":"2019-07-04T10:07:44","modified_gmt":"2019-07-04T15:07:44","slug":"amlo-revela-denuncia-por-corrupcion-en-pf-con-compra-de-equipo-a-sobreprecio","status":"publish","type":"post","link":"https:\/\/enlacescorporativos.com\/en\/2019\/07\/04\/amlo-revela-denuncia-por-corrupcion-en-pf-con-compra-de-equipo-a-sobreprecio\/","title":{"rendered":"AMLO revela denuncia por corrupci\u00f3n en PF con compra de equipo a sobreprecio"},"content":{"rendered":"<div><img src='https:\/\/cdn.forbes.com.mx\/2019\/07\/pf-2.jpg' style='max-width:600px;' \/><\/p>\n<div>\n<p><a rel=\"nofollow\" href=\"https:\/\/www.forbes.com.mx\">Forbes M\u00e9xico<\/a>.<br \/>\n <a rel=\"nofollow\" href=\"https:\/\/www.forbes.com.mx\/amlo-revela-denuncia-por-corrupcion-en-pf-con-compra-de-equipo-a-sobreprecio\/\">AMLO revela denuncia por corrupci\u00f3n en PF con compra de equipo a sobreprecio<\/a><\/p>\n<div><img fetchpriority=\"high\" decoding=\"async\" width=\"2405\" height=\"1353\" src=\"https:\/\/cdn.forbes.com.mx\/2019\/07\/pf-2.jpg\" class=\"attachment-full size-full wp-post-image\" alt=\"\" style=\"margin-bottom: 15px;\" srcset=\"https:\/\/cdn.forbes.com.mx\/2019\/07\/pf-2.jpg 2405w, https:\/\/cdn.forbes.com.mx\/2019\/07\/pf-2-300x169.jpg 300w, https:\/\/cdn.forbes.com.mx\/2019\/07\/pf-2-768x432.jpg 768w, https:\/\/cdn.forbes.com.mx\/2019\/07\/pf-2-1024x576.jpg 1024w, https:\/\/cdn.forbes.com.mx\/2019\/07\/pf-2-600x338.jpg 600w, https:\/\/cdn.forbes.com.mx\/2019\/07\/pf-2-200x113.jpg 200w, https:\/\/cdn.forbes.com.mx\/2019\/07\/pf-2-1280x720.jpg 1280w, https:\/\/cdn.forbes.com.mx\/2019\/07\/pf-2-640x360.jpg 640w, https:\/\/cdn.forbes.com.mx\/2019\/07\/pf-2-320x180.jpg 320w\" sizes=\"(max-width: 2405px) 100vw, 2405px\" data-full-size=\"https:\/\/cdn.forbes.com.mx\/2019\/07\/pf-2.jpg\" data-caption=\"Foto: Notimex\" data-description=\"\" \/><\/div>\n<p>En el sexenio pasado, la Polic\u00eda Federal (PF) realiz\u00f3 compra de equipo a sobreprecio, por lo cual ya hay una denuncia interpuesta, inform\u00f3 este jueves el presidente Andr\u00e9s Manuel L\u00f3pez Obrador.<\/p>\n<p>En el marco de protestas de efectivos de esa corporaci\u00f3n contra su transferencia a la Guardia Nacional, el mandatario cuestion\u00f3 la direcci\u00f3n que tuvo la PF en el pasado y advirti\u00f3 que hab\u00eda corrupci\u00f3n.<\/p>\n<p>Sin dar mayores detalles, el titular del Ejecutivo dijo que la PF compr\u00f3 &#8220;un equipo&#8221; a un precio de 2,600 millones de pesos (mdp), cuando en el mercado est\u00e1 a 600 u 800 mdp.<\/p>\n<p>L\u00f3pez Obrador indic\u00f3 que este mismo jueves a las 11:00 horas, el secretario de Seguridad, Alfonso Durazo, dar\u00e1 m\u00e1s detalles sobre este caso y sobre la problem\u00e1tica surgida por las protestas de los polic\u00edas federales.<\/p>\n<p><em><strong>Lee tambi\u00e9n:<\/strong><\/em><\/p>\n<blockquote class=\"wp-embedded-content\" data-secret=\"hyutY4pQyi\">\n<p><a href=\"https:\/\/www.forbes.com.mx\/protestas-sin-fundamento-muestra-que-policia-federal-estaba-echada-a-perder-amlo\/\">Protestas sin fundamento, muestra que Polic\u00eda Federal estaba echada a perder: AMLO<\/a><\/p>\n<\/blockquote>\n<p><iframe class=\"embed-responsive-item\"  title=\"&#8220;Protestas sin fundamento, muestra que Polic\u00eda Federal estaba echada a perder: AMLO&#8221; &#8212; Forbes M\u00e9xico\" sandbox=\"allow-scripts\" security=\"restricted\" style=\"position: absolute; clip: rect(1px, 1px, 1px, 1px);\" src=\"https:\/\/www.forbes.com.mx\/protestas-sin-fundamento-muestra-que-policia-federal-estaba-echada-a-perder-amlo\/embed\/#?secret=hyutY4pQyi\" data-secret=\"hyutY4pQyi\" width=\"600\" height=\"338\" frameborder=\"0\" marginwidth=\"0\" marginheight=\"0\" scrolling=\"no\"><\/iframe><\/p>\n<p><a rel=\"nofollow\" href=\"https:\/\/www.forbes.com.mx\/amlo-revela-denuncia-por-corrupcion-en-pf-con-compra-de-equipo-a-sobreprecio\/\">AMLO revela denuncia por corrupci\u00f3n en PF con compra de equipo a sobreprecio<\/a><br \/>\n<a rel=\"nofollow\" href=\"https:\/\/www.forbes.com.mx\/author\/forbes-staff\/\">Forbes Staff<\/a><\/p>\n<\/div>\n<\/div>","protected":false},"excerpt":{"rendered":"<p>Forbes M\u00e9xico. AMLO revela denuncia por corrupci\u00f3n en PF con compra de equipo a sobreprecio En el sexenio pasado, la Polic\u00eda Federal (PF) realiz\u00f3 compra de equipo a sobreprecio, por lo cual ya hay una denuncia interpuesta, inform\u00f3 este jueves el presidente Andr\u00e9s Manuel L\u00f3pez Obrador. En el marco de protestas de efectivos de esa [&hellip;]<\/p>","protected":false},"author":91,"featured_media":0,"comment_status":"open","ping_status":"open","sticky":false,"template":"","format":"standard","meta":{"site-sidebar-layout":"default","site-content-layout":"","ast-site-content-layout":"","site-content-style":"default","site-sidebar-style":"default","ast-global-header-display":"","ast-banner-title-visibility":"","ast-main-header-display":"","ast-hfb-above-header-display":"","ast-hfb-below-header-display":"","ast-hfb-mobile-header-display":"","site-post-title":"","ast-breadcrumbs-content":"","ast-featured-img":"","footer-sml-layout":"","theme-transparent-header-meta":"","adv-header-id-meta":"","stick-header-meta":"","header-above-stick-meta":"","header-main-stick-meta":"","header-below-stick-meta":"","astra-migrate-meta-layouts":"default","ast-page-background-enabled":"default","ast-page-background-meta":{"desktop":{"background-color":"","background-image":"","background-repeat":"repeat","background-position":"center center","background-size":"auto","background-attachment":"scroll","background-type":"","background-media":"","overlay-type":"","overlay-color":"","overlay-opacity":"","overlay-gradient":""},"tablet":{"background-color":"","background-image":"","background-repeat":"repeat","background-position":"center center","background-size":"auto","background-attachment":"scroll","background-type":"","background-media":"","overlay-type":"","overlay-color":"","overlay-opacity":"","overlay-gradient":""},"mobile":{"background-color":"","background-image":"","background-repeat":"repeat","background-position":"center center","background-size":"auto","background-attachment":"scroll","background-type":"","background-media":"","overlay-type":"","overlay-color":"","overlay-opacity":"","overlay-gradient":""}},"ast-content-background-meta":{"desktop":{"background-color":"var(--ast-global-color-5)","background-image":"","background-repeat":"repeat","background-position":"center center","background-size":"auto","background-attachment":"scroll","background-type":"","background-media":"","overlay-type":"","overlay-color":"","overlay-opacity":"","overlay-gradient":""},"tablet":{"background-color":"var(--ast-global-color-5)","background-image":"","background-repeat":"repeat","background-position":"center center","background-size":"auto","background-attachment":"scroll","background-type":"","background-media":"","overlay-type":"","overlay-color":"","overlay-opacity":"","overlay-gradient":""},"mobile":{"background-color":"var(--ast-global-color-5)","background-image":"","background-repeat":"repeat","background-position":"center center","background-size":"auto","background-attachment":"scroll","background-type":"","background-media":"","overlay-type":"","overlay-color":"","overlay-opacity":"","overlay-gradient":""}},"footnotes":""},"categories":[1],"tags":[],"class_list":["post-4104","post","type-post","status-publish","format-standard","hentry","category-uncategorized"],"_links":{"self":[{"href":"https:\/\/enlacescorporativos.com\/en\/wp-json\/wp\/v2\/posts\/4104","targetHints":{"allow":["GET"]}}],"collection":[{"href":"https:\/\/enlacescorporativos.com\/en\/wp-json\/wp\/v2\/posts"}],"about":[{"href":"https:\/\/enlacescorporativos.com\/en\/wp-json\/wp\/v2\/types\/post"}],"author":[{"embeddable":true,"href":"https:\/\/enlacescorporativos.com\/en\/wp-json\/wp\/v2\/users\/91"}],"replies":[{"embeddable":true,"href":"https:\/\/enlacescorporativos.com\/en\/wp-json\/wp\/v2\/comments?post=4104"}],"version-history":[{"count":0,"href":"https:\/\/enlacescorporativos.com\/en\/wp-json\/wp\/v2\/posts\/4104\/revisions"}],"wp:attachment":[{"href":"https:\/\/enlacescorporativos.com\/en\/wp-json\/wp\/v2\/media?parent=4104"}],"wp:term":[{"taxonomy":"category","embeddable":true,"href":"https:\/\/enlacescorporativos.com\/en\/wp-json\/wp\/v2\/categories?post=4104"},{"taxonomy":"post_tag","embeddable":true,"href":"https:\/\/enlacescorporativos.com\/en\/wp-json\/wp\/v2\/tags?post=4104"}],"curies":[{"name":"wp","href":"https:\/\/api.w.org\/{rel}","templated":true}]}}