{"id":4132,"date":"2019-07-04T13:38:10","date_gmt":"2019-07-04T18:38:10","guid":{"rendered":"https:\/\/enlacescorporativos.com\/?p=4132"},"modified":"2019-07-04T13:38:10","modified_gmt":"2019-07-04T18:38:10","slug":"policias-federales-sugieren-a-calderon-como-representante-durazo-truena-contra-el","status":"publish","type":"post","link":"https:\/\/enlacescorporativos.com\/en\/2019\/07\/04\/policias-federales-sugieren-a-calderon-como-representante-durazo-truena-contra-el\/","title":{"rendered":"Polic\u00edas federales sugieren a Calder\u00f3n como representante; Durazo truena\u00a0contra \u00e9l"},"content":{"rendered":"<div><img src='https:\/\/cdn.forbes.com.mx\/2019\/07\/durazo-calderon.jpg' style='max-width:600px;' \/><\/p>\n<div>\n<p><a rel=\"nofollow\" href=\"https:\/\/www.forbes.com.mx\">Forbes M\u00e9xico<\/a>.<br \/>\n <a rel=\"nofollow\" href=\"https:\/\/www.forbes.com.mx\/policias-federales-sugieren-a-calderon-como-representante-durazo-truena-contra-el\/\">Polic\u00edas federales sugieren a Calder\u00f3n como representante; Durazo truena\u00a0contra \u00e9l<\/a><\/p>\n<div><img fetchpriority=\"high\" decoding=\"async\" width=\"1280\" height=\"720\" src=\"https:\/\/cdn.forbes.com.mx\/2019\/07\/durazo-calderon.jpg\" class=\"attachment-full size-full wp-post-image\" alt=\"\" style=\"margin-bottom: 15px;\" srcset=\"https:\/\/cdn.forbes.com.mx\/2019\/07\/durazo-calderon.jpg 1280w, https:\/\/cdn.forbes.com.mx\/2019\/07\/durazo-calderon-300x169.jpg 300w, https:\/\/cdn.forbes.com.mx\/2019\/07\/durazo-calderon-768x432.jpg 768w, https:\/\/cdn.forbes.com.mx\/2019\/07\/durazo-calderon-1024x576.jpg 1024w, https:\/\/cdn.forbes.com.mx\/2019\/07\/durazo-calderon-600x338.jpg 600w, https:\/\/cdn.forbes.com.mx\/2019\/07\/durazo-calderon-200x113.jpg 200w, https:\/\/cdn.forbes.com.mx\/2019\/07\/durazo-calderon-640x360.jpg 640w, https:\/\/cdn.forbes.com.mx\/2019\/07\/durazo-calderon-320x180.jpg 320w\" sizes=\"(max-width: 1280px) 100vw, 1280px\" data-full-size=\"https:\/\/cdn.forbes.com.mx\/2019\/07\/durazo-calderon.jpg\" data-caption=\"Fotos: Notimex y Getty Images.\" data-description=\"\" \/><\/div>\n<p>Dos elementos de la Polic\u00eda Federal pidieron esta ma\u00f1ana que el expresidente Felipe Calder\u00f3n sea su representante y defienda sus derechos laborales.<\/p>\n<p>&#8220;Queremos hacer una invitaci\u00f3n al expresidente Calder\u00f3n para que sea nuestro representante sindical&#8221;, dijo en entrevista con los medios de comunicaci\u00f3n\u00a0un polic\u00eda federal\u00a0que se opone a su traspaso a la Guardia Nacional.<\/p>\n<p>Fue secundado por otro de los inconformes, quien aclar\u00f3 que &#8220;nosotros sabemos que no es pol\u00edtica, sabemos que no se trata de nada pol\u00edtico, simplemente como ellos (el gobierno federal) han hablado que nosotros somos corruptos, queremos que una persona que ha estado siempre de lado de la Polic\u00eda Federal nos represente&#8221;.<\/p>\n<p>La declaraci\u00f3n gener\u00f3 divisi\u00f3n entre el grupo de polic\u00edas que aparec\u00eda a cuadro durante la entrevista, pues ambos uniformados fueron interrumpidos por otros de sus compa\u00f1eros con la aclaraci\u00f3n: &#8220;nosotros no pedimos eso&#8221;.<\/p>\n<p>Calder\u00f3n ha expresado en redes sociales sus cr\u00edticas\u00a0al presidente Andr\u00e9s Manuel L\u00f3pez Obrador por su estrategia de seguridad, como la creaci\u00f3n de la Guardia Nacional.<\/p>\n<p>&#8220;Si la Polic\u00eda Federal &#8216;se ech\u00f3 a perder&#8217;, \u00bfentonces para qu\u00e9 la quieren dentro de la Guardia Nacional? Hago votos por que esto se resuelva en paz; que a polic\u00edas se les restituyan sus derechos: bonos, seguro m\u00e9dico, prima de riesgo, gastos. Mi solidaridad&#8221;, escribi\u00f3 el mi\u00e9rcoles en Twitter.<\/p>\n<p>Al respecto, el secretario de Seguridad y Protecci\u00f3n Ciudadana, Alfonso Durazo, critic\u00f3 que haya adversarios del gobierno que buscan sacar\u00a0sacar provecho del problema en la Polic\u00eda Federal, en referencia al expresidente Calder\u00f3n.<\/p>\n<p>\u201cNo es casual que uno de los propios representantes de los inconformes solicitara que Felipe Calder\u00f3n fuera su representante sindical\u201d, advirti\u00f3.<\/p>\n<p>El funcionario afirm\u00f3 tambi\u00e9n que los gobiernos anteriores abandonaron a la Polic\u00eda Federal y por ello se tuvo que optar por crear la Guardia Nacional con la participaci\u00f3n de militares.<\/p>\n<p>&#8220;No en vano, hace m\u00e1s de 12 a\u00f1os, el entonces gobierno de la Rep\u00fablica tom\u00f3 la decisi\u00f3n de llevar al Ej\u00e9rcito a la calle para contener el crimen organizado ante la debilidad de las polic\u00edas municipales y la insuficiencia y debilidad de la Polic\u00eda Federal&#8221;, mencion\u00f3.<\/p>\n<p>Se dijo tambi\u00e9n entonces que se dar\u00edan 10 a\u00f1os para el fortalecimiento de la Polic\u00eda Federal y las municipales y ambas instancias fueron &#8220;lamentablemente abandonadas por esos gobiernos&#8221;, agreg\u00f3.<\/p>\n<p>&#8220;Uno de esos presidente se rasga las vestiduras por defender a la Polic\u00eda Federal cuando pudo hacerlo como presidente de la Rep\u00fablica&#8221;, expres\u00f3 Durazo.<\/p>\n<p><em>Con informaci\u00f3n de Notimex<\/em><\/p>\n<p><strong>No te pierdas:<\/strong><\/p>\n<blockquote class=\"wp-embedded-content\" data-secret=\"TkZg4gnxQ1\">\n<p><a href=\"https:\/\/www.forbes.com.mx\/durazo-detras-de-protestas-de-policias-federales-hay-beneficiarios-de-corrupcion\/\">Durazo: detr\u00e1s de protestas de polic\u00edas federales hay oportunistas y corruptos<\/a><\/p>\n<\/blockquote>\n<p><iframe class=\"embed-responsive-item\"  title=\"&#8220;Durazo: detr\u00e1s de protestas de polic\u00edas federales hay oportunistas y corruptos&#8221; &#8212; Forbes M\u00e9xico\" sandbox=\"allow-scripts\" security=\"restricted\" style=\"position: absolute; clip: rect(1px, 1px, 1px, 1px);\" src=\"https:\/\/www.forbes.com.mx\/durazo-detras-de-protestas-de-policias-federales-hay-beneficiarios-de-corrupcion\/embed\/#?secret=TkZg4gnxQ1\" data-secret=\"TkZg4gnxQ1\" width=\"600\" height=\"338\" frameborder=\"0\" marginwidth=\"0\" marginheight=\"0\" scrolling=\"no\"><\/iframe><\/p>\n<p><a rel=\"nofollow\" href=\"https:\/\/www.forbes.com.mx\/policias-federales-sugieren-a-calderon-como-representante-durazo-truena-contra-el\/\">Polic\u00edas federales sugieren a Calder\u00f3n como representante; Durazo truena\u00a0contra \u00e9l<\/a><br \/>\n<a rel=\"nofollow\" href=\"https:\/\/www.forbes.com.mx\/author\/forbes-staff\/\">Forbes Staff<\/a><\/p>\n<\/div>\n<\/div>","protected":false},"excerpt":{"rendered":"<p>Forbes M\u00e9xico. Polic\u00edas federales sugieren a Calder\u00f3n como representante; Durazo truena\u00a0contra \u00e9l Dos elementos de la Polic\u00eda Federal pidieron esta ma\u00f1ana que el expresidente Felipe Calder\u00f3n sea su representante y defienda sus derechos laborales. &#8220;Queremos hacer una invitaci\u00f3n al expresidente Calder\u00f3n para que sea nuestro representante sindical&#8221;, dijo en entrevista con los medios de comunicaci\u00f3n\u00a0un [&hellip;]<\/p>","protected":false},"author":91,"featured_media":0,"comment_status":"open","ping_status":"open","sticky":false,"template":"","format":"standard","meta":{"site-sidebar-layout":"default","site-content-layout":"","ast-site-content-layout":"","site-content-style":"default","site-sidebar-style":"default","ast-global-header-display":"","ast-banner-title-visibility":"","ast-main-header-display":"","ast-hfb-above-header-display":"","ast-hfb-below-header-display":"","ast-hfb-mobile-header-display":"","site-post-title":"","ast-breadcrumbs-content":"","ast-featured-img":"","footer-sml-layout":"","theme-transparent-header-meta":"","adv-header-id-meta":"","stick-header-meta":"","header-above-stick-meta":"","header-main-stick-meta":"","header-below-stick-meta":"","astra-migrate-meta-layouts":"default","ast-page-background-enabled":"default","ast-page-background-meta":{"desktop":{"background-color":"","background-image":"","background-repeat":"repeat","background-position":"center center","background-size":"auto","background-attachment":"scroll","background-type":"","background-media":"","overlay-type":"","overlay-color":"","overlay-opacity":"","overlay-gradient":""},"tablet":{"background-color":"","background-image":"","background-repeat":"repeat","background-position":"center center","background-size":"auto","background-attachment":"scroll","background-type":"","background-media":"","overlay-type":"","overlay-color":"","overlay-opacity":"","overlay-gradient":""},"mobile":{"background-color":"","background-image":"","background-repeat":"repeat","background-position":"center center","background-size":"auto","background-attachment":"scroll","background-type":"","background-media":"","overlay-type":"","overlay-color":"","overlay-opacity":"","overlay-gradient":""}},"ast-content-background-meta":{"desktop":{"background-color":"var(--ast-global-color-5)","background-image":"","background-repeat":"repeat","background-position":"center center","background-size":"auto","background-attachment":"scroll","background-type":"","background-media":"","overlay-type":"","overlay-color":"","overlay-opacity":"","overlay-gradient":""},"tablet":{"background-color":"var(--ast-global-color-5)","background-image":"","background-repeat":"repeat","background-position":"center center","background-size":"auto","background-attachment":"scroll","background-type":"","background-media":"","overlay-type":"","overlay-color":"","overlay-opacity":"","overlay-gradient":""},"mobile":{"background-color":"var(--ast-global-color-5)","background-image":"","background-repeat":"repeat","background-position":"center center","background-size":"auto","background-attachment":"scroll","background-type":"","background-media":"","overlay-type":"","overlay-color":"","overlay-opacity":"","overlay-gradient":""}},"footnotes":""},"categories":[1],"tags":[],"class_list":["post-4132","post","type-post","status-publish","format-standard","hentry","category-uncategorized"],"_links":{"self":[{"href":"https:\/\/enlacescorporativos.com\/en\/wp-json\/wp\/v2\/posts\/4132","targetHints":{"allow":["GET"]}}],"collection":[{"href":"https:\/\/enlacescorporativos.com\/en\/wp-json\/wp\/v2\/posts"}],"about":[{"href":"https:\/\/enlacescorporativos.com\/en\/wp-json\/wp\/v2\/types\/post"}],"author":[{"embeddable":true,"href":"https:\/\/enlacescorporativos.com\/en\/wp-json\/wp\/v2\/users\/91"}],"replies":[{"embeddable":true,"href":"https:\/\/enlacescorporativos.com\/en\/wp-json\/wp\/v2\/comments?post=4132"}],"version-history":[{"count":0,"href":"https:\/\/enlacescorporativos.com\/en\/wp-json\/wp\/v2\/posts\/4132\/revisions"}],"wp:attachment":[{"href":"https:\/\/enlacescorporativos.com\/en\/wp-json\/wp\/v2\/media?parent=4132"}],"wp:term":[{"taxonomy":"category","embeddable":true,"href":"https:\/\/enlacescorporativos.com\/en\/wp-json\/wp\/v2\/categories?post=4132"},{"taxonomy":"post_tag","embeddable":true,"href":"https:\/\/enlacescorporativos.com\/en\/wp-json\/wp\/v2\/tags?post=4132"}],"curies":[{"name":"wp","href":"https:\/\/api.w.org\/{rel}","templated":true}]}}