{"id":4134,"date":"2019-07-04T13:38:12","date_gmt":"2019-07-04T18:38:12","guid":{"rendered":"https:\/\/enlacescorporativos.com\/?p=4134"},"modified":"2019-07-04T13:38:12","modified_gmt":"2019-07-04T18:38:12","slug":"sct-admite-que-amparos-retrasarian-aeropuerto-de-santa-lucia-hasta-2022","status":"publish","type":"post","link":"https:\/\/enlacescorporativos.com\/en\/2019\/07\/04\/sct-admite-que-amparos-retrasarian-aeropuerto-de-santa-lucia-hasta-2022\/","title":{"rendered":"SCT admite que amparos retrasar\u00edan aeropuerto de Santa Luc\u00eda hasta 2022"},"content":{"rendered":"<div><img src='https:\/\/cdn.forbes.com.mx\/2018\/08\/santa-lucia-2.jpg' style='max-width:600px;' \/><\/p>\n<div>\n<p><a rel=\"nofollow\" href=\"https:\/\/www.forbes.com.mx\">Forbes M\u00e9xico<\/a>.<br \/>\n <a rel=\"nofollow\" href=\"https:\/\/www.forbes.com.mx\/sct-admite-que-amparos-retrasarian-aeropuerto-de-santa-lucia-hasta-2022\/\">SCT admite que amparos retrasar\u00edan aeropuerto de Santa Luc\u00eda hasta 2022<\/a><\/p>\n<div><img fetchpriority=\"high\" decoding=\"async\" width=\"1280\" height=\"720\" src=\"https:\/\/cdn.forbes.com.mx\/2018\/08\/santa-lucia-2.jpg\" class=\"attachment-full size-full wp-post-image\" alt=\"\" style=\"margin-bottom: 15px;\" srcset=\"https:\/\/cdn.forbes.com.mx\/2018\/08\/santa-lucia-2.jpg 1280w, https:\/\/cdn.forbes.com.mx\/2018\/08\/santa-lucia-2-300x169.jpg 300w, https:\/\/cdn.forbes.com.mx\/2018\/08\/santa-lucia-2-768x432.jpg 768w, https:\/\/cdn.forbes.com.mx\/2018\/08\/santa-lucia-2-1024x576.jpg 1024w, https:\/\/cdn.forbes.com.mx\/2018\/08\/santa-lucia-2-640x360.jpg 640w, https:\/\/cdn.forbes.com.mx\/2018\/08\/santa-lucia-2-320x180.jpg 320w\" sizes=\"(max-width: 1280px) 100vw, 1280px\" data-full-size=\"https:\/\/cdn.forbes.com.mx\/2018\/08\/santa-lucia-2.jpg\" data-caption=\"Imagen: Grupo Riob\u00f3o\" data-description=\"\" \/><\/div>\n<p><strong>Notimex.-<\/strong> El titular de la Secretar\u00eda de Comunicaciones y Transportes (SCT), Javier Jim\u00e9nez Espri\u00fa, se\u00f1al\u00f3 que los amparos interpuestos contra el aeropuerto de Santa Luc\u00eda afectan el avance de esta obra.<\/p>\n<p>En el marco de la celebraci\u00f3n del D\u00eda Nacional del Ingeniero, el funcionario federal reconoci\u00f3 los retrasos que hay en las obras y dijo que la terminal a\u00e9rea no estar\u00e1 en 2021, sino hasta 2022.<\/p>\n<p>\u201cEstos amparos nos han retrasado un poco, esper\u00e1bamos empezar a construir hace como un mes, pero no fue posible, espero que empecemos la construcci\u00f3n a finales de este mes\u201d, afirm\u00f3.<\/p>\n<p>Jim\u00e9nez Espri\u00fa dijo estar confiado en que este mes se resuelvan los asuntos judiciales de manera favorable que hay en contra de la obra, para que as\u00ed se puedan continuar con los trabajos.<\/p>\n<p>Cabe destacar que la organizaci\u00f3n #NoM\u00e1sDerroches ha promovido varias demandas de amparo para frenar las obras en el aeropuerto de Santa Luc\u00eda.<\/p>\n<p>El presidente Andr\u00e9s Manuel L\u00f3pez Obrador hab\u00eda se\u00f1alado que el nuevo aeropuerto en Santa Luc\u00eda estar\u00eda en operaciones en 2021, sin embargo, se anunci\u00f3 que ser\u00e1 hasta un a\u00f1o despu\u00e9s cuando est\u00e9 listo.<\/p>\n<p><strong>Te recomendamos:\u00a0<\/strong><\/p>\n<blockquote class=\"wp-embedded-content\" data-secret=\"bvOESf9Xkb\">\n<p><a href=\"https:\/\/www.forbes.com.mx\/obra-del-aeropuerto-de-santa-lucia-no-se-detiene-amlo\/\">Pese a amparos, Santa Luc\u00eda no se detiene, reafirma L\u00f3pez Obrador<\/a><\/p>\n<\/blockquote>\n<p><iframe class=\"embed-responsive-item\"  title=\"&#8220;Pese a amparos, Santa Luc\u00eda no se detiene, reafirma L\u00f3pez Obrador&#8221; &#8212; Forbes M\u00e9xico\" sandbox=\"allow-scripts\" security=\"restricted\" style=\"position: absolute; clip: rect(1px, 1px, 1px, 1px);\" src=\"https:\/\/www.forbes.com.mx\/obra-del-aeropuerto-de-santa-lucia-no-se-detiene-amlo\/embed\/#?secret=bvOESf9Xkb\" data-secret=\"bvOESf9Xkb\" width=\"600\" height=\"338\" frameborder=\"0\" marginwidth=\"0\" marginheight=\"0\" scrolling=\"no\"><\/iframe><\/p>\n<p><a rel=\"nofollow\" href=\"https:\/\/www.forbes.com.mx\/sct-admite-que-amparos-retrasarian-aeropuerto-de-santa-lucia-hasta-2022\/\">SCT admite que amparos retrasar\u00edan aeropuerto de Santa Luc\u00eda hasta 2022<\/a><br \/>\n<a rel=\"nofollow\" href=\"https:\/\/www.forbes.com.mx\/author\/forbes-staff\/\">Forbes Staff<\/a><\/p>\n<\/div>\n<\/div>","protected":false},"excerpt":{"rendered":"<p>Forbes M\u00e9xico. SCT admite que amparos retrasar\u00edan aeropuerto de Santa Luc\u00eda hasta 2022 Notimex.- El titular de la Secretar\u00eda de Comunicaciones y Transportes (SCT), Javier Jim\u00e9nez Espri\u00fa, se\u00f1al\u00f3 que los amparos interpuestos contra el aeropuerto de Santa Luc\u00eda afectan el avance de esta obra. En el marco de la celebraci\u00f3n del D\u00eda Nacional del Ingeniero, [&hellip;]<\/p>","protected":false},"author":91,"featured_media":0,"comment_status":"open","ping_status":"open","sticky":false,"template":"","format":"standard","meta":{"site-sidebar-layout":"default","site-content-layout":"","ast-site-content-layout":"","site-content-style":"default","site-sidebar-style":"default","ast-global-header-display":"","ast-banner-title-visibility":"","ast-main-header-display":"","ast-hfb-above-header-display":"","ast-hfb-below-header-display":"","ast-hfb-mobile-header-display":"","site-post-title":"","ast-breadcrumbs-content":"","ast-featured-img":"","footer-sml-layout":"","theme-transparent-header-meta":"","adv-header-id-meta":"","stick-header-meta":"","header-above-stick-meta":"","header-main-stick-meta":"","header-below-stick-meta":"","astra-migrate-meta-layouts":"default","ast-page-background-enabled":"default","ast-page-background-meta":{"desktop":{"background-color":"","background-image":"","background-repeat":"repeat","background-position":"center center","background-size":"auto","background-attachment":"scroll","background-type":"","background-media":"","overlay-type":"","overlay-color":"","overlay-opacity":"","overlay-gradient":""},"tablet":{"background-color":"","background-image":"","background-repeat":"repeat","background-position":"center center","background-size":"auto","background-attachment":"scroll","background-type":"","background-media":"","overlay-type":"","overlay-color":"","overlay-opacity":"","overlay-gradient":""},"mobile":{"background-color":"","background-image":"","background-repeat":"repeat","background-position":"center center","background-size":"auto","background-attachment":"scroll","background-type":"","background-media":"","overlay-type":"","overlay-color":"","overlay-opacity":"","overlay-gradient":""}},"ast-content-background-meta":{"desktop":{"background-color":"var(--ast-global-color-5)","background-image":"","background-repeat":"repeat","background-position":"center center","background-size":"auto","background-attachment":"scroll","background-type":"","background-media":"","overlay-type":"","overlay-color":"","overlay-opacity":"","overlay-gradient":""},"tablet":{"background-color":"var(--ast-global-color-5)","background-image":"","background-repeat":"repeat","background-position":"center center","background-size":"auto","background-attachment":"scroll","background-type":"","background-media":"","overlay-type":"","overlay-color":"","overlay-opacity":"","overlay-gradient":""},"mobile":{"background-color":"var(--ast-global-color-5)","background-image":"","background-repeat":"repeat","background-position":"center center","background-size":"auto","background-attachment":"scroll","background-type":"","background-media":"","overlay-type":"","overlay-color":"","overlay-opacity":"","overlay-gradient":""}},"footnotes":""},"categories":[1],"tags":[],"class_list":["post-4134","post","type-post","status-publish","format-standard","hentry","category-uncategorized"],"_links":{"self":[{"href":"https:\/\/enlacescorporativos.com\/en\/wp-json\/wp\/v2\/posts\/4134","targetHints":{"allow":["GET"]}}],"collection":[{"href":"https:\/\/enlacescorporativos.com\/en\/wp-json\/wp\/v2\/posts"}],"about":[{"href":"https:\/\/enlacescorporativos.com\/en\/wp-json\/wp\/v2\/types\/post"}],"author":[{"embeddable":true,"href":"https:\/\/enlacescorporativos.com\/en\/wp-json\/wp\/v2\/users\/91"}],"replies":[{"embeddable":true,"href":"https:\/\/enlacescorporativos.com\/en\/wp-json\/wp\/v2\/comments?post=4134"}],"version-history":[{"count":0,"href":"https:\/\/enlacescorporativos.com\/en\/wp-json\/wp\/v2\/posts\/4134\/revisions"}],"wp:attachment":[{"href":"https:\/\/enlacescorporativos.com\/en\/wp-json\/wp\/v2\/media?parent=4134"}],"wp:term":[{"taxonomy":"category","embeddable":true,"href":"https:\/\/enlacescorporativos.com\/en\/wp-json\/wp\/v2\/categories?post=4134"},{"taxonomy":"post_tag","embeddable":true,"href":"https:\/\/enlacescorporativos.com\/en\/wp-json\/wp\/v2\/tags?post=4134"}],"curies":[{"name":"wp","href":"https:\/\/api.w.org\/{rel}","templated":true}]}}