{"id":4140,"date":"2019-07-04T14:48:22","date_gmt":"2019-07-04T19:48:22","guid":{"rendered":"https:\/\/enlacescorporativos.com\/?p=4140"},"modified":"2019-07-04T14:48:22","modified_gmt":"2019-07-04T19:48:22","slug":"estas-son-las-opciones-que-ofrece-el-gobierno-a-los-policias-federales-inconformes","status":"publish","type":"post","link":"https:\/\/enlacescorporativos.com\/en\/2019\/07\/04\/estas-son-las-opciones-que-ofrece-el-gobierno-a-los-policias-federales-inconformes\/","title":{"rendered":"Estas son las opciones que ofrece el gobierno a los polic\u00edas federales inconformes"},"content":{"rendered":"<div><img src='https:\/\/cdn.forbes.com.mx\/2019\/07\/policia-federal-3.jpg' style='max-width:600px;' \/><\/p>\n<div>\n<p><a rel=\"nofollow\" href=\"https:\/\/www.forbes.com.mx\">Forbes M\u00e9xico<\/a>.<br \/>\n <a rel=\"nofollow\" href=\"https:\/\/www.forbes.com.mx\/estas-son-las-opciones-que-ofrece-el-gobierno-a-los-policias-federales-inconformes\/\">Estas son las opciones que ofrece el gobierno a los polic\u00edas federales inconformes<\/a><\/p>\n<div><img fetchpriority=\"high\" decoding=\"async\" width=\"2000\" height=\"1125\" src=\"https:\/\/cdn.forbes.com.mx\/2019\/07\/policia-federal-3.jpg\" class=\"attachment-full size-full wp-post-image\" alt=\"\" style=\"margin-bottom: 15px;\" srcset=\"https:\/\/cdn.forbes.com.mx\/2019\/07\/policia-federal-3.jpg 2000w, https:\/\/cdn.forbes.com.mx\/2019\/07\/policia-federal-3-300x169.jpg 300w, https:\/\/cdn.forbes.com.mx\/2019\/07\/policia-federal-3-768x432.jpg 768w, https:\/\/cdn.forbes.com.mx\/2019\/07\/policia-federal-3-1024x576.jpg 1024w, https:\/\/cdn.forbes.com.mx\/2019\/07\/policia-federal-3-600x338.jpg 600w, https:\/\/cdn.forbes.com.mx\/2019\/07\/policia-federal-3-200x113.jpg 200w, https:\/\/cdn.forbes.com.mx\/2019\/07\/policia-federal-3-1280x720.jpg 1280w, https:\/\/cdn.forbes.com.mx\/2019\/07\/policia-federal-3-640x360.jpg 640w, https:\/\/cdn.forbes.com.mx\/2019\/07\/policia-federal-3-320x180.jpg 320w\" sizes=\"(max-width: 2000px) 100vw, 2000px\" data-full-size=\"https:\/\/cdn.forbes.com.mx\/2019\/07\/policia-federal-3.jpg\" data-caption=\"Foto: Notimex\" data-description=\"\" \/><\/div>\n<p>Ning\u00fan elemento de la\u00a0Polic\u00eda Federal ser\u00e1 despedido aunque no acepten o no cumpla los requisitos para su transferencia a la Guardia Nacional, asegur\u00f3 el secretario de Seguridad, Alfonso Durazo.<\/p>\n<p>En respuesta a las protestas de polic\u00edas federales afuera del Centro de Mando de la corporaci\u00f3n y con bloqueos viales en la Ciudad de M\u00e9xico, el funcionario asever\u00f3 que el movimiento no tiene raz\u00f3n de ser, pues los derechos laborales de los efectivos ser\u00e1n respetados.<\/p>\n<p>Aunque acus\u00f3 que hay personas que, de forma oportunista y con intereses ajenos, est\u00e1n instigando a los polic\u00edas, Durazo admiti\u00f3 que hay inquietudes leg\u00edtimas de los elementos.<\/p>\n<p><em><strong>Lee tambi\u00e9n:\u00a0<a href=\"https:\/\/www.forbes.com.mx\/durazo-detras-de-protestas-de-policias-federales-hay-beneficiarios-de-corrupcion\/\">Durazo: detr\u00e1s de protestas de polic\u00edas federales hay beneficiados de la corrupci\u00f3n<\/a><\/strong><\/em><\/p>\n<div class=\"f4_module--two__article__metas--large f4_metas\">En ese sentido, reconoci\u00f3 que su equipo tuvo fallas y carecieron de mecanismos de comunicaci\u00f3n interna que recogieran los sentimientos y se anticiparan a las demandas de los polic\u00edas federales.<\/div>\n<p>Ante esto, agreg\u00f3,\u00a0se crear\u00e1 una unidad de transici\u00f3n, con una oficina en cada centro de trabajo, para que atienda las inquietudes de cada elemento.<\/p>\n<p>Asimismo, el secretario reiter\u00f3 que a quienes deseen pasar a la Guardia Nacional se le respetar\u00e1 su nivel salarial y prestaciones de seguridad, incluido el seguro de gastos m\u00e9dicos mayores y el seguro de vida institucional.<\/p>\n<p>No obstante, fue tajante al mencionar que no se modificar\u00e1n de ninguna forma los requisitos de acceso a la Guardia, como <a href=\"https:\/\/www.forbes.com.mx\/coordinadora-de-guardia-nacional-promete-atender-pliego-de-policia-federales\/\">han demandado los polic\u00edas inconformes<\/a>, quienes buscan evitar que la Secretar\u00eda de la Defensa Nacional los eval\u00fae para su transferencia.<\/p>\n<p>Si queremos est\u00e1ndares internacionales, los requisitos deben ser rigurosos, sentenci\u00f3 Durazo.<\/p>\n<p>Por otro lado, el funcionario insisti\u00f3 en que ya no tendr\u00e1 justificaci\u00f3n el bono que recib\u00edan los polic\u00edas federales cuando eran desplegados a otras \u00e1reas del pa\u00eds, pues la Guardia Nacional no va a trabajar por operativos, sino un despliegue permanente que tendr\u00e1 fijos a sus elementos.<\/p>\n<p>&#8220;Los elementos de la Guardia Nacional van a tener una adscripci\u00f3n permanente, de tal manera que junto a su proyecto de vida profesional puedan realizar tambi\u00e9n un proyecto de vida personal&#8221;, coment\u00f3.<\/p>\n<p><strong>Caminos fuera de la Guardia<\/strong><\/p>\n<p>En caso de que los elementos no deseen o no acrediten su traspaso, no ser\u00e1n despedidos y tendr\u00e1n como alternativa su transferencia a alguno de los siguientes organismo del gobierno:<\/p>\n<ul>\n<li>Servicio de Protecci\u00f3n Federal<\/li>\n<li>Sistema Penitenciario<\/li>\n<li>Administraci\u00f3n General de Aduanas<\/li>\n<li>Instituto Nacional de Migraci\u00f3n<\/li>\n<li>Comisi\u00f3n Nacional Antisecuestros<\/li>\n<li>Unidad de Medidas Cautelares<\/li>\n<li>Protecci\u00f3n Civil<\/li>\n<li>Direcci\u00f3n General de Seguridad Privada<\/li>\n<li>Comisi\u00f3n Nacional de B\u00fasqueda<\/li>\n<li>Comisi\u00f3n Mexicana de Ayuda a Refugiados<\/li>\n<\/ul>\n<p>Durazo mencion\u00f3 que la opci\u00f3n preferente es el Servicio de Protecci\u00f3n Federal (SPF), \u00f3rgano desconcentrado de la Secretar\u00eda de Seguridad que ofrece a privados y al mismo gobierno contratar un servicio de seguridad.<\/p>\n<p>Actualmente, a\u00f1adi\u00f3, el gobierno federal tiene contratados 39,107 polic\u00edas privados para el resguardo de instalaciones no estrat\u00e9gicas y desea consolidar el SPF para ya no recurrir a empresas particulares.<\/p>\n<p>&#8220;Est\u00e1 programado el relevo de este personal privado por personal del Servicio de Protecci\u00f3n Federal, raz\u00f3n por la cual requerimos a personal de la Polic\u00eda Federal ya capacitado&#8221;, refiri\u00f3 el secretario.<\/p>\n<p>Por \u00faltimo, para los efectivos que no deseen ninguna de las opciones anteriores, el gobierno podr\u00eda promover un programa de retiro voluntario, aunque \u00e9ste quedar\u00e1 sujeto a la disponibilidad presupuestal.<\/p>\n<p><em><strong>No te pierdas:\u00a0<\/strong><\/em><\/p>\n<blockquote class=\"wp-embedded-content\" data-secret=\"qd8oDByEOC\">\n<p><a href=\"https:\/\/www.forbes.com.mx\/policias-federales-sugieren-a-calderon-como-representante-durazo-truena-contra-el\/\">Polic\u00edas federales sugieren a Calder\u00f3n como representante; Durazo truena\u00a0contra \u00e9l<\/a><\/p>\n<\/blockquote>\n<p><iframe class=\"embed-responsive-item\"  title=\"&#8220;Polic\u00edas federales sugieren a Calder\u00f3n como representante; Durazo truena\u00a0contra \u00e9l&#8221; &#8212; Forbes M\u00e9xico\" sandbox=\"allow-scripts\" security=\"restricted\" style=\"position: absolute; clip: rect(1px, 1px, 1px, 1px);\" src=\"https:\/\/www.forbes.com.mx\/policias-federales-sugieren-a-calderon-como-representante-durazo-truena-contra-el\/embed\/#?secret=qd8oDByEOC\" data-secret=\"qd8oDByEOC\" width=\"600\" height=\"338\" frameborder=\"0\" marginwidth=\"0\" marginheight=\"0\" scrolling=\"no\"><\/iframe><\/p>\n<p><a rel=\"nofollow\" href=\"https:\/\/www.forbes.com.mx\/estas-son-las-opciones-que-ofrece-el-gobierno-a-los-policias-federales-inconformes\/\">Estas son las opciones que ofrece el gobierno a los polic\u00edas federales inconformes<\/a><br \/>\n<a rel=\"nofollow\" href=\"https:\/\/www.forbes.com.mx\/author\/forbes-staff\/\">Forbes Staff<\/a><\/p>\n<\/div>\n<\/div>","protected":false},"excerpt":{"rendered":"<p>Forbes M\u00e9xico. Estas son las opciones que ofrece el gobierno a los polic\u00edas federales inconformes Ning\u00fan elemento de la\u00a0Polic\u00eda Federal ser\u00e1 despedido aunque no acepten o no cumpla los requisitos para su transferencia a la Guardia Nacional, asegur\u00f3 el secretario de Seguridad, Alfonso Durazo. En respuesta a las protestas de polic\u00edas federales afuera del Centro [&hellip;]<\/p>","protected":false},"author":91,"featured_media":0,"comment_status":"open","ping_status":"open","sticky":false,"template":"","format":"standard","meta":{"site-sidebar-layout":"default","site-content-layout":"","ast-site-content-layout":"","site-content-style":"default","site-sidebar-style":"default","ast-global-header-display":"","ast-banner-title-visibility":"","ast-main-header-display":"","ast-hfb-above-header-display":"","ast-hfb-below-header-display":"","ast-hfb-mobile-header-display":"","site-post-title":"","ast-breadcrumbs-content":"","ast-featured-img":"","footer-sml-layout":"","theme-transparent-header-meta":"","adv-header-id-meta":"","stick-header-meta":"","header-above-stick-meta":"","header-main-stick-meta":"","header-below-stick-meta":"","astra-migrate-meta-layouts":"default","ast-page-background-enabled":"default","ast-page-background-meta":{"desktop":{"background-color":"","background-image":"","background-repeat":"repeat","background-position":"center center","background-size":"auto","background-attachment":"scroll","background-type":"","background-media":"","overlay-type":"","overlay-color":"","overlay-opacity":"","overlay-gradient":""},"tablet":{"background-color":"","background-image":"","background-repeat":"repeat","background-position":"center center","background-size":"auto","background-attachment":"scroll","background-type":"","background-media":"","overlay-type":"","overlay-color":"","overlay-opacity":"","overlay-gradient":""},"mobile":{"background-color":"","background-image":"","background-repeat":"repeat","background-position":"center center","background-size":"auto","background-attachment":"scroll","background-type":"","background-media":"","overlay-type":"","overlay-color":"","overlay-opacity":"","overlay-gradient":""}},"ast-content-background-meta":{"desktop":{"background-color":"var(--ast-global-color-5)","background-image":"","background-repeat":"repeat","background-position":"center center","background-size":"auto","background-attachment":"scroll","background-type":"","background-media":"","overlay-type":"","overlay-color":"","overlay-opacity":"","overlay-gradient":""},"tablet":{"background-color":"var(--ast-global-color-5)","background-image":"","background-repeat":"repeat","background-position":"center center","background-size":"auto","background-attachment":"scroll","background-type":"","background-media":"","overlay-type":"","overlay-color":"","overlay-opacity":"","overlay-gradient":""},"mobile":{"background-color":"var(--ast-global-color-5)","background-image":"","background-repeat":"repeat","background-position":"center center","background-size":"auto","background-attachment":"scroll","background-type":"","background-media":"","overlay-type":"","overlay-color":"","overlay-opacity":"","overlay-gradient":""}},"footnotes":""},"categories":[1],"tags":[],"class_list":["post-4140","post","type-post","status-publish","format-standard","hentry","category-uncategorized"],"_links":{"self":[{"href":"https:\/\/enlacescorporativos.com\/en\/wp-json\/wp\/v2\/posts\/4140","targetHints":{"allow":["GET"]}}],"collection":[{"href":"https:\/\/enlacescorporativos.com\/en\/wp-json\/wp\/v2\/posts"}],"about":[{"href":"https:\/\/enlacescorporativos.com\/en\/wp-json\/wp\/v2\/types\/post"}],"author":[{"embeddable":true,"href":"https:\/\/enlacescorporativos.com\/en\/wp-json\/wp\/v2\/users\/91"}],"replies":[{"embeddable":true,"href":"https:\/\/enlacescorporativos.com\/en\/wp-json\/wp\/v2\/comments?post=4140"}],"version-history":[{"count":0,"href":"https:\/\/enlacescorporativos.com\/en\/wp-json\/wp\/v2\/posts\/4140\/revisions"}],"wp:attachment":[{"href":"https:\/\/enlacescorporativos.com\/en\/wp-json\/wp\/v2\/media?parent=4140"}],"wp:term":[{"taxonomy":"category","embeddable":true,"href":"https:\/\/enlacescorporativos.com\/en\/wp-json\/wp\/v2\/categories?post=4140"},{"taxonomy":"post_tag","embeddable":true,"href":"https:\/\/enlacescorporativos.com\/en\/wp-json\/wp\/v2\/tags?post=4140"}],"curies":[{"name":"wp","href":"https:\/\/api.w.org\/{rel}","templated":true}]}}