{"id":4152,"date":"2019-07-04T16:08:24","date_gmt":"2019-07-04T21:08:24","guid":{"rendered":"https:\/\/enlacescorporativos.com\/?p=4152"},"modified":"2019-07-04T16:08:24","modified_gmt":"2019-07-04T21:08:24","slug":"deforestacion-del-amazonas-supera-el-88-en-primer-junio-de-bolsonaro","status":"publish","type":"post","link":"https:\/\/enlacescorporativos.com\/en\/2019\/07\/04\/deforestacion-del-amazonas-supera-el-88-en-primer-junio-de-bolsonaro\/","title":{"rendered":"Deforestaci\u00f3n del Amazonas supera el 88% en primer junio de Bolsonaro"},"content":{"rendered":"<div><img src='https:\/\/cdn.forbes.com.mx\/2019\/07\/descarga.jpeg' style='max-width:600px;' \/><\/p>\n<div>\n<p><a rel=\"nofollow\" href=\"https:\/\/www.forbes.com.mx\">Forbes M\u00e9xico<\/a>.<br \/>\n <a rel=\"nofollow\" href=\"https:\/\/www.forbes.com.mx\/deforestacion-del-amazonas-supera-el-88-en-primer-junio-de-bolsonaro\/\">Deforestaci\u00f3n del Amazonas supera el 88% en primer junio de Bolsonaro<\/a><\/p>\n<div><img fetchpriority=\"high\" decoding=\"async\" width=\"800\" height=\"562\" src=\"https:\/\/cdn.forbes.com.mx\/2019\/07\/descarga.jpeg\" class=\"attachment-full size-full wp-post-image\" alt=\"\" style=\"margin-bottom: 15px;\" srcset=\"https:\/\/cdn.forbes.com.mx\/2019\/07\/descarga.jpeg 800w, https:\/\/cdn.forbes.com.mx\/2019\/07\/descarga-300x211.jpeg 300w, https:\/\/cdn.forbes.com.mx\/2019\/07\/descarga-768x540.jpeg 768w, https:\/\/cdn.forbes.com.mx\/2019\/07\/descarga-600x422.jpeg 600w, https:\/\/cdn.forbes.com.mx\/2019\/07\/descarga-200x141.jpeg 200w\" sizes=\"(max-width: 800px) 100vw, 800px\" data-full-size=\"https:\/\/cdn.forbes.com.mx\/2019\/07\/descarga.jpeg\" data-caption=\"Foto Reuters\" data-description=\"\" \/><\/div>\n<p><strong>Reuters.-<\/strong> La deforestaci\u00f3n de la parte brasile\u00f1a de la selva tropical amaz\u00f3nica aument\u00f3 en m\u00e1s de un 88% en junio comparado con el mismo mes del a\u00f1o previo, el segundo mes consecutivo de incremento en la destrucci\u00f3n de la jungla bajo la presidencia del derechista Jair Bolsonaro.<\/p>\n<p>De acuerdo a datos de la agencia espacial brasile\u00f1a, la deforestaci\u00f3n en la mayor selva tropical totaliz\u00f3 920 kil\u00f3metros cuadrados.<\/p>\n<p>Los datos que mostraron un aumento del 88.4% en la deforestaci\u00f3n son preliminares, pero indican la cifra anual oficial, basada en im\u00e1genes m\u00e1s detalladas y medidas para los 12 meses hasta finales de julio, y se encaminan a superar la cifra del a\u00f1o pasado.<\/p>\n<p>En los 11 primeros meses, la deforestaci\u00f3n alcanz\u00f3 los 4,565 kil\u00f3metros cuadrados, un aumento del 15% comparado con el mismo periodo del a\u00f1o previo.<\/p>\n<p>Los ecologistas han advertido que las fuertes declaraciones de Bolsonaro en favor del desarrollo de la Amazon\u00eda y criticando a la agencia de supervisi\u00f3n medioambiental Ibama por cursar demasiadas multas animar\u00e1n a los le\u00f1adores y ganaderos, que buscan beneficiarse de la deforestaci\u00f3n.<\/p>\n<p>&#8220;Bolsonaro ha agravado la situaci\u00f3n (&#8230;) Ha hecho un fuerte ataque ret\u00f3rico&#8221;, dijo Paulo Barreto, investigador de la organizaci\u00f3n no gubernamental brasile\u00f1a Imazon.<\/p>\n<p>La temporada de lluvias hasta abril pareci\u00f3 pausar el alza en la deforestaci\u00f3n, que lleg\u00f3 posteriormente con el comienzo de la temporada seca en mayo. La deforestaci\u00f3n se elev\u00f3 en un 34% en mayo comparado con el mismo mes del a\u00f1o anterior.<\/p>\n<p>&#8220;Estamos adoptando todas las medidas para combatir la deforestaci\u00f3n ilegal&#8221;, dijo el ministro de Medio Ambiente, Ricardo Salles, a Reuters. &#8220;Esta semana tuvimos 17 equipos de Ibama simult\u00e1neamente en toda la Amazon\u00eda&#8221;.<\/p>\n<p>&nbsp;<\/p>\n<p><a rel=\"nofollow\" href=\"https:\/\/www.forbes.com.mx\/deforestacion-del-amazonas-supera-el-88-en-primer-junio-de-bolsonaro\/\">Deforestaci\u00f3n del Amazonas supera el 88% en primer junio de Bolsonaro<\/a><br \/>\n<a rel=\"nofollow\" href=\"https:\/\/www.forbes.com.mx\/author\/forbes-staff\/\">Forbes Staff<\/a><\/p>\n<\/div>\n<\/div>","protected":false},"excerpt":{"rendered":"<p>Forbes M\u00e9xico. Deforestaci\u00f3n del Amazonas supera el 88% en primer junio de Bolsonaro Reuters.- La deforestaci\u00f3n de la parte brasile\u00f1a de la selva tropical amaz\u00f3nica aument\u00f3 en m\u00e1s de un 88% en junio comparado con el mismo mes del a\u00f1o previo, el segundo mes consecutivo de incremento en la destrucci\u00f3n de la jungla bajo la [&hellip;]<\/p>","protected":false},"author":91,"featured_media":0,"comment_status":"open","ping_status":"open","sticky":false,"template":"","format":"standard","meta":{"site-sidebar-layout":"default","site-content-layout":"","ast-site-content-layout":"","site-content-style":"default","site-sidebar-style":"default","ast-global-header-display":"","ast-banner-title-visibility":"","ast-main-header-display":"","ast-hfb-above-header-display":"","ast-hfb-below-header-display":"","ast-hfb-mobile-header-display":"","site-post-title":"","ast-breadcrumbs-content":"","ast-featured-img":"","footer-sml-layout":"","theme-transparent-header-meta":"","adv-header-id-meta":"","stick-header-meta":"","header-above-stick-meta":"","header-main-stick-meta":"","header-below-stick-meta":"","astra-migrate-meta-layouts":"default","ast-page-background-enabled":"default","ast-page-background-meta":{"desktop":{"background-color":"","background-image":"","background-repeat":"repeat","background-position":"center center","background-size":"auto","background-attachment":"scroll","background-type":"","background-media":"","overlay-type":"","overlay-color":"","overlay-opacity":"","overlay-gradient":""},"tablet":{"background-color":"","background-image":"","background-repeat":"repeat","background-position":"center center","background-size":"auto","background-attachment":"scroll","background-type":"","background-media":"","overlay-type":"","overlay-color":"","overlay-opacity":"","overlay-gradient":""},"mobile":{"background-color":"","background-image":"","background-repeat":"repeat","background-position":"center center","background-size":"auto","background-attachment":"scroll","background-type":"","background-media":"","overlay-type":"","overlay-color":"","overlay-opacity":"","overlay-gradient":""}},"ast-content-background-meta":{"desktop":{"background-color":"var(--ast-global-color-5)","background-image":"","background-repeat":"repeat","background-position":"center center","background-size":"auto","background-attachment":"scroll","background-type":"","background-media":"","overlay-type":"","overlay-color":"","overlay-opacity":"","overlay-gradient":""},"tablet":{"background-color":"var(--ast-global-color-5)","background-image":"","background-repeat":"repeat","background-position":"center center","background-size":"auto","background-attachment":"scroll","background-type":"","background-media":"","overlay-type":"","overlay-color":"","overlay-opacity":"","overlay-gradient":""},"mobile":{"background-color":"var(--ast-global-color-5)","background-image":"","background-repeat":"repeat","background-position":"center center","background-size":"auto","background-attachment":"scroll","background-type":"","background-media":"","overlay-type":"","overlay-color":"","overlay-opacity":"","overlay-gradient":""}},"footnotes":""},"categories":[1],"tags":[],"class_list":["post-4152","post","type-post","status-publish","format-standard","hentry","category-uncategorized"],"_links":{"self":[{"href":"https:\/\/enlacescorporativos.com\/en\/wp-json\/wp\/v2\/posts\/4152","targetHints":{"allow":["GET"]}}],"collection":[{"href":"https:\/\/enlacescorporativos.com\/en\/wp-json\/wp\/v2\/posts"}],"about":[{"href":"https:\/\/enlacescorporativos.com\/en\/wp-json\/wp\/v2\/types\/post"}],"author":[{"embeddable":true,"href":"https:\/\/enlacescorporativos.com\/en\/wp-json\/wp\/v2\/users\/91"}],"replies":[{"embeddable":true,"href":"https:\/\/enlacescorporativos.com\/en\/wp-json\/wp\/v2\/comments?post=4152"}],"version-history":[{"count":0,"href":"https:\/\/enlacescorporativos.com\/en\/wp-json\/wp\/v2\/posts\/4152\/revisions"}],"wp:attachment":[{"href":"https:\/\/enlacescorporativos.com\/en\/wp-json\/wp\/v2\/media?parent=4152"}],"wp:term":[{"taxonomy":"category","embeddable":true,"href":"https:\/\/enlacescorporativos.com\/en\/wp-json\/wp\/v2\/categories?post=4152"},{"taxonomy":"post_tag","embeddable":true,"href":"https:\/\/enlacescorporativos.com\/en\/wp-json\/wp\/v2\/tags?post=4152"}],"curies":[{"name":"wp","href":"https:\/\/api.w.org\/{rel}","templated":true}]}}