{"id":4156,"date":"2019-07-04T16:33:39","date_gmt":"2019-07-04T21:33:39","guid":{"rendered":"https:\/\/enlacescorporativos.com\/?p=4156"},"modified":"2019-07-04T16:33:39","modified_gmt":"2019-07-04T21:33:39","slug":"vacaciones-de-verano-dejaran-derrama-de-5685-mdd-preve-sectur","status":"publish","type":"post","link":"https:\/\/enlacescorporativos.com\/en\/2019\/07\/04\/vacaciones-de-verano-dejaran-derrama-de-5685-mdd-preve-sectur\/","title":{"rendered":"Vacaciones de verano dejar\u00e1n derrama de 5,685 mdd, prev\u00e9 Sectur"},"content":{"rendered":"<div><img src='https:\/\/cdn.forbes.com.mx\/2017\/11\/sinaloa.jpg' style='max-width:600px;' \/><\/p>\n<div>\n<p><a rel=\"nofollow\" href=\"https:\/\/www.forbes.com.mx\">Forbes M\u00e9xico<\/a>.<br \/>\n <a rel=\"nofollow\" href=\"https:\/\/www.forbes.com.mx\/vacaciones-de-verano-dejaran-derrama-de-5685-mdd-preve-sectur\/\">Vacaciones de verano dejar\u00e1n derrama de 5,685 mdd, prev\u00e9 Sectur<\/a><\/p>\n<div><img fetchpriority=\"high\" decoding=\"async\" width=\"1280\" height=\"720\" src=\"https:\/\/cdn.forbes.com.mx\/2017\/11\/sinaloa.jpg\" class=\"attachment-full size-full wp-post-image\" alt=\"\" style=\"margin-bottom: 15px;\" srcset=\"https:\/\/cdn.forbes.com.mx\/2017\/11\/sinaloa.jpg 1280w, https:\/\/cdn.forbes.com.mx\/2017\/11\/sinaloa-300x169.jpg 300w, https:\/\/cdn.forbes.com.mx\/2017\/11\/sinaloa-768x432.jpg 768w, https:\/\/cdn.forbes.com.mx\/2017\/11\/sinaloa-1024x576.jpg 1024w, https:\/\/cdn.forbes.com.mx\/2017\/11\/sinaloa-640x360.jpg 640w, https:\/\/cdn.forbes.com.mx\/2017\/11\/sinaloa-320x180.jpg 320w\" sizes=\"(max-width: 1280px) 100vw, 1280px\" data-full-size=\"https:\/\/cdn.forbes.com.mx\/2017\/11\/sinaloa.jpg\" data-caption=\"Playas de Mazatl\u00e1n. (Foto: Secretar\u00eda de Turismo de Sinaloa)\" data-description=\"\" \/><\/div>\n<p dir=\"ltr\">Para las vacaciones de verano se espera una derrama econ\u00f3mica de 5,685 millones de d\u00f3lares (mdd) en M\u00e9xico, lo cual ser\u00eda 10.3% m\u00e1s que lo registrado en el mismo periodo del a\u00f1o anterior, inform\u00f3 este jueves Miguel Torruco, titular de la Secretar\u00eda de Turismo.<\/p>\n<p dir=\"ltr\">Lo anterior, en medio de problemas que enfrenta el sector, como el arribo masivo de sargazo en el Caribe mexicano.<\/p>\n<p dir=\"ltr\">&#8220;Para seguir fortaleciendo el turismo interno, lo que era la Feria de Pueblos M\u00e1gicos cambia a Tianguis de Pueblo M\u00e1gico con el mismo nivel que le dimos al Tianguis Tur\u00edstico de Acapulco, con el mismo modelo&#8221;, a\u00f1adi\u00f3 el funcionario<br \/>\ndurante la presentaci\u00f3n de la Fiesta de la Vendimia de Quer\u00e9taro.<\/p>\n<p dir=\"ltr\">La Secretar\u00eda de Turismo tambi\u00e9n estima que se hospedar\u00e1n en hoteles 15.9 millones de turistas, de los cuales el 24% ser\u00eda internacional y el restante 76% corresponder\u00eda a visitantes nacionales en el verano.<\/p>\n<p dir=\"ltr\">Lo anterior ser\u00eda 2.6% m\u00e1s frente a lo reportado en el mismo periodo de 2018.<\/p>\n<p dir=\"ltr\">Por otra parte, el funcionario confirm\u00f3 que la dependencia que lidera se reuni\u00f3 con la Secretar\u00eda de la Defensa Nacional (Sedena) para hablar sobre el proyecto de aeropuerto de Santa Luc\u00eda.<\/p>\n<p dir=\"ltr\"><em><strong>No te pierdas:<\/strong><\/em><\/p>\n<blockquote class=\"wp-embedded-content\" data-secret=\"0yq361JT9T\">\n<p><a href=\"https:\/\/www.forbes.com.mx\/sct-admite-que-amparos-retrasarian-aeropuerto-de-santa-lucia-hasta-2022\/\">SCT admite que amparos retrasar\u00edan aeropuerto de Santa Luc\u00eda hasta 2022<\/a><\/p>\n<\/blockquote>\n<p><iframe class=\"embed-responsive-item\"  title=\"&#8220;SCT admite que amparos retrasar\u00edan aeropuerto de Santa Luc\u00eda hasta 2022&#8221; &#8212; Forbes M\u00e9xico\" sandbox=\"allow-scripts\" security=\"restricted\" style=\"position: absolute; clip: rect(1px, 1px, 1px, 1px);\" src=\"https:\/\/www.forbes.com.mx\/sct-admite-que-amparos-retrasarian-aeropuerto-de-santa-lucia-hasta-2022\/embed\/#?secret=0yq361JT9T\" data-secret=\"0yq361JT9T\" width=\"600\" height=\"338\" frameborder=\"0\" marginwidth=\"0\" marginheight=\"0\" scrolling=\"no\"><\/iframe><\/p>\n<p><a rel=\"nofollow\" href=\"https:\/\/www.forbes.com.mx\/vacaciones-de-verano-dejaran-derrama-de-5685-mdd-preve-sectur\/\">Vacaciones de verano dejar\u00e1n derrama de 5,685 mdd, prev\u00e9 Sectur<\/a><br \/>\n<a rel=\"nofollow\" href=\"https:\/\/www.forbes.com.mx\/author\/fernanda-celis\/\">Fernanda Celis<\/a><\/p>\n<\/div>\n<\/div>","protected":false},"excerpt":{"rendered":"<p>Forbes M\u00e9xico. Vacaciones de verano dejar\u00e1n derrama de 5,685 mdd, prev\u00e9 Sectur Para las vacaciones de verano se espera una derrama econ\u00f3mica de 5,685 millones de d\u00f3lares (mdd) en M\u00e9xico, lo cual ser\u00eda 10.3% m\u00e1s que lo registrado en el mismo periodo del a\u00f1o anterior, inform\u00f3 este jueves Miguel Torruco, titular de la Secretar\u00eda de [&hellip;]<\/p>","protected":false},"author":91,"featured_media":0,"comment_status":"open","ping_status":"open","sticky":false,"template":"","format":"standard","meta":{"site-sidebar-layout":"default","site-content-layout":"","ast-site-content-layout":"","site-content-style":"default","site-sidebar-style":"default","ast-global-header-display":"","ast-banner-title-visibility":"","ast-main-header-display":"","ast-hfb-above-header-display":"","ast-hfb-below-header-display":"","ast-hfb-mobile-header-display":"","site-post-title":"","ast-breadcrumbs-content":"","ast-featured-img":"","footer-sml-layout":"","theme-transparent-header-meta":"","adv-header-id-meta":"","stick-header-meta":"","header-above-stick-meta":"","header-main-stick-meta":"","header-below-stick-meta":"","astra-migrate-meta-layouts":"default","ast-page-background-enabled":"default","ast-page-background-meta":{"desktop":{"background-color":"","background-image":"","background-repeat":"repeat","background-position":"center center","background-size":"auto","background-attachment":"scroll","background-type":"","background-media":"","overlay-type":"","overlay-color":"","overlay-opacity":"","overlay-gradient":""},"tablet":{"background-color":"","background-image":"","background-repeat":"repeat","background-position":"center center","background-size":"auto","background-attachment":"scroll","background-type":"","background-media":"","overlay-type":"","overlay-color":"","overlay-opacity":"","overlay-gradient":""},"mobile":{"background-color":"","background-image":"","background-repeat":"repeat","background-position":"center center","background-size":"auto","background-attachment":"scroll","background-type":"","background-media":"","overlay-type":"","overlay-color":"","overlay-opacity":"","overlay-gradient":""}},"ast-content-background-meta":{"desktop":{"background-color":"var(--ast-global-color-5)","background-image":"","background-repeat":"repeat","background-position":"center center","background-size":"auto","background-attachment":"scroll","background-type":"","background-media":"","overlay-type":"","overlay-color":"","overlay-opacity":"","overlay-gradient":""},"tablet":{"background-color":"var(--ast-global-color-5)","background-image":"","background-repeat":"repeat","background-position":"center center","background-size":"auto","background-attachment":"scroll","background-type":"","background-media":"","overlay-type":"","overlay-color":"","overlay-opacity":"","overlay-gradient":""},"mobile":{"background-color":"var(--ast-global-color-5)","background-image":"","background-repeat":"repeat","background-position":"center center","background-size":"auto","background-attachment":"scroll","background-type":"","background-media":"","overlay-type":"","overlay-color":"","overlay-opacity":"","overlay-gradient":""}},"footnotes":""},"categories":[1],"tags":[],"class_list":["post-4156","post","type-post","status-publish","format-standard","hentry","category-uncategorized"],"_links":{"self":[{"href":"https:\/\/enlacescorporativos.com\/en\/wp-json\/wp\/v2\/posts\/4156","targetHints":{"allow":["GET"]}}],"collection":[{"href":"https:\/\/enlacescorporativos.com\/en\/wp-json\/wp\/v2\/posts"}],"about":[{"href":"https:\/\/enlacescorporativos.com\/en\/wp-json\/wp\/v2\/types\/post"}],"author":[{"embeddable":true,"href":"https:\/\/enlacescorporativos.com\/en\/wp-json\/wp\/v2\/users\/91"}],"replies":[{"embeddable":true,"href":"https:\/\/enlacescorporativos.com\/en\/wp-json\/wp\/v2\/comments?post=4156"}],"version-history":[{"count":0,"href":"https:\/\/enlacescorporativos.com\/en\/wp-json\/wp\/v2\/posts\/4156\/revisions"}],"wp:attachment":[{"href":"https:\/\/enlacescorporativos.com\/en\/wp-json\/wp\/v2\/media?parent=4156"}],"wp:term":[{"taxonomy":"category","embeddable":true,"href":"https:\/\/enlacescorporativos.com\/en\/wp-json\/wp\/v2\/categories?post=4156"},{"taxonomy":"post_tag","embeddable":true,"href":"https:\/\/enlacescorporativos.com\/en\/wp-json\/wp\/v2\/tags?post=4156"}],"curies":[{"name":"wp","href":"https:\/\/api.w.org\/{rel}","templated":true}]}}