{"id":4158,"date":"2019-07-04T16:53:30","date_gmt":"2019-07-04T21:53:30","guid":{"rendered":"https:\/\/enlacescorporativos.com\/?p=4158"},"modified":"2019-07-04T16:53:30","modified_gmt":"2019-07-04T21:53:30","slug":"gerardo-norona-quiere-relevar-a-amlo-en-la-presidencia","status":"publish","type":"post","link":"https:\/\/enlacescorporativos.com\/en\/2019\/07\/04\/gerardo-norona-quiere-relevar-a-amlo-en-la-presidencia\/","title":{"rendered":"Gerardo Noro\u00f1a quiere relevar a AMLO en la presidencia"},"content":{"rendered":"<div><img src='https:\/\/cdn.forbes.com.mx\/2018\/11\/norona.jpg' style='max-width:600px;' \/><\/p>\n<div>\n<p><a rel=\"nofollow\" href=\"https:\/\/www.forbes.com.mx\">Forbes M\u00e9xico<\/a>.<br \/>\n <a rel=\"nofollow\" href=\"https:\/\/www.forbes.com.mx\/gerardo-norona-quiere-relevar-a-amlo-en-la-presidencia\/\">Gerardo Noro\u00f1a quiere relevar a AMLO en la presidencia<\/a><\/p>\n<div><img fetchpriority=\"high\" decoding=\"async\" width=\"1280\" height=\"720\" src=\"https:\/\/cdn.forbes.com.mx\/2018\/11\/norona.jpg\" class=\"attachment-full size-full wp-post-image\" alt=\"\" style=\"margin-bottom: 15px;\" srcset=\"https:\/\/cdn.forbes.com.mx\/2018\/11\/norona.jpg 1280w, https:\/\/cdn.forbes.com.mx\/2018\/11\/norona-300x169.jpg 300w, https:\/\/cdn.forbes.com.mx\/2018\/11\/norona-768x432.jpg 768w, https:\/\/cdn.forbes.com.mx\/2018\/11\/norona-1024x576.jpg 1024w, https:\/\/cdn.forbes.com.mx\/2018\/11\/norona-640x360.jpg 640w, https:\/\/cdn.forbes.com.mx\/2018\/11\/norona-320x180.jpg 320w\" sizes=\"(max-width: 1280px) 100vw, 1280px\" data-full-size=\"https:\/\/cdn.forbes.com.mx\/2018\/11\/norona.jpg\" data-caption=\"Foto: Notimex\" data-description=\"\" \/><\/div>\n<p>Gerardo Fern\u00e1ndez Noro\u00f1a, vicecoordinador de la bancada del Partido del Trabajo en la C\u00e1mara de Diputados, anunci\u00f3 que buscar\u00e1 la presidencia en 2024.<\/p>\n<p>Noro\u00f1a decidi\u00f3 hacer p\u00fablica su aspiraci\u00f3n para ser claros y asegur\u00f3 que ser\u00e1 un factor de unidad, alcance o la candidatura.<\/p>\n<p>\u201cMe parece que frente a una pregunta insistente que me hacen, yo decid\u00ed manifestar con absoluta claridad que para m\u00ed ser\u00eda un honor, en su momento, relevar al compa\u00f1ero presidente y que en su momento buscar\u00e9 efectivamente hacerlo\u201d, dijo Noro\u00f1a en una entrevista con <a href=\"https:\/\/www.eluniversal.com.mx\/nacion\/politica\/norona-se-autodestapa-y-dice-que-quiere-relevar-amlo-en-la-presidencia\" target=\"_blank\" rel=\"noopener noreferrer\">El Universal<\/a>.<\/p>\n<p>El vicecoordinador de la bancada del Partido del Trabajo coment\u00f3 que otros compa\u00f1eros est\u00e1n en la misma situaci\u00f3n pero que a\u00fan no lo han comentado.<\/p>\n<p>\u201cYo decid\u00ed decir con toda claridad que buscar\u00e9 construir una opci\u00f3n para el relevo del compa\u00f1ero presidente\u201d, destac\u00f3.<\/p>\n<p>El pol\u00edtico buscar\u00e1 que Morena, PT y el Partido verde vayan juntos a la contienda presidencial de 2024.<\/p>\n<p>\u201cDe ninguna manera yo ser\u00eda un factor de divisi\u00f3n dentro del movimiento. O soy apoyado por todo el movimiento\u201d, dijo Noro\u00f1a.<\/p>\n<p>Tambi\u00e9n revel\u00f3 que no ha platicado con el presidente Andr\u00e9s Manuel L\u00f3pez Obrador sobre sus intenciones.<\/p>\n<p><strong>Te recomendamos:\u00a0<\/strong><\/p>\n<blockquote class=\"wp-embedded-content\" data-secret=\"ZafarMo9vP\">\n<p><a href=\"https:\/\/www.forbes.com.mx\/ahora-el-sat-busca-cobrar-impuestos-a-las-propinas\/\">Ahora el SAT busca cobrar impuestos a las propinas<\/a><\/p>\n<\/blockquote>\n<p><iframe class=\"embed-responsive-item\"  title=\"&#8220;Ahora el SAT busca cobrar impuestos a las propinas&#8221; &#8212; Forbes M\u00e9xico\" sandbox=\"allow-scripts\" security=\"restricted\" style=\"position: absolute; clip: rect(1px, 1px, 1px, 1px);\" src=\"https:\/\/www.forbes.com.mx\/ahora-el-sat-busca-cobrar-impuestos-a-las-propinas\/embed\/#?secret=ZafarMo9vP\" data-secret=\"ZafarMo9vP\" width=\"600\" height=\"338\" frameborder=\"0\" marginwidth=\"0\" marginheight=\"0\" scrolling=\"no\"><\/iframe><\/p>\n<p><a rel=\"nofollow\" href=\"https:\/\/www.forbes.com.mx\/gerardo-norona-quiere-relevar-a-amlo-en-la-presidencia\/\">Gerardo Noro\u00f1a quiere relevar a AMLO en la presidencia<\/a><br \/>\n<a rel=\"nofollow\" href=\"https:\/\/www.forbes.com.mx\/author\/gerardo-villafranco\/\">Gerardo Villafranco<\/a><\/p>\n<\/div>\n<\/div>","protected":false},"excerpt":{"rendered":"<p>Forbes M\u00e9xico. Gerardo Noro\u00f1a quiere relevar a AMLO en la presidencia Gerardo Fern\u00e1ndez Noro\u00f1a, vicecoordinador de la bancada del Partido del Trabajo en la C\u00e1mara de Diputados, anunci\u00f3 que buscar\u00e1 la presidencia en 2024. Noro\u00f1a decidi\u00f3 hacer p\u00fablica su aspiraci\u00f3n para ser claros y asegur\u00f3 que ser\u00e1 un factor de unidad, alcance o la candidatura. [&hellip;]<\/p>","protected":false},"author":91,"featured_media":0,"comment_status":"open","ping_status":"open","sticky":false,"template":"","format":"standard","meta":{"site-sidebar-layout":"default","site-content-layout":"","ast-site-content-layout":"","site-content-style":"default","site-sidebar-style":"default","ast-global-header-display":"","ast-banner-title-visibility":"","ast-main-header-display":"","ast-hfb-above-header-display":"","ast-hfb-below-header-display":"","ast-hfb-mobile-header-display":"","site-post-title":"","ast-breadcrumbs-content":"","ast-featured-img":"","footer-sml-layout":"","theme-transparent-header-meta":"","adv-header-id-meta":"","stick-header-meta":"","header-above-stick-meta":"","header-main-stick-meta":"","header-below-stick-meta":"","astra-migrate-meta-layouts":"default","ast-page-background-enabled":"default","ast-page-background-meta":{"desktop":{"background-color":"","background-image":"","background-repeat":"repeat","background-position":"center center","background-size":"auto","background-attachment":"scroll","background-type":"","background-media":"","overlay-type":"","overlay-color":"","overlay-opacity":"","overlay-gradient":""},"tablet":{"background-color":"","background-image":"","background-repeat":"repeat","background-position":"center center","background-size":"auto","background-attachment":"scroll","background-type":"","background-media":"","overlay-type":"","overlay-color":"","overlay-opacity":"","overlay-gradient":""},"mobile":{"background-color":"","background-image":"","background-repeat":"repeat","background-position":"center center","background-size":"auto","background-attachment":"scroll","background-type":"","background-media":"","overlay-type":"","overlay-color":"","overlay-opacity":"","overlay-gradient":""}},"ast-content-background-meta":{"desktop":{"background-color":"var(--ast-global-color-5)","background-image":"","background-repeat":"repeat","background-position":"center center","background-size":"auto","background-attachment":"scroll","background-type":"","background-media":"","overlay-type":"","overlay-color":"","overlay-opacity":"","overlay-gradient":""},"tablet":{"background-color":"var(--ast-global-color-5)","background-image":"","background-repeat":"repeat","background-position":"center center","background-size":"auto","background-attachment":"scroll","background-type":"","background-media":"","overlay-type":"","overlay-color":"","overlay-opacity":"","overlay-gradient":""},"mobile":{"background-color":"var(--ast-global-color-5)","background-image":"","background-repeat":"repeat","background-position":"center center","background-size":"auto","background-attachment":"scroll","background-type":"","background-media":"","overlay-type":"","overlay-color":"","overlay-opacity":"","overlay-gradient":""}},"footnotes":""},"categories":[1],"tags":[],"class_list":["post-4158","post","type-post","status-publish","format-standard","hentry","category-uncategorized"],"_links":{"self":[{"href":"https:\/\/enlacescorporativos.com\/en\/wp-json\/wp\/v2\/posts\/4158","targetHints":{"allow":["GET"]}}],"collection":[{"href":"https:\/\/enlacescorporativos.com\/en\/wp-json\/wp\/v2\/posts"}],"about":[{"href":"https:\/\/enlacescorporativos.com\/en\/wp-json\/wp\/v2\/types\/post"}],"author":[{"embeddable":true,"href":"https:\/\/enlacescorporativos.com\/en\/wp-json\/wp\/v2\/users\/91"}],"replies":[{"embeddable":true,"href":"https:\/\/enlacescorporativos.com\/en\/wp-json\/wp\/v2\/comments?post=4158"}],"version-history":[{"count":0,"href":"https:\/\/enlacescorporativos.com\/en\/wp-json\/wp\/v2\/posts\/4158\/revisions"}],"wp:attachment":[{"href":"https:\/\/enlacescorporativos.com\/en\/wp-json\/wp\/v2\/media?parent=4158"}],"wp:term":[{"taxonomy":"category","embeddable":true,"href":"https:\/\/enlacescorporativos.com\/en\/wp-json\/wp\/v2\/categories?post=4158"},{"taxonomy":"post_tag","embeddable":true,"href":"https:\/\/enlacescorporativos.com\/en\/wp-json\/wp\/v2\/tags?post=4158"}],"curies":[{"name":"wp","href":"https:\/\/api.w.org\/{rel}","templated":true}]}}