{"id":4162,"date":"2019-07-04T17:13:27","date_gmt":"2019-07-04T22:13:27","guid":{"rendered":"https:\/\/enlacescorporativos.com\/?p=4162"},"modified":"2019-07-04T17:13:27","modified_gmt":"2019-07-04T22:13:27","slug":"calderon-niega-estar-detras-de-las-protestas-de-la-policia-federal","status":"publish","type":"post","link":"https:\/\/enlacescorporativos.com\/en\/2019\/07\/04\/calderon-niega-estar-detras-de-las-protestas-de-la-policia-federal\/","title":{"rendered":"Calder\u00f3n niega estar detr\u00e1s de las protestas de la Polic\u00eda Federal"},"content":{"rendered":"<div><img src='https:\/\/cdn.forbes.com.mx\/2017\/02\/felipe-calderon-cuba-SRE.jpg' style='max-width:600px;' \/><\/p>\n<div>\n<p><a rel=\"nofollow\" href=\"https:\/\/www.forbes.com.mx\">Forbes M\u00e9xico<\/a>.<br \/>\n <a rel=\"nofollow\" href=\"https:\/\/www.forbes.com.mx\/calderon-niega-estar-detras-de-las-protestas-de-la-policia-federal\/\">Calder\u00f3n niega estar detr\u00e1s de las protestas de la Polic\u00eda Federal<\/a><\/p>\n<div><img fetchpriority=\"high\" decoding=\"async\" width=\"1280\" height=\"800\" src=\"https:\/\/cdn.forbes.com.mx\/2017\/02\/felipe-calderon-cuba-SRE.jpg\" class=\"attachment-full size-full wp-post-image\" alt=\"\" style=\"margin-bottom: 15px;\" srcset=\"https:\/\/cdn.forbes.com.mx\/2017\/02\/felipe-calderon-cuba-SRE.jpg 1280w, https:\/\/cdn.forbes.com.mx\/2017\/02\/felipe-calderon-cuba-SRE-300x188.jpg 300w, https:\/\/cdn.forbes.com.mx\/2017\/02\/felipe-calderon-cuba-SRE-768x480.jpg 768w, https:\/\/cdn.forbes.com.mx\/2017\/02\/felipe-calderon-cuba-SRE-1024x640.jpg 1024w, https:\/\/cdn.forbes.com.mx\/2017\/02\/felipe-calderon-cuba-SRE-640x400.jpg 640w, https:\/\/cdn.forbes.com.mx\/2017\/02\/felipe-calderon-cuba-SRE-320x200.jpg 320w\" sizes=\"(max-width: 1280px) 100vw, 1280px\" data-full-size=\"https:\/\/cdn.forbes.com.mx\/2017\/02\/felipe-calderon-cuba-SRE.jpg\" data-caption=\"\" data-description=\"\" \/><\/div>\n<p>El expresidente Felipe Calder\u00f3n Hinojosa rechazo categ\u00f3ricamente estar detr\u00e1s de las protestas de la Polic\u00eda Federal en contra de la Guardia Nacional.<\/p>\n<p>\u201cLa protesta de la PF tiene causas de fondo (laborales) y forma. Rechazo la cobarde insinuaci\u00f3n de estar atr\u00e1s de ella. Si tienen pruebas, exh\u00edbanlas, si no, retr\u00e1ctense. Mi gratitud y admiraci\u00f3n a soldados, marinos y polic\u00edas. #YoApoyoALaPoliciaFederal\u201d, dijo el expresidente en un mensaje de Twitter.<\/p>\n<p>M\u00e1s temprano, dos elementos de la Polic\u00eda Federal pidieron que Felipe Calder\u00f3n sea su representante y defienda sus derechos laborales.<\/p>\n<p>\u201cQueremos hacer una invitaci\u00f3n al expresidente Calder\u00f3n para que sea nuestro representante sindical\u201d, dijo en entrevista con los medios de comunicaci\u00f3n un polic\u00eda federal que se opone a su traspaso a la Guardia Nacional.<\/p>\n<p>Al respecto, el secretario de Seguridad y Protecci\u00f3n Ciudadana, Alfonso Durazo, critic\u00f3 que haya adversarios del gobierno que buscan sacar sacar provecho del problema en la Polic\u00eda Federal, en referencia al expresidente Calder\u00f3n.<\/p>\n<p>Apoyando a Durazo, el presidente del Senado, Mart\u00ed Batres Guadarrama, asegur\u00f3 que la mayor responsabilidad por la violencia que prevalece en el pa\u00eds es del sexenio del expresidente Felipe Calder\u00f3n Hinojosa.<\/p>\n<p>Batres le dejo ver al expresidente que la violencia se dispar\u00f3 en su sexenio.<\/p>\n<p>\u201cEsta situaci\u00f3n de violencia se dispar\u00f3 en su sexenio, cuando empez\u00f3 el sexenio de Felipe Calder\u00f3n hab\u00eda 8,000 homicidios al a\u00f1o, cuando termin\u00f3 hab\u00eda 27,000 homicidios al a\u00f1o\u201d.<\/p>\n<p><strong>Te recomendamos:\u00a0<\/strong><\/p>\n<blockquote class=\"wp-embedded-content\" data-secret=\"vY7jAaaDKg\">\n<p><a href=\"https:\/\/www.forbes.com.mx\/policias-federales-sugieren-a-calderon-como-representante-durazo-truena-contra-el\/\">Polic\u00edas federales sugieren a Calder\u00f3n como representante; Durazo truena\u00a0contra \u00e9l<\/a><\/p>\n<\/blockquote>\n<p><iframe class=\"embed-responsive-item\"  title=\"&#8220;Polic\u00edas federales sugieren a Calder\u00f3n como representante; Durazo truena\u00a0contra \u00e9l&#8221; &#8212; Forbes M\u00e9xico\" sandbox=\"allow-scripts\" security=\"restricted\" style=\"position: absolute; clip: rect(1px, 1px, 1px, 1px);\" src=\"https:\/\/www.forbes.com.mx\/policias-federales-sugieren-a-calderon-como-representante-durazo-truena-contra-el\/embed\/#?secret=vY7jAaaDKg\" data-secret=\"vY7jAaaDKg\" width=\"600\" height=\"338\" frameborder=\"0\" marginwidth=\"0\" marginheight=\"0\" scrolling=\"no\"><\/iframe><\/p>\n<p><a rel=\"nofollow\" href=\"https:\/\/www.forbes.com.mx\/calderon-niega-estar-detras-de-las-protestas-de-la-policia-federal\/\">Calder\u00f3n niega estar detr\u00e1s de las protestas de la Polic\u00eda Federal<\/a><br \/>\n<a rel=\"nofollow\" href=\"https:\/\/www.forbes.com.mx\/author\/forbes-staff\/\">Forbes Staff<\/a><\/p>\n<\/div>\n<\/div>","protected":false},"excerpt":{"rendered":"<p>Forbes M\u00e9xico. Calder\u00f3n niega estar detr\u00e1s de las protestas de la Polic\u00eda Federal El expresidente Felipe Calder\u00f3n Hinojosa rechazo categ\u00f3ricamente estar detr\u00e1s de las protestas de la Polic\u00eda Federal en contra de la Guardia Nacional. \u201cLa protesta de la PF tiene causas de fondo (laborales) y forma. Rechazo la cobarde insinuaci\u00f3n de estar atr\u00e1s de [&hellip;]<\/p>","protected":false},"author":91,"featured_media":0,"comment_status":"open","ping_status":"open","sticky":false,"template":"","format":"standard","meta":{"site-sidebar-layout":"default","site-content-layout":"","ast-site-content-layout":"","site-content-style":"default","site-sidebar-style":"default","ast-global-header-display":"","ast-banner-title-visibility":"","ast-main-header-display":"","ast-hfb-above-header-display":"","ast-hfb-below-header-display":"","ast-hfb-mobile-header-display":"","site-post-title":"","ast-breadcrumbs-content":"","ast-featured-img":"","footer-sml-layout":"","theme-transparent-header-meta":"","adv-header-id-meta":"","stick-header-meta":"","header-above-stick-meta":"","header-main-stick-meta":"","header-below-stick-meta":"","astra-migrate-meta-layouts":"default","ast-page-background-enabled":"default","ast-page-background-meta":{"desktop":{"background-color":"","background-image":"","background-repeat":"repeat","background-position":"center center","background-size":"auto","background-attachment":"scroll","background-type":"","background-media":"","overlay-type":"","overlay-color":"","overlay-opacity":"","overlay-gradient":""},"tablet":{"background-color":"","background-image":"","background-repeat":"repeat","background-position":"center center","background-size":"auto","background-attachment":"scroll","background-type":"","background-media":"","overlay-type":"","overlay-color":"","overlay-opacity":"","overlay-gradient":""},"mobile":{"background-color":"","background-image":"","background-repeat":"repeat","background-position":"center center","background-size":"auto","background-attachment":"scroll","background-type":"","background-media":"","overlay-type":"","overlay-color":"","overlay-opacity":"","overlay-gradient":""}},"ast-content-background-meta":{"desktop":{"background-color":"var(--ast-global-color-5)","background-image":"","background-repeat":"repeat","background-position":"center center","background-size":"auto","background-attachment":"scroll","background-type":"","background-media":"","overlay-type":"","overlay-color":"","overlay-opacity":"","overlay-gradient":""},"tablet":{"background-color":"var(--ast-global-color-5)","background-image":"","background-repeat":"repeat","background-position":"center center","background-size":"auto","background-attachment":"scroll","background-type":"","background-media":"","overlay-type":"","overlay-color":"","overlay-opacity":"","overlay-gradient":""},"mobile":{"background-color":"var(--ast-global-color-5)","background-image":"","background-repeat":"repeat","background-position":"center center","background-size":"auto","background-attachment":"scroll","background-type":"","background-media":"","overlay-type":"","overlay-color":"","overlay-opacity":"","overlay-gradient":""}},"footnotes":""},"categories":[1],"tags":[],"class_list":["post-4162","post","type-post","status-publish","format-standard","hentry","category-uncategorized"],"_links":{"self":[{"href":"https:\/\/enlacescorporativos.com\/en\/wp-json\/wp\/v2\/posts\/4162","targetHints":{"allow":["GET"]}}],"collection":[{"href":"https:\/\/enlacescorporativos.com\/en\/wp-json\/wp\/v2\/posts"}],"about":[{"href":"https:\/\/enlacescorporativos.com\/en\/wp-json\/wp\/v2\/types\/post"}],"author":[{"embeddable":true,"href":"https:\/\/enlacescorporativos.com\/en\/wp-json\/wp\/v2\/users\/91"}],"replies":[{"embeddable":true,"href":"https:\/\/enlacescorporativos.com\/en\/wp-json\/wp\/v2\/comments?post=4162"}],"version-history":[{"count":0,"href":"https:\/\/enlacescorporativos.com\/en\/wp-json\/wp\/v2\/posts\/4162\/revisions"}],"wp:attachment":[{"href":"https:\/\/enlacescorporativos.com\/en\/wp-json\/wp\/v2\/media?parent=4162"}],"wp:term":[{"taxonomy":"category","embeddable":true,"href":"https:\/\/enlacescorporativos.com\/en\/wp-json\/wp\/v2\/categories?post=4162"},{"taxonomy":"post_tag","embeddable":true,"href":"https:\/\/enlacescorporativos.com\/en\/wp-json\/wp\/v2\/tags?post=4162"}],"curies":[{"name":"wp","href":"https:\/\/api.w.org\/{rel}","templated":true}]}}