{"id":4166,"date":"2019-07-04T19:13:52","date_gmt":"2019-07-05T00:13:52","guid":{"rendered":"https:\/\/enlacescorporativos.com\/?p=4166"},"modified":"2019-07-04T19:13:52","modified_gmt":"2019-07-05T00:13:52","slug":"juez-suspende-programa-de-contingencias-ambientales-en-cdmx","status":"publish","type":"post","link":"https:\/\/enlacescorporativos.com\/en\/2019\/07\/04\/juez-suspende-programa-de-contingencias-ambientales-en-cdmx\/","title":{"rendered":"Juez suspende programa de contingencias ambientales en CDMX"},"content":{"rendered":"<div><img src='https:\/\/cdn.forbes.com.mx\/2016\/03\/reuters-aire-cdmx.jpg' style='max-width:600px;' \/><\/p>\n<div>\n<p><a rel=\"nofollow\" href=\"https:\/\/www.forbes.com.mx\">Forbes M\u00e9xico<\/a>.<br \/>\n <a rel=\"nofollow\" href=\"https:\/\/www.forbes.com.mx\/juez-suspende-programa-de-contingencias-ambientales-en-cdmx\/\">Juez suspende programa de contingencias ambientales en CDMX<\/a><\/p>\n<div><img fetchpriority=\"high\" decoding=\"async\" width=\"1280\" height=\"800\" src=\"https:\/\/cdn.forbes.com.mx\/2016\/03\/reuters-aire-cdmx.jpg\" class=\"attachment-full size-full wp-post-image\" alt=\"\" style=\"margin-bottom: 15px;\" srcset=\"https:\/\/cdn.forbes.com.mx\/2016\/03\/reuters-aire-cdmx.jpg 1280w, https:\/\/cdn.forbes.com.mx\/2016\/03\/reuters-aire-cdmx-300x188.jpg 300w, https:\/\/cdn.forbes.com.mx\/2016\/03\/reuters-aire-cdmx-768x480.jpg 768w, https:\/\/cdn.forbes.com.mx\/2016\/03\/reuters-aire-cdmx-1024x640.jpg 1024w, https:\/\/cdn.forbes.com.mx\/2016\/03\/reuters-aire-cdmx-640x400.jpg 640w, https:\/\/cdn.forbes.com.mx\/2016\/03\/reuters-aire-cdmx-320x200.jpg 320w\" sizes=\"(max-width: 1280px) 100vw, 1280px\" data-full-size=\"https:\/\/cdn.forbes.com.mx\/2016\/03\/reuters-aire-cdmx.jpg\" data-caption=\"Vista de la Ciudad de M\u00e9xico en una contingencia ambiental. (Foto: Reuters)\" data-description=\"\" \/><\/div>\n<p><strong>Notimex.-<\/strong> La Comisi\u00f3n Ambiental Metropolitana (Came) anunci\u00f3 la suspensi\u00f3n temporal del programa de contingencias ambientales debido a que un juez otorg\u00f3 un amparo a la organizaci\u00f3n Greenpeace que pidi\u00f3 que a partir de los 100 puntos de contaminantes del \u00cdndice de la Calidad de Aire se tendr\u00eda que declarar alguna acci\u00f3n.<\/p>\n<p>Los representantes de la Came en Cuidad de M\u00e9xico y el Estado de M\u00e9xico aclararon en conferencia de prensa que el programa de contingencia ambiental se\u00f1ala que a partir de los 150 puntos se tomen acciones, lo que significa que la petici\u00f3n de Greenpeace no est\u00e1 considerada debido a que no hay protocolos establecidos para actuar a partir de los 101 puntos.<\/p>\n<p>La secretaria del Medio Ambiente de la Ciudad de M\u00e9xico, Marina Robles, explic\u00f3 que al acatar la determinaci\u00f3n del juez de suspender el programa de contingencias y actuar en funci\u00f3n de la demanda del organismo medio ambiental, una vez que el \u00edndice rebase los 100 puntos.<\/p>\n<p>A partir de la notificaci\u00f3n que recibi\u00f3 la Came el pasado viernes, se ha venido aplicando el nuevo criterio, es por ello que ayer jueves se emiti\u00f3 una recomendaci\u00f3n en la zona de la UAM Xochimilco, misma que se tuvo que levantar a las dos horas, debido a que el \u00edndice baj\u00f3.<\/p>\n<p>Hoy, dijo, se volvieron a rebasar los 100 puntos, pero en el monitoreo a la hora ya estaban alrededor de 70 puntos.<\/p>\n<p>Debido a la falta de un protocolo e incluso de establecer estimaciones para el siguiente d\u00eda, la Came presentar\u00e1 sus argumentos para que el programa se mantenga como est\u00e1 establecido.<\/p>\n<p>Seg\u00fan el director general de calidad del Aire del Gobierno de la Ciudad M\u00e9xico, Sergio Zirath, \u201csi tuvi\u00e9ramos que decretar contingencia ambiental fase uno a Partir de rebasar 100 pr\u00e1cticamente no tendr\u00eda sentido, mejor aplicamos un Hoy no Circula todos los d\u00edas\u201d.<\/p>\n<p>Aunque reconoci\u00f3 que, si es necesaria la revisi\u00f3n de las normas en cuanto a la calidad del aire, lo que se revisa es el tema de las contingencias y son los argumentos t\u00e9cnicos que se presentar\u00e1n a las autoridades.<\/p>\n<p>Conforme al actual protocolo es posible pronosticar para el d\u00eda siguiente la aplicaci\u00f3n de medidas, lo que no se puede hacer con el rango de 100 puntos, debido a que baja muy r\u00e1pido.<\/p>\n<p>El amparo que emiti\u00f3 el Juzgado Cuarto en Materia Administrativa es temporal en tanto no se toma la decisi\u00f3n final.<\/p>\n<p>En caso de que la resoluci\u00f3n sea a favor de la demanda de Greenpeace se deber\u00e1 generar un protocolo especial para ello.<\/p>\n<p><strong>Te recomendamos:\u00a0<\/strong><\/p>\n<blockquote class=\"wp-embedded-content\" data-secret=\"GLeyDW93bD\">\n<p><a href=\"https:\/\/www.forbes.com.mx\/contaminacion-ambiental-dana-cada-celula-del-cuerpo-halla-investigacion\/\">As\u00ed es como la contaminaci\u00f3n del aire da\u00f1a cada parte de tu cuerpo<\/a><\/p>\n<\/blockquote>\n<p><iframe class=\"embed-responsive-item\"  title=\"&#8220;As\u00ed es como la contaminaci\u00f3n del aire da\u00f1a cada parte de tu cuerpo&#8221; &#8212; Forbes M\u00e9xico\" sandbox=\"allow-scripts\" security=\"restricted\" style=\"position: absolute; clip: rect(1px, 1px, 1px, 1px);\" src=\"https:\/\/www.forbes.com.mx\/contaminacion-ambiental-dana-cada-celula-del-cuerpo-halla-investigacion\/embed\/#?secret=GLeyDW93bD\" data-secret=\"GLeyDW93bD\" width=\"600\" height=\"338\" frameborder=\"0\" marginwidth=\"0\" marginheight=\"0\" scrolling=\"no\"><\/iframe><\/p>\n<p><a rel=\"nofollow\" href=\"https:\/\/www.forbes.com.mx\/juez-suspende-programa-de-contingencias-ambientales-en-cdmx\/\">Juez suspende programa de contingencias ambientales en CDMX<\/a><br \/>\n<a rel=\"nofollow\" href=\"https:\/\/www.forbes.com.mx\/author\/forbes-staff\/\">Forbes Staff<\/a><\/p>\n<\/div>\n<\/div>","protected":false},"excerpt":{"rendered":"<p>Forbes M\u00e9xico. Juez suspende programa de contingencias ambientales en CDMX Notimex.- La Comisi\u00f3n Ambiental Metropolitana (Came) anunci\u00f3 la suspensi\u00f3n temporal del programa de contingencias ambientales debido a que un juez otorg\u00f3 un amparo a la organizaci\u00f3n Greenpeace que pidi\u00f3 que a partir de los 100 puntos de contaminantes del \u00cdndice de la Calidad de Aire [&hellip;]<\/p>","protected":false},"author":91,"featured_media":0,"comment_status":"open","ping_status":"open","sticky":false,"template":"","format":"standard","meta":{"site-sidebar-layout":"default","site-content-layout":"","ast-site-content-layout":"","site-content-style":"default","site-sidebar-style":"default","ast-global-header-display":"","ast-banner-title-visibility":"","ast-main-header-display":"","ast-hfb-above-header-display":"","ast-hfb-below-header-display":"","ast-hfb-mobile-header-display":"","site-post-title":"","ast-breadcrumbs-content":"","ast-featured-img":"","footer-sml-layout":"","theme-transparent-header-meta":"","adv-header-id-meta":"","stick-header-meta":"","header-above-stick-meta":"","header-main-stick-meta":"","header-below-stick-meta":"","astra-migrate-meta-layouts":"default","ast-page-background-enabled":"default","ast-page-background-meta":{"desktop":{"background-color":"","background-image":"","background-repeat":"repeat","background-position":"center center","background-size":"auto","background-attachment":"scroll","background-type":"","background-media":"","overlay-type":"","overlay-color":"","overlay-opacity":"","overlay-gradient":""},"tablet":{"background-color":"","background-image":"","background-repeat":"repeat","background-position":"center center","background-size":"auto","background-attachment":"scroll","background-type":"","background-media":"","overlay-type":"","overlay-color":"","overlay-opacity":"","overlay-gradient":""},"mobile":{"background-color":"","background-image":"","background-repeat":"repeat","background-position":"center center","background-size":"auto","background-attachment":"scroll","background-type":"","background-media":"","overlay-type":"","overlay-color":"","overlay-opacity":"","overlay-gradient":""}},"ast-content-background-meta":{"desktop":{"background-color":"var(--ast-global-color-5)","background-image":"","background-repeat":"repeat","background-position":"center center","background-size":"auto","background-attachment":"scroll","background-type":"","background-media":"","overlay-type":"","overlay-color":"","overlay-opacity":"","overlay-gradient":""},"tablet":{"background-color":"var(--ast-global-color-5)","background-image":"","background-repeat":"repeat","background-position":"center center","background-size":"auto","background-attachment":"scroll","background-type":"","background-media":"","overlay-type":"","overlay-color":"","overlay-opacity":"","overlay-gradient":""},"mobile":{"background-color":"var(--ast-global-color-5)","background-image":"","background-repeat":"repeat","background-position":"center center","background-size":"auto","background-attachment":"scroll","background-type":"","background-media":"","overlay-type":"","overlay-color":"","overlay-opacity":"","overlay-gradient":""}},"footnotes":""},"categories":[1],"tags":[],"class_list":["post-4166","post","type-post","status-publish","format-standard","hentry","category-uncategorized"],"_links":{"self":[{"href":"https:\/\/enlacescorporativos.com\/en\/wp-json\/wp\/v2\/posts\/4166","targetHints":{"allow":["GET"]}}],"collection":[{"href":"https:\/\/enlacescorporativos.com\/en\/wp-json\/wp\/v2\/posts"}],"about":[{"href":"https:\/\/enlacescorporativos.com\/en\/wp-json\/wp\/v2\/types\/post"}],"author":[{"embeddable":true,"href":"https:\/\/enlacescorporativos.com\/en\/wp-json\/wp\/v2\/users\/91"}],"replies":[{"embeddable":true,"href":"https:\/\/enlacescorporativos.com\/en\/wp-json\/wp\/v2\/comments?post=4166"}],"version-history":[{"count":0,"href":"https:\/\/enlacescorporativos.com\/en\/wp-json\/wp\/v2\/posts\/4166\/revisions"}],"wp:attachment":[{"href":"https:\/\/enlacescorporativos.com\/en\/wp-json\/wp\/v2\/media?parent=4166"}],"wp:term":[{"taxonomy":"category","embeddable":true,"href":"https:\/\/enlacescorporativos.com\/en\/wp-json\/wp\/v2\/categories?post=4166"},{"taxonomy":"post_tag","embeddable":true,"href":"https:\/\/enlacescorporativos.com\/en\/wp-json\/wp\/v2\/tags?post=4166"}],"curies":[{"name":"wp","href":"https:\/\/api.w.org\/{rel}","templated":true}]}}