{"id":4190,"date":"2019-07-05T06:13:21","date_gmt":"2019-07-05T11:13:21","guid":{"rendered":"https:\/\/enlacescorporativos.com\/?p=4190"},"modified":"2019-07-05T06:13:21","modified_gmt":"2019-07-05T11:13:21","slug":"amazon-cumple-25-anos-y-su-fundador-es-la-persona-mas-rica-del-mundo","status":"publish","type":"post","link":"https:\/\/enlacescorporativos.com\/en\/2019\/07\/05\/amazon-cumple-25-anos-y-su-fundador-es-la-persona-mas-rica-del-mundo\/","title":{"rendered":"Amazon cumple 25 a\u00f1os y su fundador es la persona m\u00e1s rica del mundo"},"content":{"rendered":"<div><img src='https:\/\/cdn.forbes.com.mx\/2019\/07\/daniel-eledut-a8KNFpidIPI-unsplash.jpg' style='max-width:600px;' \/><\/p>\n<div>\n<p><a rel=\"nofollow\" href=\"https:\/\/www.forbes.com.mx\">Forbes M\u00e9xico<\/a>.<br \/>\n <a rel=\"nofollow\" href=\"https:\/\/www.forbes.com.mx\/amazon-cumple-25-anos-y-su-fundador-es-la-persona-mas-rica-del-mundo\/\">Amazon cumple 25 a\u00f1os y su fundador es la persona m\u00e1s rica del mundo<\/a><\/p>\n<div><img fetchpriority=\"high\" decoding=\"async\" width=\"5196\" height=\"3462\" src=\"https:\/\/cdn.forbes.com.mx\/2019\/07\/daniel-eledut-a8KNFpidIPI-unsplash.jpg\" class=\"attachment-full size-full wp-post-image\" alt=\"\" style=\"margin-bottom: 15px;\" srcset=\"https:\/\/cdn.forbes.com.mx\/2019\/07\/daniel-eledut-a8KNFpidIPI-unsplash.jpg 5196w, https:\/\/cdn.forbes.com.mx\/2019\/07\/daniel-eledut-a8KNFpidIPI-unsplash-300x200.jpg 300w, https:\/\/cdn.forbes.com.mx\/2019\/07\/daniel-eledut-a8KNFpidIPI-unsplash-768x512.jpg 768w, https:\/\/cdn.forbes.com.mx\/2019\/07\/daniel-eledut-a8KNFpidIPI-unsplash-1024x682.jpg 1024w, https:\/\/cdn.forbes.com.mx\/2019\/07\/daniel-eledut-a8KNFpidIPI-unsplash-600x400.jpg 600w, https:\/\/cdn.forbes.com.mx\/2019\/07\/daniel-eledut-a8KNFpidIPI-unsplash-200x133.jpg 200w\" sizes=\"(max-width: 5196px) 100vw, 5196px\" data-full-size=\"https:\/\/cdn.forbes.com.mx\/2019\/07\/daniel-eledut-a8KNFpidIPI-unsplash.jpg\" data-caption=\"FOTO: Daniel Eledut\/Unsplash\" data-description=\"\" \/><\/div>\n<p><strong>DW.- <\/strong><a href=\"https:\/\/www.forbes.com.mx\/el-costo-de-jeff-bezos-y-su-imagen-ejecutiva\/\">Jeff Bezos<\/a> registr\u00f3 Amazon (entonces bajo el nombre de Cadabra, que cambiar\u00eda m\u00e1s tarde al asemejarse demasiado su sonoridad a la palabra &#8220;cad\u00e1ver&#8221; en ingl\u00e9s) el 5 de julio de 1994, tras haber observado durante su previo empleo en Wall Street c\u00f3mo el uso de internet se estaba disparando con subidas anuales del 2,300 %.<\/p>\n<p>&#8220;Al principio eleg\u00ed libros como el mejor producto para vender online tras elaborar una lista de 20 posibilidades distintas. Con m\u00e1s de 3 millones de libros impresos, pod\u00eda construir una librer\u00eda digital que no podr\u00eda haber existido de ninguna otra manera&#8221;, explic\u00f3 <a href=\"https:\/\/www.forbes.com.mx\/jeff-bezos-20-anos-de-innovacion-con-amazon\/\">Bezos<\/a> en una entrevista en 1997.<\/p>\n<p>Los responsables de la firma Xsellco, de apoyo y asesoramiento sobre comercio electr\u00f3nico, indicaron en entrevista con la agencia EFE que en Amazon se dieron cuenta &#8220;r\u00e1pidamente&#8221; de la importancia de diversificar sus productos, lo que les llev\u00f3 a invertir en libros y lectores electr\u00f3nicos, convirti\u00e9ndose as\u00ed &#8220;en una superpotencia editorial y de ventas&#8221;.<\/p>\n<blockquote class=\"wp-embedded-content\" data-secret=\"WAhViP9Drw\">\n<p><a href=\"https:\/\/www.forbes.com.mx\/billionaires-2019-jeff-bezos-la-persona-mas-rica-del-mundo\/\">Billionaires 2019 | Jeff Bezos repite como el m\u00e1s rico del mundo<\/a><\/p>\n<\/blockquote>\n<p><iframe class=\"embed-responsive-item\"  title=\"&#8220;Billionaires 2019 | Jeff Bezos repite como el m\u00e1s rico del mundo&#8221; &#8212; Forbes M\u00e9xico\" sandbox=\"allow-scripts\" security=\"restricted\" style=\"position: absolute; clip: rect(1px, 1px, 1px, 1px);\" src=\"https:\/\/www.forbes.com.mx\/billionaires-2019-jeff-bezos-la-persona-mas-rica-del-mundo\/embed\/#?secret=WAhViP9Drw\" data-secret=\"WAhViP9Drw\" width=\"600\" height=\"338\" frameborder=\"0\" marginwidth=\"0\" marginheight=\"0\" scrolling=\"no\"><\/iframe><\/p>\n<p>El \u00e9xito inicial en el sector editorial les abri\u00f3 las puertas al comercio con toda clase de productos y, poco m\u00e1s de dos d\u00e9cadas despu\u00e9s, Amazon es un portal en el que puede encontrarse de todo: desde mobiliario hasta vestidos, zapatos y videojuegos.<\/p>\n<p>La compa\u00f1\u00eda emplea a alrededor de 650,000 personas en el mundo y es la segunda empresa con mayor capitalizaci\u00f3n burs\u00e1til de Estados Unidos, solo por detr\u00e1s de <a href=\"https:\/\/www.forbes.com.mx\/el-asombroso-tributo-de-bill-gates-a-paul-allen-cofundador-de-microsoft\/\">Microsoft<\/a>, de la que curiosamente es vecina, al tener ambas la sede en el estado de Washington (noroeste de EU).<\/p>\n<p>&#8220;La obsesi\u00f3n por los clientes, su visi\u00f3n a largo plazo y la voluntad de innovar son las fuerzas que han llevado a Amazon al \u00e9xito&#8221;, dijeron a Efe desde Xsellco, y recordaron que la estrategia de Bezos siempre ha sido priorizar la inversi\u00f3n de cualquier ganancia en la empresa antes que repartir beneficios.<\/p>\n<p>Esta pr\u00e1ctica contribuy\u00f3 a que Amazon pasase varios a\u00f1os en n\u00fameros rojos y que, cuando finalmente pudo dejar atr\u00e1s las p\u00e9rdidas a principios de los 2000, los beneficios fuesen relativamente bajos durante mucho tiempo.<\/p>\n<p>Sin embargo, la estrategia se demostr\u00f3 acertada a largo plazo y ha llevado a la compa\u00f1\u00eda a controlar en la actualidad casi la mitad del comercio electr\u00f3nico en Estados Unidos y una buena parte del pastel mundial.<\/p>\n<p>&#8220;Sigue habiendo un potencial enorme. Con menos del 15% de todas las ventas ocurriendo en internet en estos momentos, este porcentaje solo puede incrementarse&#8221;, indicaron desde Xsellco.<\/p>\n<p>Pese a este dominio destacado en el comercio online, la compa\u00f1\u00eda de Seattle ha redoblado en los \u00faltimos a\u00f1os su apuesta por diversificar y se ha metido de lleno en terrenos como los servicios de computaci\u00f3n en nube con Amazon Web Services (AWS), tambi\u00e9n gran dominador del mercado en este sector.<\/p>\n<p>Adem\u00e1s, la empresa de Bezos ofrece entretenimiento por &#8220;streaming&#8221; con Amazon Music y <a href=\"https:\/\/www.forbes.com.mx\/cifras-ineditas-de-amazon-prime-video-26-millones-de-suscriptores\/\">Prime Video<\/a>, est\u00e1 invirtiendo con fuerza en robots e inteligencia artificial, amaga con entrar en el mundo de los servicios sanitarios y en 2017 compr\u00f3 la popular cadena de supermercados estadounidense Whole Foods.<\/p>\n<p>Es precisamente la presencia de Amazon en tantos campos distintos y el hecho de que en varios de ellos ocupe una posici\u00f3n de dominio en el mercado lo que ha llevado a los reguladores de todo el mundo a incrementar su escrutinio sobre la empresa en los \u00faltimos tiempos, recibiendo incluso acusaciones de pr\u00e1cticas monopol\u00edsticas o de ataques a la libre competencia.<\/p>\n<p>Bezos, por su parte, ha pasado de ser una figura casi desconocida para el gran p\u00fablico hace diez a\u00f1os a ser uno de los ejecutivos m\u00e1s conocidos en el mundo, considerado el hombre m\u00e1s rico por <a href=\"https:\/\/www.forbes.com.mx\/en-acuerdo-de-divorcio-exesposa-de-bezos-le-cede-el-control-de-amazon\/\"><strong><em>Forbes<\/em><\/strong><\/a>, due\u00f1o del hist\u00f3rico diario &#8220;The Washington Post&#8221; y, en los \u00faltimos meses, un habitual en la prensa del coraz\u00f3n.<\/p>\n<p>&#8220;Amazon no es \u00fanicamente la fuerza dominante tras el comercio electr\u00f3nico en estos momentos, sino que lo es tras el comercio en general&#8221;, remarcaron desde Xsellco.<\/p>\n<p><a rel=\"nofollow\" href=\"https:\/\/www.forbes.com.mx\/amazon-cumple-25-anos-y-su-fundador-es-la-persona-mas-rica-del-mundo\/\">Amazon cumple 25 a\u00f1os y su fundador es la persona m\u00e1s rica del mundo<\/a><br \/>\n<a rel=\"nofollow\" href=\"https:\/\/www.forbes.com.mx\/author\/forbes-staff\/\">Forbes Staff<\/a><\/p>\n<\/div>\n<\/div>","protected":false},"excerpt":{"rendered":"<p>Forbes M\u00e9xico. Amazon cumple 25 a\u00f1os y su fundador es la persona m\u00e1s rica del mundo DW.- Jeff Bezos registr\u00f3 Amazon (entonces bajo el nombre de Cadabra, que cambiar\u00eda m\u00e1s tarde al asemejarse demasiado su sonoridad a la palabra &#8220;cad\u00e1ver&#8221; en ingl\u00e9s) el 5 de julio de 1994, tras haber observado durante su previo empleo [&hellip;]<\/p>","protected":false},"author":91,"featured_media":0,"comment_status":"open","ping_status":"open","sticky":false,"template":"","format":"standard","meta":{"site-sidebar-layout":"default","site-content-layout":"","ast-site-content-layout":"","site-content-style":"default","site-sidebar-style":"default","ast-global-header-display":"","ast-banner-title-visibility":"","ast-main-header-display":"","ast-hfb-above-header-display":"","ast-hfb-below-header-display":"","ast-hfb-mobile-header-display":"","site-post-title":"","ast-breadcrumbs-content":"","ast-featured-img":"","footer-sml-layout":"","theme-transparent-header-meta":"","adv-header-id-meta":"","stick-header-meta":"","header-above-stick-meta":"","header-main-stick-meta":"","header-below-stick-meta":"","astra-migrate-meta-layouts":"default","ast-page-background-enabled":"default","ast-page-background-meta":{"desktop":{"background-color":"","background-image":"","background-repeat":"repeat","background-position":"center center","background-size":"auto","background-attachment":"scroll","background-type":"","background-media":"","overlay-type":"","overlay-color":"","overlay-opacity":"","overlay-gradient":""},"tablet":{"background-color":"","background-image":"","background-repeat":"repeat","background-position":"center center","background-size":"auto","background-attachment":"scroll","background-type":"","background-media":"","overlay-type":"","overlay-color":"","overlay-opacity":"","overlay-gradient":""},"mobile":{"background-color":"","background-image":"","background-repeat":"repeat","background-position":"center center","background-size":"auto","background-attachment":"scroll","background-type":"","background-media":"","overlay-type":"","overlay-color":"","overlay-opacity":"","overlay-gradient":""}},"ast-content-background-meta":{"desktop":{"background-color":"var(--ast-global-color-5)","background-image":"","background-repeat":"repeat","background-position":"center center","background-size":"auto","background-attachment":"scroll","background-type":"","background-media":"","overlay-type":"","overlay-color":"","overlay-opacity":"","overlay-gradient":""},"tablet":{"background-color":"var(--ast-global-color-5)","background-image":"","background-repeat":"repeat","background-position":"center center","background-size":"auto","background-attachment":"scroll","background-type":"","background-media":"","overlay-type":"","overlay-color":"","overlay-opacity":"","overlay-gradient":""},"mobile":{"background-color":"var(--ast-global-color-5)","background-image":"","background-repeat":"repeat","background-position":"center center","background-size":"auto","background-attachment":"scroll","background-type":"","background-media":"","overlay-type":"","overlay-color":"","overlay-opacity":"","overlay-gradient":""}},"footnotes":""},"categories":[1],"tags":[],"class_list":["post-4190","post","type-post","status-publish","format-standard","hentry","category-uncategorized"],"_links":{"self":[{"href":"https:\/\/enlacescorporativos.com\/en\/wp-json\/wp\/v2\/posts\/4190","targetHints":{"allow":["GET"]}}],"collection":[{"href":"https:\/\/enlacescorporativos.com\/en\/wp-json\/wp\/v2\/posts"}],"about":[{"href":"https:\/\/enlacescorporativos.com\/en\/wp-json\/wp\/v2\/types\/post"}],"author":[{"embeddable":true,"href":"https:\/\/enlacescorporativos.com\/en\/wp-json\/wp\/v2\/users\/91"}],"replies":[{"embeddable":true,"href":"https:\/\/enlacescorporativos.com\/en\/wp-json\/wp\/v2\/comments?post=4190"}],"version-history":[{"count":0,"href":"https:\/\/enlacescorporativos.com\/en\/wp-json\/wp\/v2\/posts\/4190\/revisions"}],"wp:attachment":[{"href":"https:\/\/enlacescorporativos.com\/en\/wp-json\/wp\/v2\/media?parent=4190"}],"wp:term":[{"taxonomy":"category","embeddable":true,"href":"https:\/\/enlacescorporativos.com\/en\/wp-json\/wp\/v2\/categories?post=4190"},{"taxonomy":"post_tag","embeddable":true,"href":"https:\/\/enlacescorporativos.com\/en\/wp-json\/wp\/v2\/tags?post=4190"}],"curies":[{"name":"wp","href":"https:\/\/api.w.org\/{rel}","templated":true}]}}