{"id":4196,"date":"2019-07-05T07:13:08","date_gmt":"2019-07-05T12:13:08","guid":{"rendered":"https:\/\/enlacescorporativos.com\/?p=4196"},"modified":"2019-07-05T07:13:08","modified_gmt":"2019-07-05T12:13:08","slug":"advierten-que-mando-militar-es-el-origen-de-los-conflictos-en-la-guardia-nacional","status":"publish","type":"post","link":"https:\/\/enlacescorporativos.com\/en\/2019\/07\/05\/advierten-que-mando-militar-es-el-origen-de-los-conflictos-en-la-guardia-nacional\/","title":{"rendered":"Advierten que mando militar es el origen de los conflictos en la Guardia Nacional,"},"content":{"rendered":"<div><img src='https:\/\/cdn.forbes.com.mx\/2019\/07\/guardia-d.jpg' style='max-width:600px;' \/><\/p>\n<div>\n<p><a rel=\"nofollow\" href=\"https:\/\/www.forbes.com.mx\">Forbes M\u00e9xico<\/a>.<br \/>\n <a rel=\"nofollow\" href=\"https:\/\/www.forbes.com.mx\/mando-militar-un-factor-de-los-conflictos-en-institucion\/\">Advierten que mando militar es el origen de los conflictos en la Guardia Nacional,<\/a><\/p>\n<div><img fetchpriority=\"high\" decoding=\"async\" width=\"2000\" height=\"1125\" src=\"https:\/\/cdn.forbes.com.mx\/2019\/07\/guardia-d.jpg\" class=\"attachment-full size-full wp-post-image\" alt=\"\" style=\"margin-bottom: 15px;\" srcset=\"https:\/\/cdn.forbes.com.mx\/2019\/07\/guardia-d.jpg 2000w, https:\/\/cdn.forbes.com.mx\/2019\/07\/guardia-d-300x169.jpg 300w, https:\/\/cdn.forbes.com.mx\/2019\/07\/guardia-d-768x432.jpg 768w, https:\/\/cdn.forbes.com.mx\/2019\/07\/guardia-d-1024x576.jpg 1024w, https:\/\/cdn.forbes.com.mx\/2019\/07\/guardia-d-600x338.jpg 600w, https:\/\/cdn.forbes.com.mx\/2019\/07\/guardia-d-200x113.jpg 200w, https:\/\/cdn.forbes.com.mx\/2019\/07\/guardia-d-1280x720.jpg 1280w, https:\/\/cdn.forbes.com.mx\/2019\/07\/guardia-d-640x360.jpg 640w, https:\/\/cdn.forbes.com.mx\/2019\/07\/guardia-d-320x180.jpg 320w\" sizes=\"(max-width: 2000px) 100vw, 2000px\" data-full-size=\"https:\/\/cdn.forbes.com.mx\/2019\/07\/guardia-d.jpg\" data-caption=\"Foto: Notimex \" data-description=\"M\u00e9xico, 30 Jun 2019 (Notimex-Adri\u00e1n Rocha).- La Guardia Nacional (GN) debe ser la vanguardia para lograr la Cuarta Transformaci\u00f3n del pa\u00eds, expres\u00f3 hoy el presidente Andr\u00e9s Manuel L\u00f3pez Obrador en el Campo Militar Marte, al poner en funcionamiento de manera oficial ese nuevo cuerpo de seguridad.\" \/><\/div>\n<p>La integraci\u00f3n de la <a href=\"https:\/\/www.forbes.com.mx\/si-otros-hubieran-hecho-su-tarea-no-seria-necesaria-la-guardia-nacional-durazo\/\">Guardia Nacional<\/a> como una instituci\u00f3n de corte militar, y no como una fuerza civil, es el verdadero origen de las protestas de integrantes de la <a href=\"https:\/\/www.forbes.com.mx\/protestas-sin-fundamento-muestra-que-policia-federal-estaba-echada-a-perder-amlo\/\">Polic\u00eda Federal<\/a> por los m\u00e9todos de incorporaci\u00f3n a la Guardia Nacional y los se\u00f1alamientos de Alfonso Durazo, titular de la Secretar\u00eda de Seguridad P\u00fablica, en torno a que dichas manifestaciones tienen un trasfondo pol\u00edtico y econ\u00f3mico.<span class=\"Apple-converted-space\">\u00a0<\/span><\/p>\n<p>Alejandro Madrazo Lajous, profesor investigador del programa de Pol\u00edtica de Drogas del CIDE, advierte que aunque en el Congreso de la Uni\u00f3n se estableci\u00f3 la integraci\u00f3n de una instituci\u00f3n de car\u00e1cter y con mando civil, el gobierno de Andr\u00e9s Manuel L\u00f3pez Obrador, en realidad est\u00e1 construyendo una instituci\u00f3n militar.<span class=\"Apple-converted-space\">\u00a0<\/span><\/p>\n<p><strong>Te recomendamos:\u00a0<a href=\"https:\/\/www.forbes.com.mx\/policias-federales-insisten-en-que-se-respeten-sus-derechos-laborales\/\" target=\"_blank\" rel=\"noopener noreferrer\">Polic\u00edas federales insisten en que se respeten sus derechos laborales<\/a><\/strong><\/p>\n<p>\u201cEl presidente est\u00e1 construyendo una extensi\u00f3n del ejercito y la est\u00e1 etiquetando Guardia Nacional. Lo que nosotros estamos viendo deriva de esa violaci\u00f3n constitucional originaria, lo que los polic\u00edas est\u00e1n diciendo es que no quer\u00edan ser militares. Por otro lado sus derechos laborales est\u00e1n siendo violados en forma diferenciada, a los soldados se le est\u00e1n respetando sus prestaciones, a los soldados no se les va a hacer controles de confianza a los polic\u00edas s\u00ed\u201d, apunt\u00f3 el acad\u00e9mico.<span class=\"Apple-converted-space\">\u00a0<\/span><\/p>\n<p>Este mi\u00e9rcoles, un grupo de elementos de la Polic\u00eda Federal de manifestaron en diferentes v\u00edas de comunicaci\u00f3n de la Ciudad de M\u00e9xico, como muestra de su inconformidad por la metodolog\u00eda de su integraci\u00f3n a la Guardia Nacional y con ello la posible p\u00e9rdida de algunos de sus derechos laborales.<span class=\"Apple-converted-space\">\u00a0<\/span><\/p>\n<p>L\u00f3pez Obrador afirm\u00f3 que detr\u00e1s de estas manifestaciones \u201chay mano negra\u201d, en tanto que Durazo afirm\u00f3 que las protestas est\u00e1n siendo encabezadas por personas que se han beneficiado de la corrupci\u00f3n en la corporaci\u00f3n e incluso intereses pol\u00edticos; adem\u00e1s se\u00f1al\u00f3 que el ex presidente Felipe Calder\u00f3n busca sacar provecho del conflicto.<span class=\"Apple-converted-space\">\u00a0<\/span><\/p>\n<p>\u201cEs evidente que hay inter\u00e9s pol\u00edtico y que todo mundo quiere sacar raja, empezando por el secretario Durazo al decir que solamente es un asunto pol\u00edtico y obviar la dimensi\u00f3n constitucional que es la violaci\u00f3n abierta a la constituci\u00f3n al crear una instituci\u00f3n castrense subordinada a la Secretar\u00eda de la Defensa en lugar de una instituci\u00f3n policiaca civil y negar que hay una cuesti\u00f3n de derechos laborales que ni se les ha respetado ni se les ha comunicado, se les ha denostado p\u00fablicamente en la parte laboral\u201d, dijo Madrazo Lajous.<span class=\"Apple-converted-space\">\u00a0<\/span><\/p>\n<p><strong>Lee tambi\u00e9n:\u00a0<a href=\"https:\/\/www.forbes.com.mx\/durazo-detras-de-protestas-de-policias-federales-hay-beneficiarios-de-corrupcion\/\" target=\"_blank\" rel=\"noopener noreferrer\">Durazo: detr\u00e1s de protestas de polic\u00edas hay oportunistas y corruptos<\/a><\/strong><\/p>\n<p>Sin embargo, m\u00e1s que el cruce de declaraciones es importante enfocarse en la violaci\u00f3n constitucional que se est\u00e1 fraguando con la puesta en marcha de la Guardia Nacional.<span class=\"Apple-converted-space\">\u00a0<\/span><\/p>\n<p>\u201cTan es una instituci\u00f3n militar que se inauguro en instalaciones militares (Campo Marte), que se pudo clausulas para que<span class=\"Apple-converted-space\">\u00a0 <\/span>solamente los mandos pudiesen ser militares con antig\u00fcedad de entre 20 y 30 a\u00f1os y que casualidad que la polic\u00eda federal tiene 20 a\u00f1os de haberse constituido. Y hoy Durazo lo admiti\u00f3 c\u00e1ndidamente que no hay civil que los militares vayan a obedecer\u201d, se\u00f1al\u00f3 el especialista.<span class=\"Apple-converted-space\">\u00a0<\/span><\/p>\n<p>En ese sentido se\u00f1al\u00f3 que cada d\u00eda es m\u00e1s evidente que al Ejecutivo Federal no le importa la reforma constitucional recientemente aprobada que indica que se debe de tratar de un organismo de car\u00e1cter civil.<span class=\"Apple-converted-space\">\u00a0<\/span><\/p>\n<p>\u201cSe creo una excepci\u00f3n transitoria muy larga de cinco a\u00f1os, para que el ejercito directamente realice tareas de seguridad p\u00fablica, pero no para militarizar la guardia nacional, el ejercito podr\u00eda realizar tareas de seguridad publica amparado en el articulo quinto transitorio, pero como ejercito, no disfraz\u00e1ndose de guardia nacional<span class=\"Apple-converted-space\">\u00a0 <\/span>y colonizando a la instituci\u00f3n con una l\u00f3gica militar que no le corresponde\u201d, detall\u00f3.<span class=\"Apple-converted-space\">\u00a0<\/span><\/p>\n<p>Te puede interesar:\u00a0<a href=\"https:\/\/www.forbes.com.mx\/estas-son-las-opciones-que-ofrece-el-gobierno-a-los-policias-federales-inconformes\/\" target=\"_blank\" rel=\"noopener noreferrer\">Las alternativas para los polic\u00edas federales que no desean ir a la Guardia Nacional<\/a><\/p>\n<p><a rel=\"nofollow\" href=\"https:\/\/www.forbes.com.mx\/mando-militar-un-factor-de-los-conflictos-en-institucion\/\">Advierten que mando militar es el origen de los conflictos en la Guardia Nacional,<\/a><br \/>\n<a rel=\"nofollow\" href=\"https:\/\/www.forbes.com.mx\/author\/fernanda-navarro\/\">Mar\u00eda Fernanda Navarro<\/a><\/p>\n<\/div>\n<\/div>","protected":false},"excerpt":{"rendered":"<p>Forbes M\u00e9xico. Advierten que mando militar es el origen de los conflictos en la Guardia Nacional, La integraci\u00f3n de la Guardia Nacional como una instituci\u00f3n de corte militar, y no como una fuerza civil, es el verdadero origen de las protestas de integrantes de la Polic\u00eda Federal por los m\u00e9todos de incorporaci\u00f3n a la Guardia [&hellip;]<\/p>","protected":false},"author":91,"featured_media":0,"comment_status":"open","ping_status":"open","sticky":false,"template":"","format":"standard","meta":{"site-sidebar-layout":"default","site-content-layout":"","ast-site-content-layout":"","site-content-style":"default","site-sidebar-style":"default","ast-global-header-display":"","ast-banner-title-visibility":"","ast-main-header-display":"","ast-hfb-above-header-display":"","ast-hfb-below-header-display":"","ast-hfb-mobile-header-display":"","site-post-title":"","ast-breadcrumbs-content":"","ast-featured-img":"","footer-sml-layout":"","theme-transparent-header-meta":"","adv-header-id-meta":"","stick-header-meta":"","header-above-stick-meta":"","header-main-stick-meta":"","header-below-stick-meta":"","astra-migrate-meta-layouts":"default","ast-page-background-enabled":"default","ast-page-background-meta":{"desktop":{"background-color":"","background-image":"","background-repeat":"repeat","background-position":"center center","background-size":"auto","background-attachment":"scroll","background-type":"","background-media":"","overlay-type":"","overlay-color":"","overlay-opacity":"","overlay-gradient":""},"tablet":{"background-color":"","background-image":"","background-repeat":"repeat","background-position":"center center","background-size":"auto","background-attachment":"scroll","background-type":"","background-media":"","overlay-type":"","overlay-color":"","overlay-opacity":"","overlay-gradient":""},"mobile":{"background-color":"","background-image":"","background-repeat":"repeat","background-position":"center center","background-size":"auto","background-attachment":"scroll","background-type":"","background-media":"","overlay-type":"","overlay-color":"","overlay-opacity":"","overlay-gradient":""}},"ast-content-background-meta":{"desktop":{"background-color":"var(--ast-global-color-5)","background-image":"","background-repeat":"repeat","background-position":"center center","background-size":"auto","background-attachment":"scroll","background-type":"","background-media":"","overlay-type":"","overlay-color":"","overlay-opacity":"","overlay-gradient":""},"tablet":{"background-color":"var(--ast-global-color-5)","background-image":"","background-repeat":"repeat","background-position":"center center","background-size":"auto","background-attachment":"scroll","background-type":"","background-media":"","overlay-type":"","overlay-color":"","overlay-opacity":"","overlay-gradient":""},"mobile":{"background-color":"var(--ast-global-color-5)","background-image":"","background-repeat":"repeat","background-position":"center center","background-size":"auto","background-attachment":"scroll","background-type":"","background-media":"","overlay-type":"","overlay-color":"","overlay-opacity":"","overlay-gradient":""}},"footnotes":""},"categories":[1],"tags":[],"class_list":["post-4196","post","type-post","status-publish","format-standard","hentry","category-uncategorized"],"_links":{"self":[{"href":"https:\/\/enlacescorporativos.com\/en\/wp-json\/wp\/v2\/posts\/4196","targetHints":{"allow":["GET"]}}],"collection":[{"href":"https:\/\/enlacescorporativos.com\/en\/wp-json\/wp\/v2\/posts"}],"about":[{"href":"https:\/\/enlacescorporativos.com\/en\/wp-json\/wp\/v2\/types\/post"}],"author":[{"embeddable":true,"href":"https:\/\/enlacescorporativos.com\/en\/wp-json\/wp\/v2\/users\/91"}],"replies":[{"embeddable":true,"href":"https:\/\/enlacescorporativos.com\/en\/wp-json\/wp\/v2\/comments?post=4196"}],"version-history":[{"count":0,"href":"https:\/\/enlacescorporativos.com\/en\/wp-json\/wp\/v2\/posts\/4196\/revisions"}],"wp:attachment":[{"href":"https:\/\/enlacescorporativos.com\/en\/wp-json\/wp\/v2\/media?parent=4196"}],"wp:term":[{"taxonomy":"category","embeddable":true,"href":"https:\/\/enlacescorporativos.com\/en\/wp-json\/wp\/v2\/categories?post=4196"},{"taxonomy":"post_tag","embeddable":true,"href":"https:\/\/enlacescorporativos.com\/en\/wp-json\/wp\/v2\/tags?post=4196"}],"curies":[{"name":"wp","href":"https:\/\/api.w.org\/{rel}","templated":true}]}}