{"id":4212,"date":"2019-07-05T08:28:27","date_gmt":"2019-07-05T13:28:27","guid":{"rendered":"https:\/\/enlacescorporativos.com\/?p=4212"},"modified":"2019-07-05T08:28:27","modified_gmt":"2019-07-05T13:28:27","slug":"sepultar-al-neoliberalismo-el-legado-que-quieren-dejar-amlo-y-morena","status":"publish","type":"post","link":"https:\/\/enlacescorporativos.com\/en\/2019\/07\/05\/sepultar-al-neoliberalismo-el-legado-que-quieren-dejar-amlo-y-morena\/","title":{"rendered":"Sepultar al neoliberalismo, el legado que quieren dejar AMLO y Morena"},"content":{"rendered":"<div><img src='https:\/\/cdn.forbes.com.mx\/2019\/07\/Dolores-Padierna-FLA_9295.jpg' style='max-width:600px;' \/><\/p>\n<div>\n<p><a rel=\"nofollow\" href=\"https:\/\/www.forbes.com.mx\">Forbes M\u00e9xico<\/a>.<br \/>\n <a rel=\"nofollow\" href=\"https:\/\/www.forbes.com.mx\/sepultar-al-neoliberalismo-el-legado-que-quieren-dejar-amlo-y-morena\/\">Sepultar al neoliberalismo, el legado que quieren dejar AMLO y Morena<\/a><\/p>\n<div><img fetchpriority=\"high\" decoding=\"async\" width=\"1280\" height=\"720\" src=\"https:\/\/cdn.forbes.com.mx\/2019\/07\/Dolores-Padierna-FLA_9295.jpg\" class=\"attachment-full size-full wp-post-image\" alt=\"\" style=\"margin-bottom: 15px;\" srcset=\"https:\/\/cdn.forbes.com.mx\/2019\/07\/Dolores-Padierna-FLA_9295.jpg 1280w, https:\/\/cdn.forbes.com.mx\/2019\/07\/Dolores-Padierna-FLA_9295-300x169.jpg 300w, https:\/\/cdn.forbes.com.mx\/2019\/07\/Dolores-Padierna-FLA_9295-768x432.jpg 768w, https:\/\/cdn.forbes.com.mx\/2019\/07\/Dolores-Padierna-FLA_9295-1024x576.jpg 1024w, https:\/\/cdn.forbes.com.mx\/2019\/07\/Dolores-Padierna-FLA_9295-600x338.jpg 600w, https:\/\/cdn.forbes.com.mx\/2019\/07\/Dolores-Padierna-FLA_9295-200x113.jpg 200w, https:\/\/cdn.forbes.com.mx\/2019\/07\/Dolores-Padierna-FLA_9295-640x360.jpg 640w, https:\/\/cdn.forbes.com.mx\/2019\/07\/Dolores-Padierna-FLA_9295-320x180.jpg 320w\" sizes=\"(max-width: 1280px) 100vw, 1280px\" data-full-size=\"https:\/\/cdn.forbes.com.mx\/2019\/07\/Dolores-Padierna-FLA_9295.jpg\" data-caption=\"Foto: Fernando Luna Arce \/ Forbes M\u00e9xico.\" data-description=\"\" \/><\/div>\n<p><a href=\" https:\/\/suscripciones.forbes.com.mx\/\"><img decoding=\"async\" class=\"lazyload\" src=\"https:\/\/cdn.forbes.com.mx\/2019\/06\/botonweb-20196.jpg\" alt=\"Forbes\" width=\"298\" height=\"79\" \/><\/a><\/p>\n<p><strong>Por Luis Eduardo Vel\u00e1zquez<\/strong><\/p>\n<p>\u201cGanamos el gobierno, pero debemos ganar el poder\u201d. As\u00ed lee el momento pol\u00edtico la diputada Dolores Padierna Luna, personaje clave en un Congreso af\u00edn al presidente Andr\u00e9s Manuel L\u00f3pez Obrador.<\/p>\n<p>Vicecoordinadora de Morena en la 64 Legislatura de la C\u00e1mara de Diputados, la congresista tiene en la mira la ejecuci\u00f3n de la agenda para combatir el modelo econ\u00f3mico neoliberal e instaurar la Cuarta Transformaci\u00f3n del pa\u00eds.<\/p>\n<p>Esposa de Ren\u00e9 Bejarano, un l\u00edder hist\u00f3rico de la izquierda que ahora conduce el Movimiento Nacional por la Esperanza (MNE), Padierna Luna a\u00f1ade: \u201cEl poder se gana cuando todas las instituciones est\u00e1n en l\u00ednea con el nuevo proyecto de naci\u00f3n\u201d.<\/p>\n<p>De sus 61 a\u00f1os de vida, 40 los ha dedicado a la lucha social y pol\u00edtica, siempre con vocaci\u00f3n de izquierda, y la mayor parte de su trayectoria ha ido en mancuerna con el tabasque\u00f1o L\u00f3pez Obrador. Asegura que el movimiento, que comparte con Bejarano, siempre ha sido \u201cmuy fuerte\u201d y, por ello, los han intentado destruir.<\/p>\n<p>Apostada ahora como partido en el gobierno, Padierna Luna afirma que su responsabilidad pol\u00edtica es dejar como legado de Morena las reformas estructurales que sepulten el neoliberalismo contra el que luch\u00f3, como maestra normalista, desde la d\u00e9cada de 1970.<\/p>\n<p style=\"text-align: center;\"><strong>***<\/strong><\/p>\n<p>Padierna Luna es, en efecto, maestra normalista, con estudios en Econom\u00eda. Desde los 20 a\u00f1os, incursion\u00f3 en movimientos sociales y pol\u00edticos, entre ellos, en la conformaci\u00f3n de la Coordinadora Nacional de Trabajadores de la Educaci\u00f3n (CNTE).<\/p>\n<p>Formada en el marxismo, enarbol\u00f3 causas feministas y, al ligarse emocionalmente con Bejarano en su paso por la Universidad Aut\u00f3noma Metropolitana (UAM) y, pol\u00edticamente, con el Partido Mexicano de los Trabajadores (PMT), de Heberto Castillo, fortaleci\u00f3 su liderazgo en la capital del pa\u00eds al crear la Coordinadora \u00danica de Damnificados, tras el sismo de 1985, de car\u00e1cter vecinal.<\/p>\n<p>El trabajo de Padierna Luna se orient\u00f3 a la fundaci\u00f3n del PRD unos a\u00f1os despu\u00e9s, a ra\u00edz de la escisi\u00f3n del PRI con la salida de Cuauht\u00e9moc C\u00e1rdenas y Porfirio Mu\u00f1oz Ledo. Alineada con C\u00e1rdenas, cu\u00e1ndo \u00e9ste fue jefe de Gobierno del DF, forj\u00f3, en ese tiempo, su cercan\u00eda con L\u00f3pez Obrador, a quien acompa\u00f1\u00f3 en el combate al Fobaproa, el programa de rescate del sistema financiero implementado por el gobierno tras la crisis de 1994.<\/p>\n<p>La vicecoordinadora de Morena lleg\u00f3 por primera vez a la C\u00e1mara de Diputados y encabez\u00f3 a un grupo de 127 diputados de oposici\u00f3n que empujaron cambios a la Ley Org\u00e1nica para desaparecer la Gran Comisi\u00f3n y democratizar San L\u00e1zaro.<\/p>\n<p>En 2000, el movimiento (al interior del PRD) de Padierna y Bejarano, denominado Izquierda Democr\u00e1tica Nacional, gener\u00f3 cuadros pol\u00edticos como el de Mart\u00ed Batres, hoy presidente de la Mesa Directiva en el Senado, o Ariadna Montiel, subsecretaria de Bienestar.<\/p>\n<p>En el sexenio de L\u00f3pez Obrador en la Ciudad de M\u00e9xico, la pareja Padierna-Bejarano tuvo uno de sus mejores momentos en la pol\u00edtica, al operar como el brazo territorial del jefe de Gobierno, contar con diputados locales y controlar delegaciones como Cuauht\u00e9moc, gobernada, precisamente, por Padierna Luna.<\/p>\n<p>Sin embargo, ah\u00ed la maestra enfrent\u00f3 tambi\u00e9n el momento m\u00e1s dif\u00edcil de su carrera pol\u00edtica, luego de que se hicieran p\u00fablicos los videoesc\u00e1ndalos: grabaciones que mostraron a Bejarano recibiendo dinero del empresario Carlos Ahumada, a ra\u00edz de lo cual, \u00e9l estuvo nueve meses en la c\u00e1rcel.<\/p>\n<p>En ese momento, Padierna Luna era, por segunda vez, diputada federal, y enfrent\u00f3 el escarnio p\u00fablico, al grado de que no le permit\u00edan hacer uso de la tribuna. Se dedic\u00f3 a la defensa legal de Bejarano, hasta que logr\u00f3 su libertad.<\/p>\n<p>En 2000, Padierna y Bejarano fueron determinantes para el triunfo de L\u00f3pez Obrador en la capital del pa\u00eds y, seis a\u00f1os m\u00e1s tarde, para que Marcelo Ebrard llegara al mismo cargo, gracias al control territorial que hab\u00edan retomado, al tener en sus filas a diputados locales y a que aliados suyos gobernaban delegaciones como Cuauht\u00e9moc, Azcapotzalco, \u00c1lvaro Obreg\u00f3n, Tlalpan y Coyoac\u00e1n.<\/p>\n<p>En 2012, fueron impulsores de la candidatura de Miguel \u00c1ngel Mancera, y Padierna se jactaba de influir en su designaci\u00f3n (la cual se bas\u00f3 en una encuesta), dado que ten\u00edan presencia territorial en 1,400 de las 1,790 colonias de la urbe.<\/p>\n<p>En ese a\u00f1o, Padierna y Bejarano recuperaron su fuerza al llegar a gobernar hasta ocho delegaciones de la capital, tener 20 diputados locales (casi un tercio de la entonces Asamblea Legislativa) y representantes populares en estados como Guerrero, Veracruz, Oaxaca, Chiapas y Michoac\u00e1n. Padierna asumi\u00f3 la secretar\u00eda general del PRD nacional.<\/p>\n<p>De 2006 a 2012, Padierna Luna destac\u00f3 en el Senado por ser la principal opositora de las reformas estructurales (y del Pacto Por M\u00e9xico en 2012), en especial, de la reforma energ\u00e9tica, para lo cual se encerr\u00f3 15 d\u00edas en el \u00f3rgano legislativo para intentar frenarla.<\/p>\n<p>Durante el sexenio de Enrique Pe\u00f1a Nieto, Padierna Luna segu\u00eda militando en el PRD, pero trabaj\u00f3 con Bejarano para construir el MNE, que, hasta antes del triunfo de L\u00f3pez Obrador el a\u00f1o pasado, ten\u00eda la intenci\u00f3n de convertirse en partido pol\u00edtico. A la fecha, con este movimiento recorren el pa\u00eds tratando de explicar el proyecto de naci\u00f3n del tabasque\u00f1o.<\/p>\n<p><strong><em>Como presidente, \u00bfL\u00f3pez Obrador tom\u00f3 distancia de ustedes? <\/em><\/strong><\/p>\n<p>\u201cNosotros nunca nos separamos de Andr\u00e9s ni \u00e9l de nosotros. Cuando \u00e9l decide salir del PRD y formar otro partido fue en 2013. En ese momento, yo lo busqu\u00e9 y le dije: \u2018Nos vamos contigo todos\u2019. Pero alguien ten\u00eda que quedarse para jalar a los que faltaban y, por esa raz\u00f3n o por otra, \u00e9l sali\u00f3 del partido\u201d.<\/p>\n<p>Padierna Luna es una mujer respetada al interior de Morena. Con los dem\u00e1s partidos, su relaci\u00f3n es abierta, a pesar de su visi\u00f3n radical. Fernando Lerdo de Tejada, ex legislador del PRI y quien tuvo a Padierna de colega en el Constituyente de la Ciudad de M\u00e9xico, dice que la conoci\u00f3 cuando era una muy joven dirigente social y defensora de los damnificados de los sismos de 1985.<\/p>\n<p>\u201cDolores es una mujer de ideas firmes y con una resuelta voluntad para sacar adelante las encomiendas de su encargo\u2026 una pol\u00edtica madura y de gran experiencia\u201d, dice Lerdo de Tejada.<\/p>\n<p>En la Asamblea Constituyente, Padierna lidi\u00f3 con adversarios como Carlos Gelista, dirigente del PAN en la capital del pa\u00eds en la \u00e9poca de los videoesc\u00e1ndalos.<\/p>\n<p>Padierna es una mujer influyente en la pol\u00edtica nacional, dice Gelista, cuya percepci\u00f3n de ella cambi\u00f3 al verla trabajar de cerca.<\/p>\n<p>\u201cEn la Asamblea Constituyente, me pareci\u00f3 una persona muy aplicada en lo que estaba haciendo como coordinadora del PRD. Es alguien que tra\u00eda una idea muy clara del proyecto de izquierda que representan, y con la idea de conciliar con las diferentes visiones de su grupo\u201d.<\/p>\n<p>Al Congreso, en 2018, lleg\u00f3 con el apoyo de 30 legisladores y su fuerza ha ido en aumento.<\/p>\n<p><strong><em>Te puede interesar:<\/em><\/strong><a href=\"https:\/\/www.forbes.com.mx\/desconoce-gurria-lo-que-es-el-modelo-neoliberal\/\" target=\"_blank\" rel=\"noopener noreferrer\"><em> Desconoce Jos\u00e9 \u00c1ngel Gurr\u00eda lo que es el modelo neoliberal<\/em><\/a><\/p>\n<p><strong>La agenda obradorista <\/strong><\/p>\n<p>Padierna cuenta que, en la aprobaci\u00f3n de la reforma energ\u00e9tica, L\u00f3pez Obrador, aun estando enfermo, \u201cestuvo viendo el debate del Congreso y vio nuestra lucha, nuestra argumentaci\u00f3n; c\u00f3mo dimos la vida ah\u00ed. As\u00ed somos nosotros y as\u00ed es \u00e9l. Yo s\u00e9 que \u00e9l sabe c\u00f3mo trabajo, siendo muy congruente con la l\u00ednea pol\u00edtica que fijaba el partido\u201d.<\/p>\n<p>Aunque milita en Morena, Padierna empuja con Bejarano el MNE con el prop\u00f3sito de informar a la poblaci\u00f3n sobre el proyecto de naci\u00f3n de la Cuarta Transformaci\u00f3n.<\/p>\n<p>Admite que van lento, porque se ha complicado la operaci\u00f3n con la oposici\u00f3n y no pensaron que el proyecto neoliberal hab\u00eda avanzado tanto: \u201cFue demasiado, constitucionalmente hablando\u201d.<\/p>\n<p>Dolores Padierna afirma que, aun cuando tienen, como Morena, el Poder Ejecutivo, se requieren reformas constitucionales para lograr la Cuarta Transformaci\u00f3n. Por ello, se abocaron a modificar la Ley Org\u00e1nica de la Administraci\u00f3n P\u00fablica y a crear la Guardia Nacional.<\/p>\n<p>Comenta que el primer paso consiste en pacificar el pa\u00eds y, para ello, definieron un presupuesto que plantea un nuevo modelo econ\u00f3mico. \u201cEl cambio de modelo se va a explicar en el Plan de Nacional de Desarrollo\u201d, a\u00f1ade.<\/p>\n<p>Padierna explica que se van a enfocar en todo lo que no ha sido privatizado en el pa\u00eds. \u201cVamos a potenciar la econom\u00eda nacional para el mercado nacional, es decir, hacer de M\u00e9xico un pa\u00eds productivo para el mercado local. Fortalecer el ingreso de las personas para el mercado nacional. Pero v\u00e1monos con calma porque el neoliberalismo fue de 36 a\u00f1os y no se puede borrar de un plumazo\u201d.<\/p>\n<p>Detalla, por ejemplo, que, con el tren transpac\u00edfico, se va a generar econom\u00eda de todo tipo. Aunque advierte que \u201cno va a venir a poner Odebrecht sus negocios en cada parada; ahora van a ser los pobladores por donde vaya pasando el proyecto para desarrollar la econom\u00eda local\u201d.<\/p>\n<p>Agrega: \u201cEl programa de infraestructura con 100 universidades va a generar empleo, se har\u00e1n 300 carreteras y 400 caminos rurales, adem\u00e1s del nuevo aeropuerto y 1 mill\u00f3n de viviendas. Se van a detonar 14 industrias nacionales\u201d.<\/p>\n<p>Afirma que los empresarios est\u00e1n muy contentos. \u201cEl neoliberalismo s\u00f3lo ve\u00eda una \u00e9lite de empresas y, ahora, es ver a todos los medianos que sobrevivieron. Ellos son los que se van a ver muy beneficiados con estos programas&#8230; y la gente\u201d.<\/p>\n<p>En su agenda, hay reformas para la econom\u00eda social y solidaria, y superar la dependencia del pa\u00eds respecto de Estados Unidos, de donde se importa 80% de la gasolina.<\/p>\n<p>Considera que se va a aprovechar el nuevo Tratado de Libre Comercio y todo lo energ\u00e9tico que no est\u00e1 privatizado. Ahora s\u00ed hay libre mercado; cada quien va y gana conforme a ello, se\u00f1ala, pero hicieron leyes para impedir que Pemex o CFE compitieran. \u201cVamos a quitar las leyes neoliberales. No habr\u00e1 industria energ\u00e9tica privada en su totalidad. Pemex va a competir; no ser\u00e1 como en el gobierno anterior, donde se le imped\u00eda participar\u201d.<\/p>\n<p>Conf\u00eda en que se puede avanzar porque se dej\u00f3 85% del petr\u00f3leo. \u201cLos 107 contratos est\u00e1n ah\u00ed, pero no hacen nada. Si ellos no invierten, nosotros s\u00ed vamos a invertir\u201d. Precisa que, como parte del nuevo modelo econ\u00f3mico, este a\u00f1o se le aliger\u00f3 la carga fiscal a Pemex. \u201cSi se firm\u00f3 un contrato con una empresa X y \u00e9ste dice que la ganancia para M\u00e9xico es de 40%, va a entrar esa ganancia porque se van a respetar esos contratos firmados. Hoy entran cero pesos, porque se hab\u00eda pactado con el privado que se llevaran todo\u201d.<\/p>\n<p>En cuanto a reformas a la banca, Padierna dice que es un tema que no viene pronto; sin embargo, en este trienio, lo que se va a pedir es la inclusi\u00f3n financiera. \u201cSe hizo la reforma financiera, pero no hay cr\u00e9dito a los pobres. Vamos a aprobar una reforma para que los j\u00f3venes de 15 a\u00f1os puedan tener cuentas bancarias, porque se les van a dar millones de pesos y se quiere crear una cultura del ahorro y dosificar lo que se les da. Aunque sea poco, pero que ahorren\u201d.<\/p>\n<p>Explica que, hoy en d\u00eda, no se puede abrir una cuenta si no tienes 10,000 pesos. Eso se eliminar\u00e1, porque es excluir a los pobres. \u201cLa banca nacional se fortalecer\u00e1, pero va a permear a la banca privada. Vamos a poner el ejemplo\u201d, afirma.<\/p>\n<p>Tambi\u00e9n plantea que habr\u00e1 una reforma hacendaria nueva, ya que es muy pesado para las empresas pagar de 35 a 40% de impuesto, y eso motiva la evasi\u00f3n. En la reforma laboral, asegura, vamos a desaparecer los sindicatos charros; los patronales van para afuera. Todos se van a elegir ahora por voto directo, libre y secreto. \u201cEs un cambio impresionante para la clase trabajadora\u201d, a\u00f1ade.<\/p>\n<p>El objetivo es desaparecer las Juntas de Conciliaci\u00f3n y Arbitraje para que haya tribunales y sea el Poder Judicial el que lleve los juicios laborales, y ya no el Poder Ejecutivo. \u201cAs\u00ed, todos los trabajadores van a conocer sus contratos. Todo mundo est\u00e1 de acuerdo porque se firm\u00f3 en el nuevo T-MEC y los empresarios dieron su anuencia\u201d, afirma Padierna.<\/p>\n<p>Dolores Padierna tiene una buena relaci\u00f3n con su coordinador, Mario Delgado, pese a que tienen formaci\u00f3n ideol\u00f3gica distinta. \u201cNos mensajeamos diario\u201d, revela. Lo mismo con Porfirio Mu\u00f1oz Ledo, presidente de la Mesa Directiva, y Ricardo Monreal, coordinador de Morena en el Senado.<\/p>\n<p>Con la oposici\u00f3n, se ha tratado de construir acuerdos para no usar la mayor\u00eda, se\u00f1ala. No obstante, agrega, ya entendieron que no van a transitar con el PAN. \u201cNos queda claro que el PAN ser\u00e1 la oposici\u00f3n de ultraderecha radical y va a ser el no por el no\u201d.<\/p>\n<p>Dolores Padierna a\u00f1ade que, con todo y los bemoles, van a refrendar su triunfo en las urnas en 2021, porque habr\u00e1 justicia social y avanzar\u00e1 la pensi\u00f3n universal en el pa\u00eds. \u201cSomos un conjunto de l\u00edderes, y el legado que debemos dejar es darle viabilidad legislativa al Proyecto Alternativo de Naci\u00f3n\u201d.<\/p>\n<p><a rel=\"nofollow\" href=\"https:\/\/www.forbes.com.mx\/sepultar-al-neoliberalismo-el-legado-que-quieren-dejar-amlo-y-morena\/\">Sepultar al neoliberalismo, el legado que quieren dejar AMLO y Morena<\/a><br \/>\n<a rel=\"nofollow\" href=\"https:\/\/www.forbes.com.mx\/author\/forbes-staff\/\">Forbes Staff<\/a><\/p>\n<\/div>\n<\/div>","protected":false},"excerpt":{"rendered":"<p>Forbes M\u00e9xico. Sepultar al neoliberalismo, el legado que quieren dejar AMLO y Morena Por Luis Eduardo Vel\u00e1zquez \u201cGanamos el gobierno, pero debemos ganar el poder\u201d. As\u00ed lee el momento pol\u00edtico la diputada Dolores Padierna Luna, personaje clave en un Congreso af\u00edn al presidente Andr\u00e9s Manuel L\u00f3pez Obrador. Vicecoordinadora de Morena en la 64 Legislatura de [&hellip;]<\/p>","protected":false},"author":91,"featured_media":0,"comment_status":"open","ping_status":"open","sticky":false,"template":"","format":"standard","meta":{"site-sidebar-layout":"default","site-content-layout":"","ast-site-content-layout":"","site-content-style":"default","site-sidebar-style":"default","ast-global-header-display":"","ast-banner-title-visibility":"","ast-main-header-display":"","ast-hfb-above-header-display":"","ast-hfb-below-header-display":"","ast-hfb-mobile-header-display":"","site-post-title":"","ast-breadcrumbs-content":"","ast-featured-img":"","footer-sml-layout":"","theme-transparent-header-meta":"","adv-header-id-meta":"","stick-header-meta":"","header-above-stick-meta":"","header-main-stick-meta":"","header-below-stick-meta":"","astra-migrate-meta-layouts":"default","ast-page-background-enabled":"default","ast-page-background-meta":{"desktop":{"background-color":"","background-image":"","background-repeat":"repeat","background-position":"center center","background-size":"auto","background-attachment":"scroll","background-type":"","background-media":"","overlay-type":"","overlay-color":"","overlay-opacity":"","overlay-gradient":""},"tablet":{"background-color":"","background-image":"","background-repeat":"repeat","background-position":"center center","background-size":"auto","background-attachment":"scroll","background-type":"","background-media":"","overlay-type":"","overlay-color":"","overlay-opacity":"","overlay-gradient":""},"mobile":{"background-color":"","background-image":"","background-repeat":"repeat","background-position":"center center","background-size":"auto","background-attachment":"scroll","background-type":"","background-media":"","overlay-type":"","overlay-color":"","overlay-opacity":"","overlay-gradient":""}},"ast-content-background-meta":{"desktop":{"background-color":"var(--ast-global-color-5)","background-image":"","background-repeat":"repeat","background-position":"center center","background-size":"auto","background-attachment":"scroll","background-type":"","background-media":"","overlay-type":"","overlay-color":"","overlay-opacity":"","overlay-gradient":""},"tablet":{"background-color":"var(--ast-global-color-5)","background-image":"","background-repeat":"repeat","background-position":"center center","background-size":"auto","background-attachment":"scroll","background-type":"","background-media":"","overlay-type":"","overlay-color":"","overlay-opacity":"","overlay-gradient":""},"mobile":{"background-color":"var(--ast-global-color-5)","background-image":"","background-repeat":"repeat","background-position":"center center","background-size":"auto","background-attachment":"scroll","background-type":"","background-media":"","overlay-type":"","overlay-color":"","overlay-opacity":"","overlay-gradient":""}},"footnotes":""},"categories":[1],"tags":[],"class_list":["post-4212","post","type-post","status-publish","format-standard","hentry","category-uncategorized"],"_links":{"self":[{"href":"https:\/\/enlacescorporativos.com\/en\/wp-json\/wp\/v2\/posts\/4212","targetHints":{"allow":["GET"]}}],"collection":[{"href":"https:\/\/enlacescorporativos.com\/en\/wp-json\/wp\/v2\/posts"}],"about":[{"href":"https:\/\/enlacescorporativos.com\/en\/wp-json\/wp\/v2\/types\/post"}],"author":[{"embeddable":true,"href":"https:\/\/enlacescorporativos.com\/en\/wp-json\/wp\/v2\/users\/91"}],"replies":[{"embeddable":true,"href":"https:\/\/enlacescorporativos.com\/en\/wp-json\/wp\/v2\/comments?post=4212"}],"version-history":[{"count":0,"href":"https:\/\/enlacescorporativos.com\/en\/wp-json\/wp\/v2\/posts\/4212\/revisions"}],"wp:attachment":[{"href":"https:\/\/enlacescorporativos.com\/en\/wp-json\/wp\/v2\/media?parent=4212"}],"wp:term":[{"taxonomy":"category","embeddable":true,"href":"https:\/\/enlacescorporativos.com\/en\/wp-json\/wp\/v2\/categories?post=4212"},{"taxonomy":"post_tag","embeddable":true,"href":"https:\/\/enlacescorporativos.com\/en\/wp-json\/wp\/v2\/tags?post=4212"}],"curies":[{"name":"wp","href":"https:\/\/api.w.org\/{rel}","templated":true}]}}