{"id":4218,"date":"2019-07-05T09:28:08","date_gmt":"2019-07-05T14:28:08","guid":{"rendered":"https:\/\/enlacescorporativos.com\/?p=4218"},"modified":"2019-07-05T09:28:08","modified_gmt":"2019-07-05T14:28:08","slug":"sargazo-si-debe-considerarse-una-emergencia-nacional-afirma-investigador","status":"publish","type":"post","link":"https:\/\/enlacescorporativos.com\/en\/2019\/07\/05\/sargazo-si-debe-considerarse-una-emergencia-nacional-afirma-investigador\/","title":{"rendered":"Sargazo s\u00ed debe considerarse una emergencia nacional, afirma investigador"},"content":{"rendered":"<div><img src='https:\/\/cdn.forbes.com.mx\/2018\/08\/sargazo-sectur.jpg' style='max-width:600px;' \/><\/p>\n<div>\n<p><a rel=\"nofollow\" href=\"https:\/\/www.forbes.com.mx\">Forbes M\u00e9xico<\/a>.<br \/>\n <a rel=\"nofollow\" href=\"https:\/\/www.forbes.com.mx\/sargazo-si-debe-considerarse-una-emergencia-nacional-afirma-investigador\/\">Sargazo s\u00ed debe considerarse una emergencia nacional, afirma investigador<\/a><\/p>\n<div><img fetchpriority=\"high\" decoding=\"async\" width=\"1280\" height=\"720\" src=\"https:\/\/cdn.forbes.com.mx\/2018\/08\/sargazo-sectur.jpg\" class=\"attachment-full size-full wp-post-image\" alt=\"\" style=\"margin-bottom: 15px;\" srcset=\"https:\/\/cdn.forbes.com.mx\/2018\/08\/sargazo-sectur.jpg 1280w, https:\/\/cdn.forbes.com.mx\/2018\/08\/sargazo-sectur-300x169.jpg 300w, https:\/\/cdn.forbes.com.mx\/2018\/08\/sargazo-sectur-768x432.jpg 768w, https:\/\/cdn.forbes.com.mx\/2018\/08\/sargazo-sectur-1024x576.jpg 1024w, https:\/\/cdn.forbes.com.mx\/2018\/08\/sargazo-sectur-640x360.jpg 640w, https:\/\/cdn.forbes.com.mx\/2018\/08\/sargazo-sectur-320x180.jpg 320w\" sizes=\"(max-width: 1280px) 100vw, 1280px\" data-full-size=\"https:\/\/cdn.forbes.com.mx\/2018\/08\/sargazo-sectur.jpg\" data-caption=\"Trabajadores limpian playas de sargazo (Foto: Sectur Quintana Roo)\" data-description=\"\" \/><\/div>\n<p><strong>Notimex.-<\/strong> El tema del sargazo debe considerarse de emergencia nacional, porque el crecimiento at\u00edpico de esa macroalga no es normal y en el Caribe mexicano inici\u00f3 desde 2011, favorecido por el cambio de temperatura y los nutrientes de aguas negras, advirti\u00f3 Alberto Jes\u00fas R\u00edos Flores, Qu\u00edmico Farmac\u00e9utico Biotecn\u00f3logo.<\/p>\n<p>El experto de la Universidad del Valle de M\u00e9xico explic\u00f3 que el cambio de temperatura en los mares y el desag\u00fce de aguas negras en el Caribe mexicano son, entre otros, factores que inciden en el arribo y aumento del sargazo a playas mexicanas, porque necesitan nutrientes.<\/p>\n<p>&#8220;Lo que se ha visto, lo que se ha reportado en las investigaciones por parte de varias instituciones que se encuentran en la regi\u00f3n, es que hay un descuido en el desahogo de las aguas negras en las zonas afectadas y \u00e9stas tienen los nutrientes que necesitan las macroalgas para crecer y proliferar\u201d, precis\u00f3.<\/p>\n<p><strong>Lee:\u00a0<\/strong><a title=\"Atender problema de sargazo ser\u00e1 prioridad nacional: Torruco\" href=\"https:\/\/www.forbes.com.mx\/atender-problema-de-sargazo-sera-prioridad-nacional-torruco\/\"><strong>Atender problema de sargazo ser\u00e1 prioridad nacional: Torruco<\/strong><\/a><\/p>\n<p>El experto tambi\u00e9n record\u00f3 que el origen natural de esta macroalga del g\u00e9nero Sargassum se encuentra en la regi\u00f3n conocida como el Mar de los Sargazos en el Atl\u00e1ntico Norte.<\/p>\n<p>\u201cAhora se ha descubierto que proviene del Atl\u00e1ntico Sur entre las costas de Brasil y \u00c1frica, que migra por las corrientes marinas hacia el Caribe mexicano y, lo que se ha detectado es que, de acuerdo al cambio de temperatura y a los nutrientes que est\u00e1n presentes en esa zona, hay un incremento de su poblaci\u00f3n y es lo que estamos viendo en estos momentos\u201d.<\/p>\n<p>De acuerdo con un comunicado, indic\u00f3 que para 2015 fue notorio el crecimiento de sargazo en las playas caribe\u00f1as, y ya para &#8220;2018 se recolectaron 522 mil toneladas en las costas y se espera que la cifra aumente en el 2019\u201d, de ah\u00ed que &#8220;s\u00ed debe considerarse un tema de emergencia nacional&#8221;.<\/p>\n<p><strong>Sigue leyendo: <\/strong><a title=\"Impacto del sargazo en turismo se podr\u00eda sentir en las pr\u00f3ximas vacaciones: Concanaco\" href=\"https:\/\/www.forbes.com.mx\/impacto-del-sargazo-en-el-turismo-se-sentiria-en-proximas-vacaciones\/\"><strong>Impacto del sargazo en turismo se podr\u00eda sentir en las pr\u00f3ximas vacaciones: Concanaco<\/strong><\/a><\/p>\n<p>Coment\u00f3 que entre los problemas que provocan esas macroalgas est\u00e1 que consumen el ox\u00edgeno que se encuentra en el mar y por ello los peces que est\u00e1n por debajo del sargazo comienzan a morir.<\/p>\n<p>\u201cOtra dificultad es la de las tortugas que migran hacia estas playas mexicanas para tener a sus cr\u00edas, no pueden desovar; si las tortugas consiguen pasar a las playas, los reci\u00e9n nacidos ya no pueden llegar al mar por la gran cantidad de macro algas\u201d.<\/p>\n<p>Agreg\u00f3 que a la lista de consecuencias negativas se agregan las afectaciones a la flora y fauna de los sistemas arrecifales, los cuales en el Caribe representa el segundo m\u00e1s grande del mundo, ya que el sargazo libera f\u00f3sforo, nitr\u00f3geno y metales pesados, que deterioran la calidad del agua y provocan cambios profundos en los ecosistemas, entre ellos que crezcan m\u00e1s corales.<\/p>\n<p><strong>Lee tambi\u00e9n: <a title=\"Hoteles dar\u00e1n descuentos por presencia del sargazo en el Caribe\" href=\"https:\/\/www.forbes.com.mx\/hoteles-daran-descuentos-por-presencia-del-sargazo-en-el-caribe\/\">Hoteles dar\u00e1n descuentos por presencia del sargazo en el Caribe<\/a><\/strong><\/p>\n<p><a rel=\"nofollow\" href=\"https:\/\/www.forbes.com.mx\/sargazo-si-debe-considerarse-una-emergencia-nacional-afirma-investigador\/\">Sargazo s\u00ed debe considerarse una emergencia nacional, afirma investigador<\/a><br \/>\n<a rel=\"nofollow\" href=\"https:\/\/www.forbes.com.mx\/author\/forbes-staff\/\">Forbes Staff<\/a><\/p>\n<\/div>\n<\/div>","protected":false},"excerpt":{"rendered":"<p>Forbes M\u00e9xico. Sargazo s\u00ed debe considerarse una emergencia nacional, afirma investigador Notimex.- El tema del sargazo debe considerarse de emergencia nacional, porque el crecimiento at\u00edpico de esa macroalga no es normal y en el Caribe mexicano inici\u00f3 desde 2011, favorecido por el cambio de temperatura y los nutrientes de aguas negras, advirti\u00f3 Alberto Jes\u00fas R\u00edos [&hellip;]<\/p>","protected":false},"author":91,"featured_media":0,"comment_status":"open","ping_status":"open","sticky":false,"template":"","format":"standard","meta":{"site-sidebar-layout":"default","site-content-layout":"","ast-site-content-layout":"","site-content-style":"default","site-sidebar-style":"default","ast-global-header-display":"","ast-banner-title-visibility":"","ast-main-header-display":"","ast-hfb-above-header-display":"","ast-hfb-below-header-display":"","ast-hfb-mobile-header-display":"","site-post-title":"","ast-breadcrumbs-content":"","ast-featured-img":"","footer-sml-layout":"","theme-transparent-header-meta":"","adv-header-id-meta":"","stick-header-meta":"","header-above-stick-meta":"","header-main-stick-meta":"","header-below-stick-meta":"","astra-migrate-meta-layouts":"default","ast-page-background-enabled":"default","ast-page-background-meta":{"desktop":{"background-color":"","background-image":"","background-repeat":"repeat","background-position":"center center","background-size":"auto","background-attachment":"scroll","background-type":"","background-media":"","overlay-type":"","overlay-color":"","overlay-opacity":"","overlay-gradient":""},"tablet":{"background-color":"","background-image":"","background-repeat":"repeat","background-position":"center center","background-size":"auto","background-attachment":"scroll","background-type":"","background-media":"","overlay-type":"","overlay-color":"","overlay-opacity":"","overlay-gradient":""},"mobile":{"background-color":"","background-image":"","background-repeat":"repeat","background-position":"center center","background-size":"auto","background-attachment":"scroll","background-type":"","background-media":"","overlay-type":"","overlay-color":"","overlay-opacity":"","overlay-gradient":""}},"ast-content-background-meta":{"desktop":{"background-color":"var(--ast-global-color-5)","background-image":"","background-repeat":"repeat","background-position":"center center","background-size":"auto","background-attachment":"scroll","background-type":"","background-media":"","overlay-type":"","overlay-color":"","overlay-opacity":"","overlay-gradient":""},"tablet":{"background-color":"var(--ast-global-color-5)","background-image":"","background-repeat":"repeat","background-position":"center center","background-size":"auto","background-attachment":"scroll","background-type":"","background-media":"","overlay-type":"","overlay-color":"","overlay-opacity":"","overlay-gradient":""},"mobile":{"background-color":"var(--ast-global-color-5)","background-image":"","background-repeat":"repeat","background-position":"center center","background-size":"auto","background-attachment":"scroll","background-type":"","background-media":"","overlay-type":"","overlay-color":"","overlay-opacity":"","overlay-gradient":""}},"footnotes":""},"categories":[1],"tags":[],"class_list":["post-4218","post","type-post","status-publish","format-standard","hentry","category-uncategorized"],"_links":{"self":[{"href":"https:\/\/enlacescorporativos.com\/en\/wp-json\/wp\/v2\/posts\/4218","targetHints":{"allow":["GET"]}}],"collection":[{"href":"https:\/\/enlacescorporativos.com\/en\/wp-json\/wp\/v2\/posts"}],"about":[{"href":"https:\/\/enlacescorporativos.com\/en\/wp-json\/wp\/v2\/types\/post"}],"author":[{"embeddable":true,"href":"https:\/\/enlacescorporativos.com\/en\/wp-json\/wp\/v2\/users\/91"}],"replies":[{"embeddable":true,"href":"https:\/\/enlacescorporativos.com\/en\/wp-json\/wp\/v2\/comments?post=4218"}],"version-history":[{"count":0,"href":"https:\/\/enlacescorporativos.com\/en\/wp-json\/wp\/v2\/posts\/4218\/revisions"}],"wp:attachment":[{"href":"https:\/\/enlacescorporativos.com\/en\/wp-json\/wp\/v2\/media?parent=4218"}],"wp:term":[{"taxonomy":"category","embeddable":true,"href":"https:\/\/enlacescorporativos.com\/en\/wp-json\/wp\/v2\/categories?post=4218"},{"taxonomy":"post_tag","embeddable":true,"href":"https:\/\/enlacescorporativos.com\/en\/wp-json\/wp\/v2\/tags?post=4218"}],"curies":[{"name":"wp","href":"https:\/\/api.w.org\/{rel}","templated":true}]}}