{"id":4226,"date":"2019-07-05T11:03:29","date_gmt":"2019-07-05T16:03:29","guid":{"rendered":"https:\/\/enlacescorporativos.com\/?p=4226"},"modified":"2019-07-05T11:03:29","modified_gmt":"2019-07-05T16:03:29","slug":"sigue-la-luna-de-miel-entre-gobierno-y-empresarios-alfonso-romo","status":"publish","type":"post","link":"https:\/\/enlacescorporativos.com\/en\/2019\/07\/05\/sigue-la-luna-de-miel-entre-gobierno-y-empresarios-alfonso-romo\/","title":{"rendered":"Sigue la luna de miel entre gobierno y empresarios: Alfonso Romo"},"content":{"rendered":"<div><img src='https:\/\/cdn.forbes.com.mx\/2018\/07\/Alfonso-Romo_W8A9435.jpg' style='max-width:600px;' \/><\/p>\n<div>\n<p><a rel=\"nofollow\" href=\"https:\/\/www.forbes.com.mx\">Forbes M\u00e9xico<\/a>.<br \/>\n <a rel=\"nofollow\" href=\"https:\/\/www.forbes.com.mx\/sigue-la-luna-de-miel-entre-gobierno-y-empresarios-alfonso-romo\/\">Sigue la luna de miel entre gobierno y empresarios: Alfonso Romo<\/a><\/p>\n<div><img fetchpriority=\"high\" decoding=\"async\" width=\"1280\" height=\"720\" src=\"https:\/\/cdn.forbes.com.mx\/2018\/07\/Alfonso-Romo_W8A9435.jpg\" class=\"attachment-full size-full wp-post-image\" alt=\"\" style=\"margin-bottom: 15px;\" srcset=\"https:\/\/cdn.forbes.com.mx\/2018\/07\/Alfonso-Romo_W8A9435.jpg 1280w, https:\/\/cdn.forbes.com.mx\/2018\/07\/Alfonso-Romo_W8A9435-300x169.jpg 300w, https:\/\/cdn.forbes.com.mx\/2018\/07\/Alfonso-Romo_W8A9435-768x432.jpg 768w, https:\/\/cdn.forbes.com.mx\/2018\/07\/Alfonso-Romo_W8A9435-1024x576.jpg 1024w, https:\/\/cdn.forbes.com.mx\/2018\/07\/Alfonso-Romo_W8A9435-640x360.jpg 640w, https:\/\/cdn.forbes.com.mx\/2018\/07\/Alfonso-Romo_W8A9435-320x180.jpg 320w\" sizes=\"(max-width: 1280px) 100vw, 1280px\" data-full-size=\"https:\/\/cdn.forbes.com.mx\/2018\/07\/Alfonso-Romo_W8A9435.jpg\" data-caption=\"Alfonso Romo. (Foto: Fernando Luna Arce \/ Forbes M\u00e9xico)\" data-description=\"\" \/><\/div>\n<p><strong>Notimex.-<\/strong> El jefe de la oficina de la Presidencia de la Rep\u00fablica, Alfonso Romo, asever\u00f3 que contin\u00faa la luna de miel entre el gobierno y los empresarios, ya que aunque tienen puntos de vista diferentes, est\u00e1n caminando de la mano.<\/p>\n<p>&#8220;Las reuniones con los empresarios son muy positivas, tenemos pl\u00e1ticas, tenemos puntos de vista diferentes, pero estamos caminando de la mano, de eso no tengan duda, sigue la luna de miel, es m\u00e1s, ya vamos a ir al matrimonio&#8221;, indic\u00f3.<\/p>\n<p>En el marco de la celebraci\u00f3n del D\u00eda Nacional del Ingeniero, descart\u00f3 que la econom\u00eda mexicana pudiera caer en una recesi\u00f3n: &#8220;yo no la veo, yo creo que s\u00ed vamos a tener un trimestre no tan positivo como esper\u00e1bamos, no s\u00e9 todav\u00eda&#8221;,<\/p>\n<p>Por otra parte, afirm\u00f3 que recientemente estuvo en Torre\u00f3n, Coahuila, y en Chihuahua, en donde se reuni\u00f3 con 400 y 450 empresarios, respectivamente, a fin de atraer un mayor n\u00famero de inversiones para el pa\u00eds.<\/p>\n<p>&#8220;Es un proceso de comunicaci\u00f3n intensa la que estamos haciendo&#8230; estamos formando consejos estatales y regionales en toda la Rep\u00fablica, y vamos a tener reuniones dos veces por mes con el presidente de la Rep\u00fablica&#8221;.<\/p>\n<p>Ello, para establecer un di\u00e1logo y compromisos puntuales con 40 o 50 empresarios de cada regi\u00f3n, para apuntalar todav\u00eda m\u00e1s inversiones de las que recientemente anunciamos cuando firmamos el pacto con el Consejo Coordinador Empresarial, abund\u00f3 Romo.<\/p>\n<p>&#8220;Siento que s\u00ed ha venido una baja por muchas razones, la primera porque en diciembre, de una forma sorpresiva, la calificadora Fitch sin raz\u00f3n o con raz\u00f3n amenaz\u00f3 con que pod\u00edamos perder el grado de inversi\u00f3n, esa se\u00f1al fue de esp\u00e9rate, y nos da\u00f1\u00f3 mucho&#8221;.<\/p>\n<p>&#8220;Por otro lado, tenemos una pol\u00edtica fiscal muy restrictiva, porque estamos haciendo un ajuste fuerte en el gasto corriente, lo cual ten\u00edamos que hacer; y segunda, tenemos una pol\u00edtica monetaria muy restrictiva con tasas reales muy altas&#8221;.<\/p>\n<p>El jefe de la Presidencia concluy\u00f3 que todas esas condiciones est\u00e1n afectando, sin embargo, como empresario, no le gusta ver el pasado y que est\u00e1 concentrado en c\u00f3mo apuntalar la econom\u00eda en los pr\u00f3ximos a\u00f1os.<\/p>\n<p><a rel=\"nofollow\" href=\"https:\/\/www.forbes.com.mx\/sigue-la-luna-de-miel-entre-gobierno-y-empresarios-alfonso-romo\/\">Sigue la luna de miel entre gobierno y empresarios: Alfonso Romo<\/a><br \/>\n<a rel=\"nofollow\" href=\"https:\/\/www.forbes.com.mx\/author\/forbes-staff\/\">Forbes Staff<\/a><\/p>\n<\/div>\n<\/div>","protected":false},"excerpt":{"rendered":"<p>Forbes M\u00e9xico. Sigue la luna de miel entre gobierno y empresarios: Alfonso Romo Notimex.- El jefe de la oficina de la Presidencia de la Rep\u00fablica, Alfonso Romo, asever\u00f3 que contin\u00faa la luna de miel entre el gobierno y los empresarios, ya que aunque tienen puntos de vista diferentes, est\u00e1n caminando de la mano. &#8220;Las reuniones [&hellip;]<\/p>","protected":false},"author":91,"featured_media":0,"comment_status":"open","ping_status":"open","sticky":false,"template":"","format":"standard","meta":{"site-sidebar-layout":"default","site-content-layout":"","ast-site-content-layout":"","site-content-style":"default","site-sidebar-style":"default","ast-global-header-display":"","ast-banner-title-visibility":"","ast-main-header-display":"","ast-hfb-above-header-display":"","ast-hfb-below-header-display":"","ast-hfb-mobile-header-display":"","site-post-title":"","ast-breadcrumbs-content":"","ast-featured-img":"","footer-sml-layout":"","theme-transparent-header-meta":"","adv-header-id-meta":"","stick-header-meta":"","header-above-stick-meta":"","header-main-stick-meta":"","header-below-stick-meta":"","astra-migrate-meta-layouts":"default","ast-page-background-enabled":"default","ast-page-background-meta":{"desktop":{"background-color":"","background-image":"","background-repeat":"repeat","background-position":"center center","background-size":"auto","background-attachment":"scroll","background-type":"","background-media":"","overlay-type":"","overlay-color":"","overlay-opacity":"","overlay-gradient":""},"tablet":{"background-color":"","background-image":"","background-repeat":"repeat","background-position":"center center","background-size":"auto","background-attachment":"scroll","background-type":"","background-media":"","overlay-type":"","overlay-color":"","overlay-opacity":"","overlay-gradient":""},"mobile":{"background-color":"","background-image":"","background-repeat":"repeat","background-position":"center center","background-size":"auto","background-attachment":"scroll","background-type":"","background-media":"","overlay-type":"","overlay-color":"","overlay-opacity":"","overlay-gradient":""}},"ast-content-background-meta":{"desktop":{"background-color":"var(--ast-global-color-5)","background-image":"","background-repeat":"repeat","background-position":"center center","background-size":"auto","background-attachment":"scroll","background-type":"","background-media":"","overlay-type":"","overlay-color":"","overlay-opacity":"","overlay-gradient":""},"tablet":{"background-color":"var(--ast-global-color-5)","background-image":"","background-repeat":"repeat","background-position":"center center","background-size":"auto","background-attachment":"scroll","background-type":"","background-media":"","overlay-type":"","overlay-color":"","overlay-opacity":"","overlay-gradient":""},"mobile":{"background-color":"var(--ast-global-color-5)","background-image":"","background-repeat":"repeat","background-position":"center center","background-size":"auto","background-attachment":"scroll","background-type":"","background-media":"","overlay-type":"","overlay-color":"","overlay-opacity":"","overlay-gradient":""}},"footnotes":""},"categories":[1],"tags":[],"class_list":["post-4226","post","type-post","status-publish","format-standard","hentry","category-uncategorized"],"_links":{"self":[{"href":"https:\/\/enlacescorporativos.com\/en\/wp-json\/wp\/v2\/posts\/4226","targetHints":{"allow":["GET"]}}],"collection":[{"href":"https:\/\/enlacescorporativos.com\/en\/wp-json\/wp\/v2\/posts"}],"about":[{"href":"https:\/\/enlacescorporativos.com\/en\/wp-json\/wp\/v2\/types\/post"}],"author":[{"embeddable":true,"href":"https:\/\/enlacescorporativos.com\/en\/wp-json\/wp\/v2\/users\/91"}],"replies":[{"embeddable":true,"href":"https:\/\/enlacescorporativos.com\/en\/wp-json\/wp\/v2\/comments?post=4226"}],"version-history":[{"count":0,"href":"https:\/\/enlacescorporativos.com\/en\/wp-json\/wp\/v2\/posts\/4226\/revisions"}],"wp:attachment":[{"href":"https:\/\/enlacescorporativos.com\/en\/wp-json\/wp\/v2\/media?parent=4226"}],"wp:term":[{"taxonomy":"category","embeddable":true,"href":"https:\/\/enlacescorporativos.com\/en\/wp-json\/wp\/v2\/categories?post=4226"},{"taxonomy":"post_tag","embeddable":true,"href":"https:\/\/enlacescorporativos.com\/en\/wp-json\/wp\/v2\/tags?post=4226"}],"curies":[{"name":"wp","href":"https:\/\/api.w.org\/{rel}","templated":true}]}}