{"id":4228,"date":"2019-07-05T11:18:09","date_gmt":"2019-07-05T16:18:09","guid":{"rendered":"https:\/\/enlacescorporativos.com\/?p=4228"},"modified":"2019-07-05T11:18:09","modified_gmt":"2019-07-05T16:18:09","slug":"consumo-privado-sale-de-bache-y-regresa-a-niveles-de-noviembre","status":"publish","type":"post","link":"https:\/\/enlacescorporativos.com\/en\/2019\/07\/05\/consumo-privado-sale-de-bache-y-regresa-a-niveles-de-noviembre\/","title":{"rendered":"Consumo privado sale de bache y regresa a niveles de noviembre"},"content":{"rendered":"<div><img src='https:\/\/cdn.forbes.com.mx\/2019\/07\/mall.jpg' style='max-width:600px;' \/><\/p>\n<div>\n<p><a rel=\"nofollow\" href=\"https:\/\/www.forbes.com.mx\">Forbes M\u00e9xico<\/a>.<br \/>\n <a rel=\"nofollow\" href=\"https:\/\/www.forbes.com.mx\/consumo-privado-sale-de-bache-y-regresa-a-niveles-de-noviembre\/\">Consumo privado sale de bache y regresa a niveles de noviembre<\/a><\/p>\n<div><img fetchpriority=\"high\" decoding=\"async\" width=\"1280\" height=\"720\" src=\"https:\/\/cdn.forbes.com.mx\/2019\/07\/mall.jpg\" class=\"attachment-full size-full wp-post-image\" alt=\"\" style=\"margin-bottom: 15px;\" srcset=\"https:\/\/cdn.forbes.com.mx\/2019\/07\/mall.jpg 1280w, https:\/\/cdn.forbes.com.mx\/2019\/07\/mall-300x169.jpg 300w, https:\/\/cdn.forbes.com.mx\/2019\/07\/mall-768x432.jpg 768w, https:\/\/cdn.forbes.com.mx\/2019\/07\/mall-1024x576.jpg 1024w, https:\/\/cdn.forbes.com.mx\/2019\/07\/mall-600x338.jpg 600w, https:\/\/cdn.forbes.com.mx\/2019\/07\/mall-200x113.jpg 200w, https:\/\/cdn.forbes.com.mx\/2019\/07\/mall-640x360.jpg 640w, https:\/\/cdn.forbes.com.mx\/2019\/07\/mall-320x180.jpg 320w\" sizes=\"(max-width: 1280px) 100vw, 1280px\" data-full-size=\"https:\/\/cdn.forbes.com.mx\/2019\/07\/mall.jpg\" data-caption=\"Foto: Unsplash\" data-description=\"\" \/><\/div>\n<p>El consumo privado en el pa\u00eds se recuper\u00f3 en abril de la ca\u00edda que tuvo en marzo y regres\u00f3 a los niveles que registraba en noviembre, ya que en los primeros tres meses del sexenio del presidente Andr\u00e9s Manuel L\u00f3pez Obrador se estanc\u00f3.<\/p>\n<p>De acuerdo con cifras del Instituto Nacional de Geograf\u00eda y Estad\u00edstica (Inegi), el Indicador Mensual del Consumo Privado en el Mercado Interior aument\u00f3 1.3% en abril frente al mes inmediato anterior, con cifras desestacionalizadas.<\/p>\n<p>Por componentes, el consumo en bienes de origen importado creci\u00f3 5.3% y en bienes y servicios de origen nacional ascendi\u00f3 0.5%. De manera espec\u00edfica, la compra de bienes nacionales creci\u00f3 1.2%, mientras que la contrataci\u00f3n de servicios disminuy\u00f3 0.3%.<\/p>\n<p>En marzo, el consumo privado en general cay\u00f3 1.4% respecto a febrero, mientras que en ese segundo mes del a\u00f1o, en enero y diciembre pasado, el indicador tuvo crecimiento de 0.0, 0.2 y 0.0%, respectivamente, es decir, de diciembre a abril ha aumentado apenas 0.1%.<\/p>\n<p>En su comparaci\u00f3n anual, el consumo mostr\u00f3 un avance de 1.4% en el mes de referencia. A su interior, los gastos en bienes de origen importado tuvieron un alza de 2% y los de bienes y servicios nacionales se incrementaron 1.2%.<\/p>\n<p>En detalle, los gastos en bienes locales se elevaron 2% y en servicios fueron mayores en 0.5%, con relaci\u00f3n a los de abril de 2018.<\/p>\n<p><em><strong>Te recomendamos:<\/strong><\/em><\/p>\n<blockquote class=\"wp-embedded-content\" data-secret=\"Mu3fTuZpKp\">\n<p><a href=\"https:\/\/www.forbes.com.mx\/bajo-crecimiento-y-fantasma-de-recesion-el-panorama-para-el-cierre-de-2019\/\">Bajo crecimiento y fantasma de recesi\u00f3n, el panorama para el cierre de 2019<\/a><\/p>\n<\/blockquote>\n<p><iframe class=\"embed-responsive-item\"  title=\"&#8220;Bajo crecimiento y fantasma de recesi\u00f3n, el panorama para el cierre de 2019&#8221; &#8212; Forbes M\u00e9xico\" sandbox=\"allow-scripts\" security=\"restricted\" style=\"position: absolute; clip: rect(1px, 1px, 1px, 1px);\" src=\"https:\/\/www.forbes.com.mx\/bajo-crecimiento-y-fantasma-de-recesion-el-panorama-para-el-cierre-de-2019\/embed\/#?secret=Mu3fTuZpKp\" data-secret=\"Mu3fTuZpKp\" width=\"600\" height=\"338\" frameborder=\"0\" marginwidth=\"0\" marginheight=\"0\" scrolling=\"no\"><\/iframe><\/p>\n<p><a rel=\"nofollow\" href=\"https:\/\/www.forbes.com.mx\/consumo-privado-sale-de-bache-y-regresa-a-niveles-de-noviembre\/\">Consumo privado sale de bache y regresa a niveles de noviembre<\/a><br \/>\n<a rel=\"nofollow\" href=\"https:\/\/www.forbes.com.mx\/author\/forbes-staff\/\">Forbes Staff<\/a><\/p>\n<\/div>\n<\/div>","protected":false},"excerpt":{"rendered":"<p>Forbes M\u00e9xico. Consumo privado sale de bache y regresa a niveles de noviembre El consumo privado en el pa\u00eds se recuper\u00f3 en abril de la ca\u00edda que tuvo en marzo y regres\u00f3 a los niveles que registraba en noviembre, ya que en los primeros tres meses del sexenio del presidente Andr\u00e9s Manuel L\u00f3pez Obrador se [&hellip;]<\/p>","protected":false},"author":91,"featured_media":0,"comment_status":"open","ping_status":"open","sticky":false,"template":"","format":"standard","meta":{"site-sidebar-layout":"default","site-content-layout":"","ast-site-content-layout":"","site-content-style":"default","site-sidebar-style":"default","ast-global-header-display":"","ast-banner-title-visibility":"","ast-main-header-display":"","ast-hfb-above-header-display":"","ast-hfb-below-header-display":"","ast-hfb-mobile-header-display":"","site-post-title":"","ast-breadcrumbs-content":"","ast-featured-img":"","footer-sml-layout":"","theme-transparent-header-meta":"","adv-header-id-meta":"","stick-header-meta":"","header-above-stick-meta":"","header-main-stick-meta":"","header-below-stick-meta":"","astra-migrate-meta-layouts":"default","ast-page-background-enabled":"default","ast-page-background-meta":{"desktop":{"background-color":"","background-image":"","background-repeat":"repeat","background-position":"center center","background-size":"auto","background-attachment":"scroll","background-type":"","background-media":"","overlay-type":"","overlay-color":"","overlay-opacity":"","overlay-gradient":""},"tablet":{"background-color":"","background-image":"","background-repeat":"repeat","background-position":"center center","background-size":"auto","background-attachment":"scroll","background-type":"","background-media":"","overlay-type":"","overlay-color":"","overlay-opacity":"","overlay-gradient":""},"mobile":{"background-color":"","background-image":"","background-repeat":"repeat","background-position":"center center","background-size":"auto","background-attachment":"scroll","background-type":"","background-media":"","overlay-type":"","overlay-color":"","overlay-opacity":"","overlay-gradient":""}},"ast-content-background-meta":{"desktop":{"background-color":"var(--ast-global-color-5)","background-image":"","background-repeat":"repeat","background-position":"center center","background-size":"auto","background-attachment":"scroll","background-type":"","background-media":"","overlay-type":"","overlay-color":"","overlay-opacity":"","overlay-gradient":""},"tablet":{"background-color":"var(--ast-global-color-5)","background-image":"","background-repeat":"repeat","background-position":"center center","background-size":"auto","background-attachment":"scroll","background-type":"","background-media":"","overlay-type":"","overlay-color":"","overlay-opacity":"","overlay-gradient":""},"mobile":{"background-color":"var(--ast-global-color-5)","background-image":"","background-repeat":"repeat","background-position":"center center","background-size":"auto","background-attachment":"scroll","background-type":"","background-media":"","overlay-type":"","overlay-color":"","overlay-opacity":"","overlay-gradient":""}},"footnotes":""},"categories":[1],"tags":[],"class_list":["post-4228","post","type-post","status-publish","format-standard","hentry","category-uncategorized"],"_links":{"self":[{"href":"https:\/\/enlacescorporativos.com\/en\/wp-json\/wp\/v2\/posts\/4228","targetHints":{"allow":["GET"]}}],"collection":[{"href":"https:\/\/enlacescorporativos.com\/en\/wp-json\/wp\/v2\/posts"}],"about":[{"href":"https:\/\/enlacescorporativos.com\/en\/wp-json\/wp\/v2\/types\/post"}],"author":[{"embeddable":true,"href":"https:\/\/enlacescorporativos.com\/en\/wp-json\/wp\/v2\/users\/91"}],"replies":[{"embeddable":true,"href":"https:\/\/enlacescorporativos.com\/en\/wp-json\/wp\/v2\/comments?post=4228"}],"version-history":[{"count":0,"href":"https:\/\/enlacescorporativos.com\/en\/wp-json\/wp\/v2\/posts\/4228\/revisions"}],"wp:attachment":[{"href":"https:\/\/enlacescorporativos.com\/en\/wp-json\/wp\/v2\/media?parent=4228"}],"wp:term":[{"taxonomy":"category","embeddable":true,"href":"https:\/\/enlacescorporativos.com\/en\/wp-json\/wp\/v2\/categories?post=4228"},{"taxonomy":"post_tag","embeddable":true,"href":"https:\/\/enlacescorporativos.com\/en\/wp-json\/wp\/v2\/tags?post=4228"}],"curies":[{"name":"wp","href":"https:\/\/api.w.org\/{rel}","templated":true}]}}