{"id":4236,"date":"2019-07-05T12:18:10","date_gmt":"2019-07-05T17:18:10","guid":{"rendered":"https:\/\/enlacescorporativos.com\/?p=4236"},"modified":"2019-07-05T12:18:10","modified_gmt":"2019-07-05T17:18:10","slug":"si-me-van-a-acusar-que-traigan-pruebas-o-se-callen-calderon-sobre-acusacion-de-organizar-protesta-policial","status":"publish","type":"post","link":"https:\/\/enlacescorporativos.com\/en\/2019\/07\/05\/si-me-van-a-acusar-que-traigan-pruebas-o-se-callen-calderon-sobre-acusacion-de-organizar-protesta-policial\/","title":{"rendered":"\u201cSi me van a acusar, que traigan pruebas o se callen\u201d: Calder\u00f3n sobre acusaci\u00f3n de organizar protesta policial"},"content":{"rendered":"<div><img src='https:\/\/cdn.forbes.com.mx\/2019\/07\/Captura-de-pantalla-2019-07-05-a-las-12.09.07.png' style='max-width:600px;' \/><\/p>\n<div>\n<p><a rel=\"nofollow\" href=\"https:\/\/www.forbes.com.mx\">Forbes M\u00e9xico<\/a>.<br \/>\n <a rel=\"nofollow\" href=\"https:\/\/www.forbes.com.mx\/si-me-van-a-acusar-que-traigan-pruebas-o-se-callen-calderon-sobre-acusacion-de-organizar-protesta-policial\/\">&#8220;Si me van a acusar, que traigan pruebas o se callen&#8221;: Calder\u00f3n sobre acusaci\u00f3n de organizar protesta policial<\/a><\/p>\n<div><img fetchpriority=\"high\" decoding=\"async\" width=\"1074\" height=\"663\" src=\"https:\/\/cdn.forbes.com.mx\/2019\/07\/Captura-de-pantalla-2019-07-05-a-las-12.09.07.png\" class=\"attachment-full size-full wp-post-image\" alt=\"\" style=\"margin-bottom: 15px;\" srcset=\"https:\/\/cdn.forbes.com.mx\/2019\/07\/Captura-de-pantalla-2019-07-05-a-las-12.09.07.png 1074w, https:\/\/cdn.forbes.com.mx\/2019\/07\/Captura-de-pantalla-2019-07-05-a-las-12.09.07-300x185.png 300w, https:\/\/cdn.forbes.com.mx\/2019\/07\/Captura-de-pantalla-2019-07-05-a-las-12.09.07-768x474.png 768w, https:\/\/cdn.forbes.com.mx\/2019\/07\/Captura-de-pantalla-2019-07-05-a-las-12.09.07-1024x632.png 1024w, https:\/\/cdn.forbes.com.mx\/2019\/07\/Captura-de-pantalla-2019-07-05-a-las-12.09.07-600x370.png 600w, https:\/\/cdn.forbes.com.mx\/2019\/07\/Captura-de-pantalla-2019-07-05-a-las-12.09.07-200x123.png 200w\" sizes=\"(max-width: 1074px) 100vw, 1074px\" data-full-size=\"https:\/\/cdn.forbes.com.mx\/2019\/07\/Captura-de-pantalla-2019-07-05-a-las-12.09.07.png\" data-caption=\"Foro @CiroGomezL\" data-description=\"\" \/><\/div>\n<p>Envuelto en una serie de pol\u00e9micas respecto sobre ser el encargado de la presunta organizaci\u00f3n del movimiento de protesta de un grupo de elementos de la Polic\u00eda Federal, el expresidente Felipe Calder\u00f3n reiter\u00f3 su petici\u00f3n de &#8220;que le presenten las pruebas o se callen&#8221;.<\/p>\n<p>. Que presenten las pruebas, sino que se callen\u201d.<\/p>\n<p>En este sentido, Calder\u00f3n se\u00f1al\u00f3 que el gobierno actual siempre lo culpa de todos los problemas del pa\u00eds, por lo que sugiri\u00f3 enfocar su atenci\u00f3n en problemas del pa\u00eds.<\/p>\n<p>\u201cEn lugar de andar con tonter\u00edas de acusarme de una conspiraci\u00f3n que soy ajeno, deber\u00edan centrarse en atender el problema de inseguridad\u201d, fustig\u00f3, sin perder la sonrisa.<\/p>\n<p><strong>&#8220;Durazo la reg\u00f3&#8221;<\/strong><\/p>\n<p>Cuestionado sobre por qu\u00e9 el presidente AMLO no hizo comentario alguno durante su conferencia ma\u00f1anera sobre las acusaciones, respondi\u00f3 que fue porque \u201cDurazo la reg\u00f3\u201d.<\/p>\n<p>En este sentido, Calder\u00f3n desminti\u00f3 al presidente Andr\u00e9s Manuel L\u00f3pez Obrador y afirm\u00f3 que durante su gobierno si hubo campa\u00f1a antidrogas que dio buenos resultados.<\/p>\n<p>\u201cLe recuerdo al presidente y a toda la gente, con todo respeto, que en mi gobierno hicimos m\u00e1s de 300 centros Nueva Vida, que eran centros de prevenci\u00f3n y tratamiento de adicciones y funcionaron muy bien\u201d, afirm\u00f3.<\/p>\n<p>Respecto de la ola de inseguridad y violencia que enfrenta el pa\u00eds por su oportuna decisi\u00f3n de iniciar una guerra contra el narcotr\u00e1fico, Calder\u00f3n respondi\u00f3: \u201cLos problemas del pa\u00eds, el paro de la Polic\u00eda Federal, es culpa de Calder\u00f3n; la econom\u00eda est\u00e1 mal por culpa de Calder\u00f3n, la violencia por culpa de Calder\u00f3n, los migrantes por culpa de Calder\u00f3n, el sargazo por culpa de Calder\u00f3n, ahora s\u00ed como dice el dicho \u2018todo yo, todo yo&#8217;\u201d.<\/p>\n<p><strong>Estado de Derecho<\/strong><\/p>\n<p>En esta l\u00ednea se pronuncio en favor que debe haber un verdadero Estado de Derecho, hacer guardar la ley y el gobierno debe enfrentar la delincuencia organizada con protecci\u00f3n a la poblaci\u00f3n para erradicar la violencia.<\/p>\n<p>A\u00f1adi\u00f3 que \u201csi el gobierno no se pone las pilas y defiende firmemente a las familias de la delincuencia, vamos a seguir sufriendo los problemas que se est\u00e1n viviendo en el pa\u00eds\u201d, coment\u00f3.<\/p>\n<p>Asimismo, el exfuncionario aprovech\u00f3 para promover a su partido pol\u00edtico M\u00e9xico Libre y fue ir\u00f3nico al referirse al secretario de Seguridad y Protecci\u00f3n Ciudadana, Alfonso Durazo, quien le ha hecho una \u201cenorme propaganda\u201d a su proyecto pol\u00edtico en tr\u00e1mite de registro.<\/p>\n<p><strong>Agradecimiento<\/strong><\/p>\n<p>As\u00ed fue que el expresidente Felipe Calder\u00f3n no descart\u00f3 competir por un cargo de elecci\u00f3n popular en 2021 con su partido M\u00e9xico Libre, que por el momento se encuentra en proceso de formaci\u00f3n.<\/p>\n<p>Revel\u00f3 que su estrategia para el 2021 ser\u00e1 hacer un &#8220;dream-team&#8221;, por lo que seleccionar\u00e1n a las mujeres y hombres con las mejores capacidades y cualidades para competir por un cargo p\u00fablico, por lo que convoc\u00f3 a la ciudadan\u00eda a registrarse en la p\u00e1gina M\u00e9xicoLibre.org.mx y participar.<\/p>\n<p>Pese a que M\u00e9xico Libre est\u00e1 en proceso de formaci\u00f3n, el ex mandatario afirm\u00f3 que su partido tendr\u00e1 m\u00e1s militantes que el Partido Acci\u00f3n Nacional (PAN) para finales de noviembre.<\/p>\n<blockquote class=\"twitter-tweet\" data-width=\"550\" data-dnt=\"true\">\n<p lang=\"es\" dir=\"ltr\">&quot;Quiero agradecerle a <a href=\"https:\/\/twitter.com\/AlfonsoDurazo?ref_src=twsrc%5Etfw\">@AlfonsoDurazo<\/a> por la enorme propaganda que le est\u00e1 haciendo a <a href=\"https:\/\/twitter.com\/MexLibre_?ref_src=twsrc%5Etfw\">@MexLibre_<\/a>; se ve que le tienen pavor a que estemos participando en pol\u00edtica y nos estemos organizando&quot;: <a href=\"https:\/\/twitter.com\/FelipeCalderon?ref_src=twsrc%5Etfw\">@FelipeCalderon<\/a> <a href=\"https:\/\/t.co\/9jQKinzDjn\">pic.twitter.com\/9jQKinzDjn<\/a><\/p>\n<p>&mdash; Ciro G\u00f3mez Leyva (@CiroGomezL) <a href=\"https:\/\/twitter.com\/CiroGomezL\/status\/1147134788287041536?ref_src=twsrc%5Etfw\">July 5, 2019<\/a><\/p>\n<\/blockquote>\n<p><script async src=\"https:\/\/platform.twitter.com\/widgets.js\" charset=\"utf-8\"><\/script><\/p>\n<p><strong>Tambi\u00e9n te puede interesar:<\/strong><\/p>\n<blockquote class=\"wp-embedded-content\" data-secret=\"Hfi7claZI8\">\n<p><a href=\"https:\/\/www.forbes.com.mx\/si-otros-hubieran-hecho-su-tarea-no-seria-necesaria-la-guardia-nacional-durazo\/\">Si otros hubieran hecho su tarea no ser\u00eda necesaria la Guardia Nacional: Durazo<\/a><\/p>\n<\/blockquote>\n<p><iframe class=\"embed-responsive-item\"  title=\"&#8220;Si otros hubieran hecho su tarea no ser\u00eda necesaria la Guardia Nacional: Durazo&#8221; &#8212; Forbes M\u00e9xico\" sandbox=\"allow-scripts\" security=\"restricted\" style=\"position: absolute; clip: rect(1px, 1px, 1px, 1px);\" src=\"https:\/\/www.forbes.com.mx\/si-otros-hubieran-hecho-su-tarea-no-seria-necesaria-la-guardia-nacional-durazo\/embed\/#?secret=Hfi7claZI8\" data-secret=\"Hfi7claZI8\" width=\"600\" height=\"338\" frameborder=\"0\" marginwidth=\"0\" marginheight=\"0\" scrolling=\"no\"><\/iframe><\/p>\n<p><a rel=\"nofollow\" href=\"https:\/\/www.forbes.com.mx\/si-me-van-a-acusar-que-traigan-pruebas-o-se-callen-calderon-sobre-acusacion-de-organizar-protesta-policial\/\">&#8220;Si me van a acusar, que traigan pruebas o se callen&#8221;: Calder\u00f3n sobre acusaci\u00f3n de organizar protesta policial<\/a><br \/>\n<a rel=\"nofollow\" href=\"https:\/\/www.forbes.com.mx\/author\/forbes-staff\/\">Forbes Staff<\/a><\/p>\n<\/div>\n<\/div>","protected":false},"excerpt":{"rendered":"<p>Forbes M\u00e9xico. &#8220;Si me van a acusar, que traigan pruebas o se callen&#8221;: Calder\u00f3n sobre acusaci\u00f3n de organizar protesta policial Envuelto en una serie de pol\u00e9micas respecto sobre ser el encargado de la presunta organizaci\u00f3n del movimiento de protesta de un grupo de elementos de la Polic\u00eda Federal, el expresidente Felipe Calder\u00f3n reiter\u00f3 su petici\u00f3n [&hellip;]<\/p>","protected":false},"author":91,"featured_media":0,"comment_status":"open","ping_status":"open","sticky":false,"template":"","format":"standard","meta":{"site-sidebar-layout":"default","site-content-layout":"","ast-site-content-layout":"","site-content-style":"default","site-sidebar-style":"default","ast-global-header-display":"","ast-banner-title-visibility":"","ast-main-header-display":"","ast-hfb-above-header-display":"","ast-hfb-below-header-display":"","ast-hfb-mobile-header-display":"","site-post-title":"","ast-breadcrumbs-content":"","ast-featured-img":"","footer-sml-layout":"","theme-transparent-header-meta":"","adv-header-id-meta":"","stick-header-meta":"","header-above-stick-meta":"","header-main-stick-meta":"","header-below-stick-meta":"","astra-migrate-meta-layouts":"default","ast-page-background-enabled":"default","ast-page-background-meta":{"desktop":{"background-color":"","background-image":"","background-repeat":"repeat","background-position":"center center","background-size":"auto","background-attachment":"scroll","background-type":"","background-media":"","overlay-type":"","overlay-color":"","overlay-opacity":"","overlay-gradient":""},"tablet":{"background-color":"","background-image":"","background-repeat":"repeat","background-position":"center center","background-size":"auto","background-attachment":"scroll","background-type":"","background-media":"","overlay-type":"","overlay-color":"","overlay-opacity":"","overlay-gradient":""},"mobile":{"background-color":"","background-image":"","background-repeat":"repeat","background-position":"center center","background-size":"auto","background-attachment":"scroll","background-type":"","background-media":"","overlay-type":"","overlay-color":"","overlay-opacity":"","overlay-gradient":""}},"ast-content-background-meta":{"desktop":{"background-color":"var(--ast-global-color-5)","background-image":"","background-repeat":"repeat","background-position":"center center","background-size":"auto","background-attachment":"scroll","background-type":"","background-media":"","overlay-type":"","overlay-color":"","overlay-opacity":"","overlay-gradient":""},"tablet":{"background-color":"var(--ast-global-color-5)","background-image":"","background-repeat":"repeat","background-position":"center center","background-size":"auto","background-attachment":"scroll","background-type":"","background-media":"","overlay-type":"","overlay-color":"","overlay-opacity":"","overlay-gradient":""},"mobile":{"background-color":"var(--ast-global-color-5)","background-image":"","background-repeat":"repeat","background-position":"center center","background-size":"auto","background-attachment":"scroll","background-type":"","background-media":"","overlay-type":"","overlay-color":"","overlay-opacity":"","overlay-gradient":""}},"footnotes":""},"categories":[1],"tags":[],"class_list":["post-4236","post","type-post","status-publish","format-standard","hentry","category-uncategorized"],"_links":{"self":[{"href":"https:\/\/enlacescorporativos.com\/en\/wp-json\/wp\/v2\/posts\/4236","targetHints":{"allow":["GET"]}}],"collection":[{"href":"https:\/\/enlacescorporativos.com\/en\/wp-json\/wp\/v2\/posts"}],"about":[{"href":"https:\/\/enlacescorporativos.com\/en\/wp-json\/wp\/v2\/types\/post"}],"author":[{"embeddable":true,"href":"https:\/\/enlacescorporativos.com\/en\/wp-json\/wp\/v2\/users\/91"}],"replies":[{"embeddable":true,"href":"https:\/\/enlacescorporativos.com\/en\/wp-json\/wp\/v2\/comments?post=4236"}],"version-history":[{"count":0,"href":"https:\/\/enlacescorporativos.com\/en\/wp-json\/wp\/v2\/posts\/4236\/revisions"}],"wp:attachment":[{"href":"https:\/\/enlacescorporativos.com\/en\/wp-json\/wp\/v2\/media?parent=4236"}],"wp:term":[{"taxonomy":"category","embeddable":true,"href":"https:\/\/enlacescorporativos.com\/en\/wp-json\/wp\/v2\/categories?post=4236"},{"taxonomy":"post_tag","embeddable":true,"href":"https:\/\/enlacescorporativos.com\/en\/wp-json\/wp\/v2\/tags?post=4236"}],"curies":[{"name":"wp","href":"https:\/\/api.w.org\/{rel}","templated":true}]}}