{"id":4244,"date":"2019-07-05T14:43:04","date_gmt":"2019-07-05T19:43:04","guid":{"rendered":"https:\/\/enlacescorporativos.com\/?p=4244"},"modified":"2019-07-05T14:43:04","modified_gmt":"2019-07-05T19:43:04","slug":"fotogaleria-asi-se-vivien-las-protestas-de-la-policia-federal-contra-la-guardia-nacional","status":"publish","type":"post","link":"https:\/\/enlacescorporativos.com\/en\/2019\/07\/05\/fotogaleria-asi-se-vivien-las-protestas-de-la-policia-federal-contra-la-guardia-nacional\/","title":{"rendered":"Fotogaler\u00eda | As\u00ed se vivien las protestas de la Polic\u00eda Federal contra la Guardia Nacional"},"content":{"rendered":"<div><img src='https:\/\/cdn.forbes.com.mx\/2019\/07\/90704079.jpg' style='max-width:600px;' \/><\/p>\n<div>\n<p><a rel=\"nofollow\" href=\"https:\/\/www.forbes.com.mx\">Forbes M\u00e9xico<\/a>.<br \/>\n <a rel=\"nofollow\" href=\"https:\/\/www.forbes.com.mx\/fotogaleria-asi-se-vivien-las-protestas-de-la-policia-federal-contra-la-guardia-nacional\/\">Fotogaler\u00eda | As\u00ed se vivien las protestas de la Polic\u00eda Federal contra la Guardia Nacional<\/a><\/p>\n<div><img fetchpriority=\"high\" decoding=\"async\" width=\"1280\" height=\"720\" src=\"https:\/\/cdn.forbes.com.mx\/2019\/07\/90704079.jpg\" class=\"attachment-full size-full wp-post-image\" alt=\"\" style=\"margin-bottom: 15px;\" srcset=\"https:\/\/cdn.forbes.com.mx\/2019\/07\/90704079.jpg 1280w, https:\/\/cdn.forbes.com.mx\/2019\/07\/90704079-300x169.jpg 300w, https:\/\/cdn.forbes.com.mx\/2019\/07\/90704079-768x432.jpg 768w, https:\/\/cdn.forbes.com.mx\/2019\/07\/90704079-1024x576.jpg 1024w, https:\/\/cdn.forbes.com.mx\/2019\/07\/90704079-600x338.jpg 600w, https:\/\/cdn.forbes.com.mx\/2019\/07\/90704079-200x113.jpg 200w, https:\/\/cdn.forbes.com.mx\/2019\/07\/90704079-640x360.jpg 640w, https:\/\/cdn.forbes.com.mx\/2019\/07\/90704079-320x180.jpg 320w\" sizes=\"(max-width: 1280px) 100vw, 1280px\" data-full-size=\"https:\/\/cdn.forbes.com.mx\/2019\/07\/90704079.jpg\" data-caption=\"Elementos de la Polic\u00eda Federal, se aglutinan en protesta en las instalaciones de dicho \u00f3rgano policial, ubicado en el oriente de la Ciudad de M\u00e9xico. M\u00e9xico, 4 Jul 2019. Foto: Isa\u00edas Hern\u00e1ndez \/ Notimex\" data-description=\"\" \/><\/div>\n<p>Elementos de la Polic\u00eda Federal se mostraron inconformes con las condiciones de trabajo que tendr\u00e1n al darse de alta en la Guardia Nacional, acusando violaciones a sus derechos laborales, como la perdida de prestaciones y afectaciones a su salario.<\/p>\n<p>Por ello el 3 de julio, al menos 1,500 elementos tomaron de manera pac\u00edfica el Centro de Mando de la corporaci\u00f3n ubicado en Anillo Perif\u00e9rico, en la alcald\u00eda Iztapalapa, para manifestarse en contra de las condiciones en las que se les pide renunciar a su antig\u00fcedad y sin liquidaci\u00f3n.<\/p>\n<p>Ese mismo d\u00eda Alfonso Durazo Monta\u00f1o, secretario de Seguridad y Protecci\u00f3n Ciudadana, afirm\u00f3 que la trasferencia de elementos de la Polic\u00eda Federal a la Guardia Nacional ser\u00e1 completamente voluntaria y se respetar\u00e1n los derechos laborales y antig\u00fcedad.<\/p>\n<p>Un d\u00eda despu\u00e9s, el 4 de julio, Durazo asegur\u00f3 que \u201csi bien hay inquietudes leg\u00edtimas en los polic\u00edas federales que protestan desde ayer por su transferencia a la Guardia Nacional, hay tambi\u00e9n la instigaci\u00f3n de personas que se han beneficiado de la corrupci\u00f3n en la corporaci\u00f3n\u201d.<\/p>\n<p>Te recomendamos: <a href=\"https:\/\/www.forbes.com.mx\/si-me-van-a-acusar-que-traigan-pruebas-o-se-callen-calderon-sobre-acusacion-de-organizar-protesta-policial\/\" target=\"_blank\" rel=\"noopener noreferrer\">\u2018Si me van a acusar, que traigan pruebas o se callen\u2019: Calder\u00f3n<\/a><\/p>\n<p>Ese mismo d\u00eda continuaba la presencia de manifestantes cerrado al tr\u00e1nsito vehicular en el Anillo Perif\u00e9rico, entre los ejes 5 y 6 Sur.<\/p>\n<p>Y m\u00e1s tarde, dos elementos de la Polic\u00eda Federal pidieron esta ma\u00f1ana que el expresidente Felipe Calder\u00f3n sea su representante y defienda sus derechos laborales.<\/p>\n<p>\u201cQueremos hacer una invitaci\u00f3n al expresidente Calder\u00f3n para que sea nuestro representante sindical\u201d, dijo en entrevista con los medios de comunicaci\u00f3n un polic\u00eda federal que se opone a su traspaso a la Guardia Nacional.<\/p>\n<p>El expresidente rechazo categ\u00f3ricamente estar detr\u00e1s de las protestas de la Polic\u00eda Federal en contra de la Guardia Nacional.<\/p>\n<p>\u201cLa protesta de la PF tiene causas de fondo (laborales) y forma. Rechazo la cobarde insinuaci\u00f3n de estar atr\u00e1s de ella. Si tienen pruebas, exh\u00edbanlas, si no, retr\u00e1ctense. Mi gratitud y admiraci\u00f3n a soldados, marinos y polic\u00edas. #YoApoyoALaPoliciaFederal\u201d, dijo el expresidente en un mensaje de Twitter.<\/p>\n<p>Hoy, el expresidente reiter\u00f3 su petici\u00f3n de \u201cque le presenten las pruebas o se callen\u201d.<\/p>\n<p>En este sentido, Calder\u00f3n se\u00f1al\u00f3 que el gobierno actual siempre lo culpa de todos los problemas del pa\u00eds, por lo que sugiri\u00f3 enfocar su atenci\u00f3n en los verdaderos problemas.<\/p>\n<div id=\"attachment_580077\" style=\"width: 1290px\" class=\"wp-caption aligncenter\"><img decoding=\"async\" aria-describedby=\"caption-attachment-580077\" class=\"size-full wp-image-580077 lazyload\" src=\"https:\/\/cdn.forbes.com.mx\/2019\/07\/90703104.jpg\" alt=\"\" width=\"1280\" height=\"720\" srcset=\"https:\/\/cdn.forbes.com.mx\/2019\/07\/90703104.jpg 1280w, https:\/\/cdn.forbes.com.mx\/2019\/07\/90703104-300x169.jpg 300w, https:\/\/cdn.forbes.com.mx\/2019\/07\/90703104-768x432.jpg 768w, https:\/\/cdn.forbes.com.mx\/2019\/07\/90703104-1024x576.jpg 1024w, https:\/\/cdn.forbes.com.mx\/2019\/07\/90703104-600x338.jpg 600w, https:\/\/cdn.forbes.com.mx\/2019\/07\/90703104-200x113.jpg 200w, https:\/\/cdn.forbes.com.mx\/2019\/07\/90703104-640x360.jpg 640w, https:\/\/cdn.forbes.com.mx\/2019\/07\/90703104-320x180.jpg 320w\" sizes=\"(max-width: 1280px) 100vw, 1280px\" \/><\/p>\n<p id=\"caption-attachment-580077\" class=\"wp-caption-text\">Conferencia de prensa del titular de Seguridad, Alfonso Durazo, respecto al conflicto laboral con la Polic\u00eda Federal. Ciudad de M\u00e9xico, 3 de julio de 2019.<br \/>Foto: Alejandro Guzm\u00e1n \/ Notimex<\/p>\n<\/div>\n<div id=\"attachment_580078\" style=\"width: 1290px\" class=\"wp-caption aligncenter\"><img decoding=\"async\" aria-describedby=\"caption-attachment-580078\" class=\"size-full wp-image-580078 lazyload\" src=\"https:\/\/cdn.forbes.com.mx\/2019\/07\/90703150.jpg\" alt=\"\" width=\"1280\" height=\"720\" srcset=\"https:\/\/cdn.forbes.com.mx\/2019\/07\/90703150.jpg 1280w, https:\/\/cdn.forbes.com.mx\/2019\/07\/90703150-300x169.jpg 300w, https:\/\/cdn.forbes.com.mx\/2019\/07\/90703150-768x432.jpg 768w, https:\/\/cdn.forbes.com.mx\/2019\/07\/90703150-1024x576.jpg 1024w, https:\/\/cdn.forbes.com.mx\/2019\/07\/90703150-600x338.jpg 600w, https:\/\/cdn.forbes.com.mx\/2019\/07\/90703150-200x113.jpg 200w, https:\/\/cdn.forbes.com.mx\/2019\/07\/90703150-640x360.jpg 640w, https:\/\/cdn.forbes.com.mx\/2019\/07\/90703150-320x180.jpg 320w\" sizes=\"(max-width: 1280px) 100vw, 1280px\" \/><\/p>\n<p id=\"caption-attachment-580078\" class=\"wp-caption-text\">Luego de horas detenidos, automovilistas afectados discuten con elementos de la Polic\u00eda Federal para que retiren el bloqueo en la carretera M\u00e9xico-Pachuca. Ciudad de M\u00e9xico, 3 de julio de 2019.<br \/>Foto: Ernesto \u00c1lvarez \/ Notimex<\/p>\n<\/div>\n<div id=\"attachment_580079\" style=\"width: 1290px\" class=\"wp-caption aligncenter\"><img loading=\"lazy\" decoding=\"async\" aria-describedby=\"caption-attachment-580079\" class=\"size-full wp-image-580079 lazyload\" src=\"https:\/\/cdn.forbes.com.mx\/2019\/07\/90704046.jpg\" alt=\"\" width=\"1280\" height=\"720\" srcset=\"https:\/\/cdn.forbes.com.mx\/2019\/07\/90704046.jpg 1280w, https:\/\/cdn.forbes.com.mx\/2019\/07\/90704046-300x169.jpg 300w, https:\/\/cdn.forbes.com.mx\/2019\/07\/90704046-768x432.jpg 768w, https:\/\/cdn.forbes.com.mx\/2019\/07\/90704046-1024x576.jpg 1024w, https:\/\/cdn.forbes.com.mx\/2019\/07\/90704046-600x338.jpg 600w, https:\/\/cdn.forbes.com.mx\/2019\/07\/90704046-200x113.jpg 200w, https:\/\/cdn.forbes.com.mx\/2019\/07\/90704046-640x360.jpg 640w, https:\/\/cdn.forbes.com.mx\/2019\/07\/90704046-320x180.jpg 320w\" sizes=\"(max-width: 1280px) 100vw, 1280px\" \/><\/p>\n<p id=\"caption-attachment-580079\" class=\"wp-caption-text\">Elementos de la Polic\u00eda Federal, mantienen bloqueada la autopista M\u00e9xico-Pachuca a la altura de San Juan Ixhuatepec, Municipio de Tlalnepantla de Baz, los carros se mantiene en espera para poder llegar al municipio de Ecatepec y continuar por la autopista hacia el norte del pa\u00eds. M\u00e9xico, 4 Jul 2019. Foto: Javier Lira \/ Notimex<\/p>\n<\/div>\n<div id=\"attachment_580080\" style=\"width: 1290px\" class=\"wp-caption aligncenter\"><img loading=\"lazy\" decoding=\"async\" aria-describedby=\"caption-attachment-580080\" class=\"size-full wp-image-580080 lazyload\" src=\"https:\/\/cdn.forbes.com.mx\/2019\/07\/90704047.jpg\" alt=\"\" width=\"1280\" height=\"720\" srcset=\"https:\/\/cdn.forbes.com.mx\/2019\/07\/90704047.jpg 1280w, https:\/\/cdn.forbes.com.mx\/2019\/07\/90704047-300x169.jpg 300w, https:\/\/cdn.forbes.com.mx\/2019\/07\/90704047-768x432.jpg 768w, https:\/\/cdn.forbes.com.mx\/2019\/07\/90704047-1024x576.jpg 1024w, https:\/\/cdn.forbes.com.mx\/2019\/07\/90704047-600x338.jpg 600w, https:\/\/cdn.forbes.com.mx\/2019\/07\/90704047-200x113.jpg 200w, https:\/\/cdn.forbes.com.mx\/2019\/07\/90704047-640x360.jpg 640w, https:\/\/cdn.forbes.com.mx\/2019\/07\/90704047-320x180.jpg 320w\" sizes=\"(max-width: 1280px) 100vw, 1280px\" \/><\/p>\n<p id=\"caption-attachment-580080\" class=\"wp-caption-text\">Elementos de la Polic\u00eda Federal, mantienen bloqueada la autopista M\u00e9xico-Pachuca a la altura de San Juan Ixhuatepec, Municipio de Tlalnepantla de Baz, los carros se mantiene en espera para poder llegar al municipio de Ecatepec y continuar por la autopista hacia el norte del pa\u00eds. M\u00e9xico, 4 Jul 2019. Foto: Javier Lira \/ Notimex<\/p>\n<\/div>\n<div id=\"attachment_580081\" style=\"width: 1290px\" class=\"wp-caption aligncenter\"><img loading=\"lazy\" decoding=\"async\" aria-describedby=\"caption-attachment-580081\" class=\"size-full wp-image-580081 lazyload\" src=\"https:\/\/cdn.forbes.com.mx\/2019\/07\/90704075.jpg\" alt=\"\" width=\"1280\" height=\"720\" srcset=\"https:\/\/cdn.forbes.com.mx\/2019\/07\/90704075.jpg 1280w, https:\/\/cdn.forbes.com.mx\/2019\/07\/90704075-300x169.jpg 300w, https:\/\/cdn.forbes.com.mx\/2019\/07\/90704075-768x432.jpg 768w, https:\/\/cdn.forbes.com.mx\/2019\/07\/90704075-1024x576.jpg 1024w, https:\/\/cdn.forbes.com.mx\/2019\/07\/90704075-600x338.jpg 600w, https:\/\/cdn.forbes.com.mx\/2019\/07\/90704075-200x113.jpg 200w, https:\/\/cdn.forbes.com.mx\/2019\/07\/90704075-640x360.jpg 640w, https:\/\/cdn.forbes.com.mx\/2019\/07\/90704075-320x180.jpg 320w\" sizes=\"(max-width: 1280px) 100vw, 1280px\" \/><\/p>\n<p id=\"caption-attachment-580081\" class=\"wp-caption-text\">Elementos de la Polic\u00eda Federal, liberan de forma intermitente un carril de la autopista M\u00e9xico-Pachuca a la altura de San Juan Ixhuatepec, Municipio de Tlalnepantla de Baz. M\u00e9xico, 4 Jul 2019. Foto: Javier Lira \/ Notimex<\/p>\n<\/div>\n<div id=\"attachment_580082\" style=\"width: 1290px\" class=\"wp-caption aligncenter\"><img loading=\"lazy\" decoding=\"async\" aria-describedby=\"caption-attachment-580082\" class=\"size-full wp-image-580082 lazyload\" src=\"https:\/\/cdn.forbes.com.mx\/2019\/07\/90704078.jpg\" alt=\"\" width=\"1280\" height=\"720\" srcset=\"https:\/\/cdn.forbes.com.mx\/2019\/07\/90704078.jpg 1280w, https:\/\/cdn.forbes.com.mx\/2019\/07\/90704078-300x169.jpg 300w, https:\/\/cdn.forbes.com.mx\/2019\/07\/90704078-768x432.jpg 768w, https:\/\/cdn.forbes.com.mx\/2019\/07\/90704078-1024x576.jpg 1024w, https:\/\/cdn.forbes.com.mx\/2019\/07\/90704078-600x338.jpg 600w, https:\/\/cdn.forbes.com.mx\/2019\/07\/90704078-200x113.jpg 200w, https:\/\/cdn.forbes.com.mx\/2019\/07\/90704078-640x360.jpg 640w, https:\/\/cdn.forbes.com.mx\/2019\/07\/90704078-320x180.jpg 320w\" sizes=\"(max-width: 1280px) 100vw, 1280px\" \/><\/p>\n<p id=\"caption-attachment-580082\" class=\"wp-caption-text\">Elementos de la Polic\u00eda Federal, se aglutinan en protesta en las instalaciones de dicho \u00f3rgano policial, ubicado en el oriente de la Ciudad de M\u00e9xico. M\u00e9xico, 4 Jul 2019. Foto: Isa\u00edas Hern\u00e1ndez \/ Notimex<\/p>\n<\/div>\n<div id=\"attachment_580083\" style=\"width: 1290px\" class=\"wp-caption aligncenter\"><img loading=\"lazy\" decoding=\"async\" aria-describedby=\"caption-attachment-580083\" class=\"size-full wp-image-580083 lazyload\" src=\"https:\/\/cdn.forbes.com.mx\/2019\/07\/90704079.jpg\" alt=\"\" width=\"1280\" height=\"720\" srcset=\"https:\/\/cdn.forbes.com.mx\/2019\/07\/90704079.jpg 1280w, https:\/\/cdn.forbes.com.mx\/2019\/07\/90704079-300x169.jpg 300w, https:\/\/cdn.forbes.com.mx\/2019\/07\/90704079-768x432.jpg 768w, https:\/\/cdn.forbes.com.mx\/2019\/07\/90704079-1024x576.jpg 1024w, https:\/\/cdn.forbes.com.mx\/2019\/07\/90704079-600x338.jpg 600w, https:\/\/cdn.forbes.com.mx\/2019\/07\/90704079-200x113.jpg 200w, https:\/\/cdn.forbes.com.mx\/2019\/07\/90704079-640x360.jpg 640w, https:\/\/cdn.forbes.com.mx\/2019\/07\/90704079-320x180.jpg 320w\" sizes=\"(max-width: 1280px) 100vw, 1280px\" \/><\/p>\n<p id=\"caption-attachment-580083\" class=\"wp-caption-text\">Elementos de la Polic\u00eda Federal, se aglutinan en protesta en las instalaciones de dicho \u00f3rgano policial, ubicado en el oriente de la Ciudad de M\u00e9xico. M\u00e9xico, 4 Jul 2019. Foto: Isa\u00edas Hern\u00e1ndez \/ Notimex<\/p>\n<\/div>\n<div id=\"attachment_580086\" style=\"width: 1290px\" class=\"wp-caption aligncenter\"><img loading=\"lazy\" decoding=\"async\" aria-describedby=\"caption-attachment-580086\" class=\"size-full wp-image-580086 lazyload\" src=\"https:\/\/cdn.forbes.com.mx\/2019\/07\/90704100.jpg\" alt=\"\" width=\"1280\" height=\"720\" srcset=\"https:\/\/cdn.forbes.com.mx\/2019\/07\/90704100.jpg 1280w, https:\/\/cdn.forbes.com.mx\/2019\/07\/90704100-300x169.jpg 300w, https:\/\/cdn.forbes.com.mx\/2019\/07\/90704100-768x432.jpg 768w, https:\/\/cdn.forbes.com.mx\/2019\/07\/90704100-1024x576.jpg 1024w, https:\/\/cdn.forbes.com.mx\/2019\/07\/90704100-600x338.jpg 600w, https:\/\/cdn.forbes.com.mx\/2019\/07\/90704100-200x113.jpg 200w, https:\/\/cdn.forbes.com.mx\/2019\/07\/90704100-640x360.jpg 640w, https:\/\/cdn.forbes.com.mx\/2019\/07\/90704100-320x180.jpg 320w\" sizes=\"(max-width: 1280px) 100vw, 1280px\" \/><\/p>\n<p id=\"caption-attachment-580086\" class=\"wp-caption-text\">Elementos de la Polic\u00eda Federal bloquearon ambos sentidos de Perif\u00e9rico, frente al Centro de Mando, en Iztapalapa. Ciudad de M\u00e9xico, 4 de julio de 2019.<br \/>Foto: Isa\u00edas Hern\u00e1ndez \/ Notimex<\/p>\n<\/div>\n<div id=\"attachment_580087\" style=\"width: 1290px\" class=\"wp-caption aligncenter\"><img loading=\"lazy\" decoding=\"async\" aria-describedby=\"caption-attachment-580087\" class=\"size-full wp-image-580087 lazyload\" src=\"https:\/\/cdn.forbes.com.mx\/2019\/07\/90704137.jpg\" alt=\"\" width=\"1280\" height=\"720\" srcset=\"https:\/\/cdn.forbes.com.mx\/2019\/07\/90704137.jpg 1280w, https:\/\/cdn.forbes.com.mx\/2019\/07\/90704137-300x169.jpg 300w, https:\/\/cdn.forbes.com.mx\/2019\/07\/90704137-768x432.jpg 768w, https:\/\/cdn.forbes.com.mx\/2019\/07\/90704137-1024x576.jpg 1024w, https:\/\/cdn.forbes.com.mx\/2019\/07\/90704137-600x338.jpg 600w, https:\/\/cdn.forbes.com.mx\/2019\/07\/90704137-200x113.jpg 200w, https:\/\/cdn.forbes.com.mx\/2019\/07\/90704137-640x360.jpg 640w, https:\/\/cdn.forbes.com.mx\/2019\/07\/90704137-320x180.jpg 320w\" sizes=\"(max-width: 1280px) 100vw, 1280px\" \/><\/p>\n<p id=\"caption-attachment-580087\" class=\"wp-caption-text\">Elementos de la Polic\u00eda Federal desbloquearon la carretera M\u00e9xico-Pachuca, tras el enojo colectivo de los ciudadanos. Ciudad de M\u00e9xico, 4 de julio de 2019. Foto: Isa\u00edas Hern\u00e1ndez \/ Notimex<\/p>\n<\/div>\n<div id=\"attachment_580088\" style=\"width: 1290px\" class=\"wp-caption aligncenter\"><img loading=\"lazy\" decoding=\"async\" aria-describedby=\"caption-attachment-580088\" class=\"size-full wp-image-580088 lazyload\" src=\"https:\/\/cdn.forbes.com.mx\/2019\/07\/90704178.jpg\" alt=\"\" width=\"1280\" height=\"720\" srcset=\"https:\/\/cdn.forbes.com.mx\/2019\/07\/90704178.jpg 1280w, https:\/\/cdn.forbes.com.mx\/2019\/07\/90704178-300x169.jpg 300w, https:\/\/cdn.forbes.com.mx\/2019\/07\/90704178-768x432.jpg 768w, https:\/\/cdn.forbes.com.mx\/2019\/07\/90704178-1024x576.jpg 1024w, https:\/\/cdn.forbes.com.mx\/2019\/07\/90704178-600x338.jpg 600w, https:\/\/cdn.forbes.com.mx\/2019\/07\/90704178-200x113.jpg 200w, https:\/\/cdn.forbes.com.mx\/2019\/07\/90704178-640x360.jpg 640w, https:\/\/cdn.forbes.com.mx\/2019\/07\/90704178-320x180.jpg 320w\" sizes=\"(max-width: 1280px) 100vw, 1280px\" \/><\/p>\n<p id=\"caption-attachment-580088\" class=\"wp-caption-text\">Altos mandos de la Polic\u00eda Federal se encararon con los elementos inconformes en el Centro de Mando, en Iztapalapa. Ciudad de M\u00e9xico, 4 de julio de 2019. Foto: Isa\u00edas Hern\u00e1ndez \/ Notimex<\/p>\n<\/div>\n<div id=\"attachment_580089\" style=\"width: 1290px\" class=\"wp-caption aligncenter\"><img loading=\"lazy\" decoding=\"async\" aria-describedby=\"caption-attachment-580089\" class=\"size-full wp-image-580089 lazyload\" src=\"https:\/\/cdn.forbes.com.mx\/2019\/07\/90704181.jpg\" alt=\"\" width=\"1280\" height=\"720\" srcset=\"https:\/\/cdn.forbes.com.mx\/2019\/07\/90704181.jpg 1280w, https:\/\/cdn.forbes.com.mx\/2019\/07\/90704181-300x169.jpg 300w, https:\/\/cdn.forbes.com.mx\/2019\/07\/90704181-768x432.jpg 768w, https:\/\/cdn.forbes.com.mx\/2019\/07\/90704181-1024x576.jpg 1024w, https:\/\/cdn.forbes.com.mx\/2019\/07\/90704181-600x338.jpg 600w, https:\/\/cdn.forbes.com.mx\/2019\/07\/90704181-200x113.jpg 200w, https:\/\/cdn.forbes.com.mx\/2019\/07\/90704181-640x360.jpg 640w, https:\/\/cdn.forbes.com.mx\/2019\/07\/90704181-320x180.jpg 320w\" sizes=\"(max-width: 1280px) 100vw, 1280px\" \/><\/p>\n<p id=\"caption-attachment-580089\" class=\"wp-caption-text\">Altos mandos de la Polic\u00eda Federal se encararon con los elementos inconformes en el Centro de Mando, en Iztapalapa. Ciudad de M\u00e9xico, 4 de julio de 2019. Foto: Isa\u00edas Hern\u00e1ndez \/ Notimex<\/p>\n<\/div>\n<p><a rel=\"nofollow\" href=\"https:\/\/www.forbes.com.mx\/fotogaleria-asi-se-vivien-las-protestas-de-la-policia-federal-contra-la-guardia-nacional\/\">Fotogaler\u00eda | As\u00ed se vivien las protestas de la Polic\u00eda Federal contra la Guardia Nacional<\/a><br \/>\n<a rel=\"nofollow\" href=\"https:\/\/www.forbes.com.mx\/author\/forbes-staff\/\">Forbes Staff<\/a><\/p>\n<\/div>\n<\/div>","protected":false},"excerpt":{"rendered":"<p>Forbes M\u00e9xico. Fotogaler\u00eda | As\u00ed se vivien las protestas de la Polic\u00eda Federal contra la Guardia Nacional Elementos de la Polic\u00eda Federal se mostraron inconformes con las condiciones de trabajo que tendr\u00e1n al darse de alta en la Guardia Nacional, acusando violaciones a sus derechos laborales, como la perdida de prestaciones y afectaciones a su [&hellip;]<\/p>","protected":false},"author":91,"featured_media":0,"comment_status":"open","ping_status":"open","sticky":false,"template":"","format":"standard","meta":{"site-sidebar-layout":"default","site-content-layout":"","ast-site-content-layout":"","site-content-style":"default","site-sidebar-style":"default","ast-global-header-display":"","ast-banner-title-visibility":"","ast-main-header-display":"","ast-hfb-above-header-display":"","ast-hfb-below-header-display":"","ast-hfb-mobile-header-display":"","site-post-title":"","ast-breadcrumbs-content":"","ast-featured-img":"","footer-sml-layout":"","theme-transparent-header-meta":"","adv-header-id-meta":"","stick-header-meta":"","header-above-stick-meta":"","header-main-stick-meta":"","header-below-stick-meta":"","astra-migrate-meta-layouts":"default","ast-page-background-enabled":"default","ast-page-background-meta":{"desktop":{"background-color":"","background-image":"","background-repeat":"repeat","background-position":"center center","background-size":"auto","background-attachment":"scroll","background-type":"","background-media":"","overlay-type":"","overlay-color":"","overlay-opacity":"","overlay-gradient":""},"tablet":{"background-color":"","background-image":"","background-repeat":"repeat","background-position":"center center","background-size":"auto","background-attachment":"scroll","background-type":"","background-media":"","overlay-type":"","overlay-color":"","overlay-opacity":"","overlay-gradient":""},"mobile":{"background-color":"","background-image":"","background-repeat":"repeat","background-position":"center center","background-size":"auto","background-attachment":"scroll","background-type":"","background-media":"","overlay-type":"","overlay-color":"","overlay-opacity":"","overlay-gradient":""}},"ast-content-background-meta":{"desktop":{"background-color":"var(--ast-global-color-5)","background-image":"","background-repeat":"repeat","background-position":"center center","background-size":"auto","background-attachment":"scroll","background-type":"","background-media":"","overlay-type":"","overlay-color":"","overlay-opacity":"","overlay-gradient":""},"tablet":{"background-color":"var(--ast-global-color-5)","background-image":"","background-repeat":"repeat","background-position":"center center","background-size":"auto","background-attachment":"scroll","background-type":"","background-media":"","overlay-type":"","overlay-color":"","overlay-opacity":"","overlay-gradient":""},"mobile":{"background-color":"var(--ast-global-color-5)","background-image":"","background-repeat":"repeat","background-position":"center center","background-size":"auto","background-attachment":"scroll","background-type":"","background-media":"","overlay-type":"","overlay-color":"","overlay-opacity":"","overlay-gradient":""}},"footnotes":""},"categories":[1],"tags":[],"class_list":["post-4244","post","type-post","status-publish","format-standard","hentry","category-uncategorized"],"_links":{"self":[{"href":"https:\/\/enlacescorporativos.com\/en\/wp-json\/wp\/v2\/posts\/4244","targetHints":{"allow":["GET"]}}],"collection":[{"href":"https:\/\/enlacescorporativos.com\/en\/wp-json\/wp\/v2\/posts"}],"about":[{"href":"https:\/\/enlacescorporativos.com\/en\/wp-json\/wp\/v2\/types\/post"}],"author":[{"embeddable":true,"href":"https:\/\/enlacescorporativos.com\/en\/wp-json\/wp\/v2\/users\/91"}],"replies":[{"embeddable":true,"href":"https:\/\/enlacescorporativos.com\/en\/wp-json\/wp\/v2\/comments?post=4244"}],"version-history":[{"count":0,"href":"https:\/\/enlacescorporativos.com\/en\/wp-json\/wp\/v2\/posts\/4244\/revisions"}],"wp:attachment":[{"href":"https:\/\/enlacescorporativos.com\/en\/wp-json\/wp\/v2\/media?parent=4244"}],"wp:term":[{"taxonomy":"category","embeddable":true,"href":"https:\/\/enlacescorporativos.com\/en\/wp-json\/wp\/v2\/categories?post=4244"},{"taxonomy":"post_tag","embeddable":true,"href":"https:\/\/enlacescorporativos.com\/en\/wp-json\/wp\/v2\/tags?post=4244"}],"curies":[{"name":"wp","href":"https:\/\/api.w.org\/{rel}","templated":true}]}}