{"id":4254,"date":"2019-07-05T16:18:55","date_gmt":"2019-07-05T21:18:55","guid":{"rendered":"https:\/\/enlacescorporativos.com\/?p=4254"},"modified":"2019-07-05T16:18:55","modified_gmt":"2019-07-05T21:18:55","slug":"a-la-vida-en-la-tierra-solo-le-quedan-30-anos-onu","status":"publish","type":"post","link":"https:\/\/enlacescorporativos.com\/en\/2019\/07\/05\/a-la-vida-en-la-tierra-solo-le-quedan-30-anos-onu\/","title":{"rendered":"A la vida en la tierra s\u00f3lo le quedan 30 a\u00f1os: ONU"},"content":{"rendered":"<div><img src='https:\/\/cdn.forbes.com.mx\/2019\/02\/Oso_polar_Mexicaans_fotomagazijn-bell-2-e1549931594425.jpg' style='max-width:600px;' \/><\/p>\n<div>\n<p><a rel=\"nofollow\" href=\"https:\/\/www.forbes.com.mx\">Forbes M\u00e9xico<\/a>.<br \/>\n <a rel=\"nofollow\" href=\"https:\/\/www.forbes.com.mx\/a-la-vida-en-la-tierra-solo-le-quedan-30-anos-onu\/\">A la vida en la tierra s\u00f3lo le quedan 30 a\u00f1os: ONU<\/a><\/p>\n<div><img fetchpriority=\"high\" decoding=\"async\" width=\"1280\" height=\"751\" src=\"https:\/\/cdn.forbes.com.mx\/2019\/02\/Oso_polar_Mexicaans_fotomagazijn-bell-2-e1549931594425.jpg\" class=\"attachment-full size-full wp-post-image\" alt=\"\" style=\"margin-bottom: 15px;\" data-full-size=\"https:\/\/cdn.forbes.com.mx\/2019\/02\/Oso_polar_Mexicaans_fotomagazijn-bell-2-e1549931594425.jpg\" data-caption=\"Foto: Cortes\u00eda Mexicaans Fotomagazijn.\" data-description=\"\" \/><\/div>\n<p>La vida de la Tierra terminar\u00e1 alrededor del 2050 gracias a la extinci\u00f3n de la capa de hielo del \u00c1rtico, a que los desiertos se har\u00e1n m\u00e1s extensos y a que la muerte de la humanidad ser\u00e1 incontrolable por la mala calidad del aire, de aceurdo con la ONU.<\/p>\n<p>De acuerdo con el informe presentado en Nairobi sobre el Estado del Medio Ambiente, la ONU propuso como primer paso para evitar la cat\u00e1strofe reducir la emisi\u00f3n de gases t\u00f3xicos, el primer a\u00f1o 40 % y elevar el n\u00famero gradualmente hasta que se encuentre otra forma de salvar al planeta.<\/p>\n<p>Para dar ese veredicto, fueron consultados 250 especialistas en diferentes ramos de la ciencia y el conocimiento, segpun <a href=\"https:\/\/culturacolectiva.com\/tecnologia\/la-onu-afirma-que-solo-nos-quedan-30-anos-de-vida-en-el-planeta\" target=\"_blank\" rel=\"noopener noreferrer\">Cultura Colectiva<\/a>.<\/p>\n<p>Adem\u00e1s de que esto ocurra, tambi\u00e9n existe una probabilidad de 100% de que el planeta sea golpeado de nuevo por un gran objeto cercano.<\/p>\n<p>\u201cHemos descubierto solo una peque\u00f1a fracci\u00f3n de los millones de objetos capaces de destruir una ciudad\u201d, seg\u00fan ASE, que integra a 400 viajeros espaciales de 38 pa\u00edses que han completado al menos una \u00f3rbita al planeta en una nave espacial.<\/p>\n<p>Esto se sabe por la observaci\u00f3n y estudio que hacen organismos especializados como la Administraci\u00f3n para la Aeron\u00e1utica y el Espacio (NASA, por sus siglas en ingl\u00e9s).<\/p>\n<p><strong>Te recomendamos:\u00a0<\/strong><\/p>\n<blockquote class=\"wp-embedded-content\" data-secret=\"FXNDWgdTFT\">\n<p><a href=\"https:\/\/www.forbes.com.mx\/advierten-sobre-riesgo-latente-de-que-asteroide-impacte-la-tierra\/\">Advierten sobre riesgo latente de que asteroide impacte la Tierra<\/a><\/p>\n<\/blockquote>\n<p><iframe class=\"embed-responsive-item\"  title=\"&#8220;Advierten sobre riesgo latente de que asteroide impacte la Tierra&#8221; &#8212; Forbes M\u00e9xico\" sandbox=\"allow-scripts\" security=\"restricted\" style=\"position: absolute; clip: rect(1px, 1px, 1px, 1px);\" src=\"https:\/\/www.forbes.com.mx\/advierten-sobre-riesgo-latente-de-que-asteroide-impacte-la-tierra\/embed\/#?secret=FXNDWgdTFT\" data-secret=\"FXNDWgdTFT\" width=\"600\" height=\"338\" frameborder=\"0\" marginwidth=\"0\" marginheight=\"0\" scrolling=\"no\"><\/iframe><\/p>\n<p><a rel=\"nofollow\" href=\"https:\/\/www.forbes.com.mx\/a-la-vida-en-la-tierra-solo-le-quedan-30-anos-onu\/\">A la vida en la tierra s\u00f3lo le quedan 30 a\u00f1os: ONU<\/a><br \/>\n<a rel=\"nofollow\" href=\"https:\/\/www.forbes.com.mx\/author\/gerardo-villafranco\/\">Gerardo Villafranco<\/a><\/p>\n<\/div>\n<\/div>","protected":false},"excerpt":{"rendered":"<p>Forbes M\u00e9xico. A la vida en la tierra s\u00f3lo le quedan 30 a\u00f1os: ONU La vida de la Tierra terminar\u00e1 alrededor del 2050 gracias a la extinci\u00f3n de la capa de hielo del \u00c1rtico, a que los desiertos se har\u00e1n m\u00e1s extensos y a que la muerte de la humanidad ser\u00e1 incontrolable por la mala [&hellip;]<\/p>","protected":false},"author":91,"featured_media":0,"comment_status":"open","ping_status":"open","sticky":false,"template":"","format":"standard","meta":{"site-sidebar-layout":"default","site-content-layout":"","ast-site-content-layout":"","site-content-style":"default","site-sidebar-style":"default","ast-global-header-display":"","ast-banner-title-visibility":"","ast-main-header-display":"","ast-hfb-above-header-display":"","ast-hfb-below-header-display":"","ast-hfb-mobile-header-display":"","site-post-title":"","ast-breadcrumbs-content":"","ast-featured-img":"","footer-sml-layout":"","theme-transparent-header-meta":"","adv-header-id-meta":"","stick-header-meta":"","header-above-stick-meta":"","header-main-stick-meta":"","header-below-stick-meta":"","astra-migrate-meta-layouts":"default","ast-page-background-enabled":"default","ast-page-background-meta":{"desktop":{"background-color":"","background-image":"","background-repeat":"repeat","background-position":"center center","background-size":"auto","background-attachment":"scroll","background-type":"","background-media":"","overlay-type":"","overlay-color":"","overlay-opacity":"","overlay-gradient":""},"tablet":{"background-color":"","background-image":"","background-repeat":"repeat","background-position":"center center","background-size":"auto","background-attachment":"scroll","background-type":"","background-media":"","overlay-type":"","overlay-color":"","overlay-opacity":"","overlay-gradient":""},"mobile":{"background-color":"","background-image":"","background-repeat":"repeat","background-position":"center center","background-size":"auto","background-attachment":"scroll","background-type":"","background-media":"","overlay-type":"","overlay-color":"","overlay-opacity":"","overlay-gradient":""}},"ast-content-background-meta":{"desktop":{"background-color":"var(--ast-global-color-5)","background-image":"","background-repeat":"repeat","background-position":"center center","background-size":"auto","background-attachment":"scroll","background-type":"","background-media":"","overlay-type":"","overlay-color":"","overlay-opacity":"","overlay-gradient":""},"tablet":{"background-color":"var(--ast-global-color-5)","background-image":"","background-repeat":"repeat","background-position":"center center","background-size":"auto","background-attachment":"scroll","background-type":"","background-media":"","overlay-type":"","overlay-color":"","overlay-opacity":"","overlay-gradient":""},"mobile":{"background-color":"var(--ast-global-color-5)","background-image":"","background-repeat":"repeat","background-position":"center center","background-size":"auto","background-attachment":"scroll","background-type":"","background-media":"","overlay-type":"","overlay-color":"","overlay-opacity":"","overlay-gradient":""}},"footnotes":""},"categories":[1],"tags":[],"class_list":["post-4254","post","type-post","status-publish","format-standard","hentry","category-uncategorized"],"_links":{"self":[{"href":"https:\/\/enlacescorporativos.com\/en\/wp-json\/wp\/v2\/posts\/4254","targetHints":{"allow":["GET"]}}],"collection":[{"href":"https:\/\/enlacescorporativos.com\/en\/wp-json\/wp\/v2\/posts"}],"about":[{"href":"https:\/\/enlacescorporativos.com\/en\/wp-json\/wp\/v2\/types\/post"}],"author":[{"embeddable":true,"href":"https:\/\/enlacescorporativos.com\/en\/wp-json\/wp\/v2\/users\/91"}],"replies":[{"embeddable":true,"href":"https:\/\/enlacescorporativos.com\/en\/wp-json\/wp\/v2\/comments?post=4254"}],"version-history":[{"count":0,"href":"https:\/\/enlacescorporativos.com\/en\/wp-json\/wp\/v2\/posts\/4254\/revisions"}],"wp:attachment":[{"href":"https:\/\/enlacescorporativos.com\/en\/wp-json\/wp\/v2\/media?parent=4254"}],"wp:term":[{"taxonomy":"category","embeddable":true,"href":"https:\/\/enlacescorporativos.com\/en\/wp-json\/wp\/v2\/categories?post=4254"},{"taxonomy":"post_tag","embeddable":true,"href":"https:\/\/enlacescorporativos.com\/en\/wp-json\/wp\/v2\/tags?post=4254"}],"curies":[{"name":"wp","href":"https:\/\/api.w.org\/{rel}","templated":true}]}}