{"id":4258,"date":"2019-07-05T16:33:25","date_gmt":"2019-07-05T21:33:25","guid":{"rendered":"https:\/\/enlacescorporativos.com\/?p=4258"},"modified":"2019-07-05T16:33:25","modified_gmt":"2019-07-05T21:33:25","slug":"mexico-y-eu-buscan-tapar-laguna-en-t-mec-para-tener-aval-de-democratas","status":"publish","type":"post","link":"https:\/\/enlacescorporativos.com\/en\/2019\/07\/05\/mexico-y-eu-buscan-tapar-laguna-en-t-mec-para-tener-aval-de-democratas\/","title":{"rendered":"M\u00e9xico y EU buscan tapar laguna en T-MEC para tener aval de dem\u00f3cratas"},"content":{"rendered":"<div><img src='https:\/\/cdn.forbes.com.mx\/2019\/02\/Jesus-seade.jpg' style='max-width:600px;' \/><\/p>\n<div>\n<p><a rel=\"nofollow\" href=\"https:\/\/www.forbes.com.mx\">Forbes M\u00e9xico<\/a>.<br \/>\n <a rel=\"nofollow\" href=\"https:\/\/www.forbes.com.mx\/mexico-y-eu-buscan-tapar-laguna-en-t-mec-para-tener-aval-de-democratas\/\">M\u00e9xico y EU buscan tapar laguna en T-MEC para tener aval de dem\u00f3cratas<\/a><\/p>\n<div><img fetchpriority=\"high\" decoding=\"async\" width=\"1173\" height=\"660\" src=\"https:\/\/cdn.forbes.com.mx\/2019\/02\/Jesus-seade.jpg\" class=\"attachment-full size-full wp-post-image\" alt=\"Jes\u00fas Seade. Foto: Fernando Luna Arce\/Forbes M\u00e9xico.\" style=\"margin-bottom: 15px;\" srcset=\"https:\/\/cdn.forbes.com.mx\/2019\/02\/Jesus-seade.jpg 1173w, https:\/\/cdn.forbes.com.mx\/2019\/02\/Jesus-seade-300x169.jpg 300w, https:\/\/cdn.forbes.com.mx\/2019\/02\/Jesus-seade-768x432.jpg 768w, https:\/\/cdn.forbes.com.mx\/2019\/02\/Jesus-seade-1024x576.jpg 1024w, https:\/\/cdn.forbes.com.mx\/2019\/02\/Jesus-seade-640x360.jpg 640w, https:\/\/cdn.forbes.com.mx\/2019\/02\/Jesus-seade-320x180.jpg 320w\" sizes=\"(max-width: 1173px) 100vw, 1173px\" data-full-size=\"https:\/\/cdn.forbes.com.mx\/2019\/02\/Jesus-seade.jpg\" data-caption=\"Jes\u00fas Seade. (Foto: Fernando Luna Arce \/ Forbes M\u00e9xico)\" data-description=\"\" \/><\/div>\n<div class=\"color-black-2 f4 font-roboto line-height-1-5 mb20 regular story-copy\" dir=\"auto\" data-rc-highlight=\"story\" data-qa-component=\"item-story\">\n<p><strong>Reuters.-<\/strong> El gobierno de M\u00e9xico trabaja de cerca con el representante comercial de Estados Unidos, Robert Lighthizer, para cerrar brechas del nuevo pacto comercial de Am\u00e9rica del Norte, a fin de satisfacer demandas de legisladores dem\u00f3cratas por reglas laborales y ambientales m\u00e1s estrictas, dijo Jes\u00fas Seade, subsecretario para Am\u00e9rica del Norte de la Canciller\u00eda mexicana.<\/p>\n<p>En noviembre, Canad\u00e1, Estados Unidos y M\u00e9xico firmaron el nuevo acuerdo comercial de la regi\u00f3n, conocido en M\u00e9xico como T-MEC, para sustituir al Tratado de Libre Comercio de Am\u00e9rica del Norte (TLCAN), que regula 1.2 billones de d\u00f3lares en comercio al a\u00f1o.<\/p>\n<p>Sin embargo, la implementaci\u00f3n del acuerdo est\u00e1 sujeta a la ratificaci\u00f3n por parte de legisladores de los tres pa\u00edses.<\/p>\n<p>El subsecretario Seade indic\u00f3 que la propuesta en la que estaba trabajando con Lighthizer se enfocaba en cubrir una laguna en el mecanismo de resoluci\u00f3n de controversias del acuerdo.<\/p>\n<p>Los dem\u00f3cratas en el Congreso de Estados Unidos, quienes tienen mayor\u00eda en la C\u00e1mara de Representantes, han amenazado con frenar la ratificaci\u00f3n del T-MEC hasta que sus preocupaciones sean satisfechas. El nuevo tratado fue impulsado por el presidente republicano, Donald Trump.<\/p>\n<p>Henry Connelly, portavoz de la presidenta de la C\u00e1mara de Representantes, Nancy Pelosi, no hizo comentarios sobre el fondo de las negociaciones, pero dijo que las disposiciones laborales y de cumplimiento del T-MEC son una preocupaci\u00f3n clave de los dem\u00f3cratas en la C\u00e1mara.<\/p>\n<p>&#8220;La presidenta contin\u00faa trabajando con su grupo y con el USTR (Representate Comercial de Estados Unidos) para fortalecer estas \u00e1reas cr\u00edticas del acuerdo&#8221;, dijo Connelly.<\/p>\n<p>Seade dijo que tal como est\u00e1 el acuerdo ahora, Estados Unidos podr\u00eda iniciar una disputa comercial formal si M\u00e9xico exportara un producto hecho bajo condiciones laborales consideradas injustas y contrarias a las reglas del pacto. Sin embargo, dijo, esta laguna significa que M\u00e9xico podr\u00eda, te\u00f3ricamente, bloquear la creaci\u00f3n de un panel de disputas.<\/p>\n<p>&#8220;Hay un vac\u00edo en el sistema de resoluci\u00f3n de disputas&#8221;, dijo Seade a Reuters en una entrevista el mi\u00e9rcoles. &#8220;Estamos tratando de encontrar una manera de cerrar esa brecha&#8221;.<\/p>\n<p>A principios del a\u00f1o, M\u00e9xico aprob\u00f3 una ley que fortalece los derechos de los sindicatos, en parte para cumplir con requisitos del T-MEC.<\/p>\n<p>Las d\u00e9biles leyes laborales significaron que el pa\u00eds haya tenido por d\u00e9cadas pocos sindicatos independientes, lo que condujo a salarios tan bajos que tanto Trump como los dem\u00f3cratas se\u00f1alaron como una de las causas de la salida de muchas empresas y la p\u00e9rdida de empleos en Estados Unidos bajo el TLCAN.<\/p>\n<p>Seade dijo que M\u00e9xico no quer\u00eda reabrir el T-MEC y que no lo har\u00eda y que la laguna podr\u00eda subsanarse a trav\u00e9s de medidas complementarias, &#8220;para asegurarse de que, si el gobierno de Estados Unidos quiere iniciar un panel contra M\u00e9xico en materia laboral&#8221; pueda hacerlo.<\/p>\n<p>Canad\u00e1 tambi\u00e9n se opone a la reapertura del acuerdo.<\/p>\n<p>La semana pasada, el legislador dem\u00f3crata estadounidense Earl Blumenauer dijo que Canad\u00e1 y M\u00e9xico podr\u00edan estar abiertos a una renegociaci\u00f3n limitada de ciertos aspectos del acuerdo para satisfacer las preocupaciones de los legisladores estadounidenses.<\/p>\n<p>Blumenauer, quien preside el subcomit\u00e9 de comercio del Comit\u00e9 de Medios y Arbitrios de la C\u00e1mara de Representantes, dijo que el acuerdo podr\u00eda ser modificado para abordar preocupaciones espec\u00edficas, pero que era esc\u00e9ptico sobre el uso de cartas paralelas, que hab\u00edan demostrado ser problem\u00e1ticas bajo el TLCAN.<\/p>\n<p>La oficina de Lighthizer no respondi\u00f3 de inmediato a una solicitud de comentarios sobre las conversaciones con M\u00e9xico. En junio, Lighthizer dijo al Senado estadounidense que estaba dispuesto a trabajar con los pa\u00edses para hacer un T-MEC a\u00fan mejor.<\/p>\n<p><strong>A contrarreloj<\/strong><\/p>\n<p>El tiempo para ratificar el pacto es corto antes de que el Congreso de Estados Unidos entre a su receso de verano el 27 de julio. Algunos funcionarios mexicanos est\u00e1n preocupados de que el ruido alrededor de la carrera presidencial del 2020 haga m\u00e1s dif\u00edcil un acuerdo cuando el Congreso retome sesiones en septiembre.<\/p>\n<p><em>Lee tambi\u00e9n:\u00a0<\/em><a title=\"A Trump le conviene luz verde al T-MEC por la econom\u00eda de EU y su reelecci\u00f3n: Index\" href=\"https:\/\/www.forbes.com.mx\/a-trump-le-conviene-luz-verde-al-t-mec-por-la-economia-de-eu-y-su-reeleccion-index\/\"><em>A Trump le conviene luz verde al T-MEC por la econom\u00eda de EU y su reelecci\u00f3n: Index<\/em><\/a><\/p>\n<p>El Parlamento de Canad\u00e1 es percibido como un obst\u00e1culo menos complicado para el acuerdo, mientras que M\u00e9xico ya lo ha ratificado.<\/p>\n<p>Consultada sobre el plan de M\u00e9xico, una fuente del gobierno canadiense dijo que el Primer Ministro Justin Trudeau y otros &#8220;se han comprometido con los dem\u00f3cratas (&#8230;) para hablar acerca del nuevo TLCAN y de por qu\u00e9 es bueno para los trabajadores, que es lo que a ellos les importa&#8221;.<\/p>\n<p>Cuestionada acerca de si Canad\u00e1 trabajar\u00e1 con los dem\u00f3cratas para incluir nuevas garant\u00edas en el pacto, la fuente, que solicit\u00f3 el anonimato por la sensibilidad de la situaci\u00f3n, respondi\u00f3: &#8220;No, no estamos buscando hacerlo&#8221;.<\/p>\n<p>La oficina de Trudeau no respondi\u00f3 de inmediato a una solicitud de comentarios sobre el plan para la resoluci\u00f3n de controversias.<\/p>\n<p>Las conversaciones en curso entre los funcionarios de M\u00e9xico, Lighthizer y Pelosi han avanzado tanto que incluso si la ratificaci\u00f3n no llega antes del receso de verano del Congreso, este conflicto no implicar\u00e1 un mayor problema, dijo Seade.<\/p>\n<p>Blumenauer dijo la semana pasada que &#8220;no hab\u00eda forma&#8221; de que la votaci\u00f3n se realizara antes del receso de agosto, pero que el Congreso continuar\u00eda trabajando en ello durante el oto\u00f1o.<\/p>\n<p><em><strong>No te pierdas:<\/strong><\/em><\/p>\n<blockquote class=\"wp-embedded-content\" data-secret=\"nAxzn32uCy\">\n<p><a href=\"https:\/\/www.forbes.com.mx\/casi-imposible-que-canada-ratifique-t-mec-antes-de-comicios-embajador\/\">Casi imposible que Canad\u00e1 ratifique T-MEC antes de comicios: embajador<\/a><\/p>\n<\/blockquote>\n<p><iframe class=\"embed-responsive-item\"  title=\"&#8220;Casi imposible que Canad\u00e1 ratifique T-MEC antes de comicios: embajador&#8221; &#8212; Forbes M\u00e9xico\" sandbox=\"allow-scripts\" security=\"restricted\" style=\"position: absolute; clip: rect(1px, 1px, 1px, 1px);\" src=\"https:\/\/www.forbes.com.mx\/casi-imposible-que-canada-ratifique-t-mec-antes-de-comicios-embajador\/embed\/#?secret=nAxzn32uCy\" data-secret=\"nAxzn32uCy\" width=\"600\" height=\"338\" frameborder=\"0\" marginwidth=\"0\" marginheight=\"0\" scrolling=\"no\"><\/iframe><\/p>\n<\/div>\n<p><a rel=\"nofollow\" href=\"https:\/\/www.forbes.com.mx\/mexico-y-eu-buscan-tapar-laguna-en-t-mec-para-tener-aval-de-democratas\/\">M\u00e9xico y EU buscan tapar laguna en T-MEC para tener aval de dem\u00f3cratas<\/a><br \/>\n<a rel=\"nofollow\" href=\"https:\/\/www.forbes.com.mx\/author\/forbes-staff\/\">Forbes Staff<\/a><\/p>\n<\/div>\n<\/div>","protected":false},"excerpt":{"rendered":"<p>Forbes M\u00e9xico. M\u00e9xico y EU buscan tapar laguna en T-MEC para tener aval de dem\u00f3cratas Reuters.- El gobierno de M\u00e9xico trabaja de cerca con el representante comercial de Estados Unidos, Robert Lighthizer, para cerrar brechas del nuevo pacto comercial de Am\u00e9rica del Norte, a fin de satisfacer demandas de legisladores dem\u00f3cratas por reglas laborales y [&hellip;]<\/p>","protected":false},"author":91,"featured_media":0,"comment_status":"open","ping_status":"open","sticky":false,"template":"","format":"standard","meta":{"site-sidebar-layout":"default","site-content-layout":"","ast-site-content-layout":"","site-content-style":"default","site-sidebar-style":"default","ast-global-header-display":"","ast-banner-title-visibility":"","ast-main-header-display":"","ast-hfb-above-header-display":"","ast-hfb-below-header-display":"","ast-hfb-mobile-header-display":"","site-post-title":"","ast-breadcrumbs-content":"","ast-featured-img":"","footer-sml-layout":"","theme-transparent-header-meta":"","adv-header-id-meta":"","stick-header-meta":"","header-above-stick-meta":"","header-main-stick-meta":"","header-below-stick-meta":"","astra-migrate-meta-layouts":"default","ast-page-background-enabled":"default","ast-page-background-meta":{"desktop":{"background-color":"","background-image":"","background-repeat":"repeat","background-position":"center center","background-size":"auto","background-attachment":"scroll","background-type":"","background-media":"","overlay-type":"","overlay-color":"","overlay-opacity":"","overlay-gradient":""},"tablet":{"background-color":"","background-image":"","background-repeat":"repeat","background-position":"center center","background-size":"auto","background-attachment":"scroll","background-type":"","background-media":"","overlay-type":"","overlay-color":"","overlay-opacity":"","overlay-gradient":""},"mobile":{"background-color":"","background-image":"","background-repeat":"repeat","background-position":"center center","background-size":"auto","background-attachment":"scroll","background-type":"","background-media":"","overlay-type":"","overlay-color":"","overlay-opacity":"","overlay-gradient":""}},"ast-content-background-meta":{"desktop":{"background-color":"var(--ast-global-color-5)","background-image":"","background-repeat":"repeat","background-position":"center center","background-size":"auto","background-attachment":"scroll","background-type":"","background-media":"","overlay-type":"","overlay-color":"","overlay-opacity":"","overlay-gradient":""},"tablet":{"background-color":"var(--ast-global-color-5)","background-image":"","background-repeat":"repeat","background-position":"center center","background-size":"auto","background-attachment":"scroll","background-type":"","background-media":"","overlay-type":"","overlay-color":"","overlay-opacity":"","overlay-gradient":""},"mobile":{"background-color":"var(--ast-global-color-5)","background-image":"","background-repeat":"repeat","background-position":"center center","background-size":"auto","background-attachment":"scroll","background-type":"","background-media":"","overlay-type":"","overlay-color":"","overlay-opacity":"","overlay-gradient":""}},"footnotes":""},"categories":[1],"tags":[],"class_list":["post-4258","post","type-post","status-publish","format-standard","hentry","category-uncategorized"],"_links":{"self":[{"href":"https:\/\/enlacescorporativos.com\/en\/wp-json\/wp\/v2\/posts\/4258","targetHints":{"allow":["GET"]}}],"collection":[{"href":"https:\/\/enlacescorporativos.com\/en\/wp-json\/wp\/v2\/posts"}],"about":[{"href":"https:\/\/enlacescorporativos.com\/en\/wp-json\/wp\/v2\/types\/post"}],"author":[{"embeddable":true,"href":"https:\/\/enlacescorporativos.com\/en\/wp-json\/wp\/v2\/users\/91"}],"replies":[{"embeddable":true,"href":"https:\/\/enlacescorporativos.com\/en\/wp-json\/wp\/v2\/comments?post=4258"}],"version-history":[{"count":0,"href":"https:\/\/enlacescorporativos.com\/en\/wp-json\/wp\/v2\/posts\/4258\/revisions"}],"wp:attachment":[{"href":"https:\/\/enlacescorporativos.com\/en\/wp-json\/wp\/v2\/media?parent=4258"}],"wp:term":[{"taxonomy":"category","embeddable":true,"href":"https:\/\/enlacescorporativos.com\/en\/wp-json\/wp\/v2\/categories?post=4258"},{"taxonomy":"post_tag","embeddable":true,"href":"https:\/\/enlacescorporativos.com\/en\/wp-json\/wp\/v2\/tags?post=4258"}],"curies":[{"name":"wp","href":"https:\/\/api.w.org\/{rel}","templated":true}]}}