{"id":4268,"date":"2019-07-06T09:33:36","date_gmt":"2019-07-06T14:33:36","guid":{"rendered":"https:\/\/enlacescorporativos.com\/?p=4268"},"modified":"2019-07-06T09:33:36","modified_gmt":"2019-07-06T14:33:36","slug":"eu-iniciara-en-breve-redadas-contra-indocumentados-trump","status":"publish","type":"post","link":"https:\/\/enlacescorporativos.com\/en\/2019\/07\/06\/eu-iniciara-en-breve-redadas-contra-indocumentados-trump\/","title":{"rendered":"EU iniciar\u00e1 \u2018en breve\u2019 redadas contra indocumentados: Trump"},"content":{"rendered":"<div><img src='https:\/\/cdn.forbes.com.mx\/2018\/11\/migrantes1buena.jpg' style='max-width:600px;' \/><\/p>\n<div>\n<p><a rel=\"nofollow\" href=\"https:\/\/www.forbes.com.mx\">Forbes M\u00e9xico<\/a>.<br \/>\n <a rel=\"nofollow\" href=\"https:\/\/www.forbes.com.mx\/eu-iniciara-en-breve-redadas-contra-indocumentados-trump\/\">EU iniciar\u00e1 \u2018en breve\u2019 redadas contra indocumentados: Trump<\/a><\/p>\n<div><img fetchpriority=\"high\" decoding=\"async\" width=\"848\" height=\"500\" src=\"https:\/\/cdn.forbes.com.mx\/2018\/11\/migrantes1buena.jpg\" class=\"attachment-full size-full wp-post-image\" alt=\"\" style=\"margin-bottom: 15px;\" srcset=\"https:\/\/cdn.forbes.com.mx\/2018\/11\/migrantes1buena.jpg 848w, https:\/\/cdn.forbes.com.mx\/2018\/11\/migrantes1buena-300x177.jpg 300w, https:\/\/cdn.forbes.com.mx\/2018\/11\/migrantes1buena-768x453.jpg 768w\" sizes=\"(max-width: 848px) 100vw, 848px\" data-full-size=\"https:\/\/cdn.forbes.com.mx\/2018\/11\/migrantes1buena.jpg\" data-caption=\"Foto: Reuters. \" data-description=\"\" \/><\/div>\n<p><strong>Reuters. &#8211;<\/strong> El presidente de Estados Unidos, Donald Trump, dijo el viernes que las redadas para capturar y deportar a un gran n\u00famero de indocumentados que vive en el pa\u00eds comenzar\u00e1n &#8220;en breve&#8221;, mientras que activistas en favor de los inmigrantes prometieron que sus comunidades estar\u00e1n &#8220;listas&#8221; cuando lleguen los agentes.<\/p>\n<p>Trump, quien ha hecho de su l\u00ednea dura contra la inmigraci\u00f3n ilegal un tema central de su presidencia y su campa\u00f1a para la reelecci\u00f3n en 2020, pospuso la operaci\u00f3n el mes pasado despu\u00e9s de que la fecha propuesta se filtr\u00f3 en la prensa, pero el lunes afirm\u00f3 que las redadas se realizar\u00edan despu\u00e9s de las fiestas del 4 de julio por el D\u00eda de la Independencia.<\/p>\n<p>&#8220;Comenzar\u00e1n en breve, pero no las llamo redadas, estamos sacando a personas, todas esas personas que durante a\u00f1os han venido ilegalmente&#8221;, dijo el viernes a periodistas en la Casa Blanca.<\/p>\n<p>El Servicio de Inmigraci\u00f3n y Control de Aduanas (ICE, por su sigla en ingl\u00e9s) dijo el mes pasado que las redadas se concentrar\u00edan en indocumentados que hayan llegado recientemente a Estados Unidos, para desalentar a las familias centroamericanas que arriban en gran n\u00famero a la frontera suroeste del pa\u00eds.<\/p>\n<p>El ICE no respondi\u00f3 de inmediato a una solicitud de comentarios sobre la declaraci\u00f3n de Trump.<\/p>\n<p>Las operaciones de ICE incluir\u00edan &#8220;arrestos colaterales&#8221;, es decir, que inmigrantes indocumentados que no sean blanco directo de los agentes tambi\u00e9n ser\u00e1n detenidos.<\/p>\n<p>Documentos gubernamentales publicados esta semana por grupos de defensa de los derechos de los inmigrantes mostraron que algunas redadas anteriores del ICE registraron m\u00e1s arrestos colaterales que detenciones de los indocumentados a los que apuntaban.<\/p>\n<p>Los grupos de activistas dicen que esta amenaza general e inminente contra los indocumentados es perjudicial para las comunidades y la econom\u00eda de Estados Unidos, ya que obliga a los adultos a faltar al trabajo y a los ni\u00f1os a faltar a la escuela por temor a que puedan ser detenidos y separados.<\/p>\n<p>&#8220;Tenemos que estar listos, no solo cuando Trump lo anuncie, porque hay arrestos todos los d\u00edas y han aumentado&#8221;, dijo Elsa L\u00f3pez, organizadora del grupo de derechos de los trabajadores e inmigrantes Somos Un Pueblo Unido, de Nuevo M\u00e9xico.<\/p>\n<p><strong>Te recomendamos:\u00a0<\/strong><\/p>\n<blockquote class=\"wp-embedded-content\" data-secret=\"yxBaB5YGQa\">\n<p><a href=\"https:\/\/www.forbes.com.mx\/migrantes-indocumentados-y-maras-no-seran-empleados-dicen-maquiladores\/\">Migrantes indocumentados y maras no ser\u00e1n empleados, dicen maquiladores<\/a><\/p>\n<\/blockquote>\n<p><iframe class=\"embed-responsive-item\"  title=\"&#8220;Migrantes indocumentados y maras no ser\u00e1n empleados, dicen maquiladores&#8221; &#8212; Forbes M\u00e9xico\" sandbox=\"allow-scripts\" security=\"restricted\" style=\"position: absolute; clip: rect(1px, 1px, 1px, 1px);\" src=\"https:\/\/www.forbes.com.mx\/migrantes-indocumentados-y-maras-no-seran-empleados-dicen-maquiladores\/embed\/#?secret=yxBaB5YGQa\" data-secret=\"yxBaB5YGQa\" width=\"600\" height=\"338\" frameborder=\"0\" marginwidth=\"0\" marginheight=\"0\" scrolling=\"no\"><\/iframe><\/p>\n<p><a rel=\"nofollow\" href=\"https:\/\/www.forbes.com.mx\/eu-iniciara-en-breve-redadas-contra-indocumentados-trump\/\">EU iniciar\u00e1 \u2018en breve\u2019 redadas contra indocumentados: Trump<\/a><br \/>\n<a rel=\"nofollow\" href=\"https:\/\/www.forbes.com.mx\/author\/forbes-staff\/\">Forbes Staff<\/a><\/p>\n<\/div>\n<\/div>","protected":false},"excerpt":{"rendered":"<p>Forbes M\u00e9xico. EU iniciar\u00e1 \u2018en breve\u2019 redadas contra indocumentados: Trump Reuters. &#8211; El presidente de Estados Unidos, Donald Trump, dijo el viernes que las redadas para capturar y deportar a un gran n\u00famero de indocumentados que vive en el pa\u00eds comenzar\u00e1n &#8220;en breve&#8221;, mientras que activistas en favor de los inmigrantes prometieron que sus comunidades [&hellip;]<\/p>","protected":false},"author":91,"featured_media":0,"comment_status":"open","ping_status":"open","sticky":false,"template":"","format":"standard","meta":{"site-sidebar-layout":"default","site-content-layout":"","ast-site-content-layout":"","site-content-style":"default","site-sidebar-style":"default","ast-global-header-display":"","ast-banner-title-visibility":"","ast-main-header-display":"","ast-hfb-above-header-display":"","ast-hfb-below-header-display":"","ast-hfb-mobile-header-display":"","site-post-title":"","ast-breadcrumbs-content":"","ast-featured-img":"","footer-sml-layout":"","theme-transparent-header-meta":"","adv-header-id-meta":"","stick-header-meta":"","header-above-stick-meta":"","header-main-stick-meta":"","header-below-stick-meta":"","astra-migrate-meta-layouts":"default","ast-page-background-enabled":"default","ast-page-background-meta":{"desktop":{"background-color":"","background-image":"","background-repeat":"repeat","background-position":"center center","background-size":"auto","background-attachment":"scroll","background-type":"","background-media":"","overlay-type":"","overlay-color":"","overlay-opacity":"","overlay-gradient":""},"tablet":{"background-color":"","background-image":"","background-repeat":"repeat","background-position":"center center","background-size":"auto","background-attachment":"scroll","background-type":"","background-media":"","overlay-type":"","overlay-color":"","overlay-opacity":"","overlay-gradient":""},"mobile":{"background-color":"","background-image":"","background-repeat":"repeat","background-position":"center center","background-size":"auto","background-attachment":"scroll","background-type":"","background-media":"","overlay-type":"","overlay-color":"","overlay-opacity":"","overlay-gradient":""}},"ast-content-background-meta":{"desktop":{"background-color":"var(--ast-global-color-5)","background-image":"","background-repeat":"repeat","background-position":"center center","background-size":"auto","background-attachment":"scroll","background-type":"","background-media":"","overlay-type":"","overlay-color":"","overlay-opacity":"","overlay-gradient":""},"tablet":{"background-color":"var(--ast-global-color-5)","background-image":"","background-repeat":"repeat","background-position":"center center","background-size":"auto","background-attachment":"scroll","background-type":"","background-media":"","overlay-type":"","overlay-color":"","overlay-opacity":"","overlay-gradient":""},"mobile":{"background-color":"var(--ast-global-color-5)","background-image":"","background-repeat":"repeat","background-position":"center center","background-size":"auto","background-attachment":"scroll","background-type":"","background-media":"","overlay-type":"","overlay-color":"","overlay-opacity":"","overlay-gradient":""}},"footnotes":""},"categories":[1],"tags":[],"class_list":["post-4268","post","type-post","status-publish","format-standard","hentry","category-uncategorized"],"_links":{"self":[{"href":"https:\/\/enlacescorporativos.com\/en\/wp-json\/wp\/v2\/posts\/4268","targetHints":{"allow":["GET"]}}],"collection":[{"href":"https:\/\/enlacescorporativos.com\/en\/wp-json\/wp\/v2\/posts"}],"about":[{"href":"https:\/\/enlacescorporativos.com\/en\/wp-json\/wp\/v2\/types\/post"}],"author":[{"embeddable":true,"href":"https:\/\/enlacescorporativos.com\/en\/wp-json\/wp\/v2\/users\/91"}],"replies":[{"embeddable":true,"href":"https:\/\/enlacescorporativos.com\/en\/wp-json\/wp\/v2\/comments?post=4268"}],"version-history":[{"count":0,"href":"https:\/\/enlacescorporativos.com\/en\/wp-json\/wp\/v2\/posts\/4268\/revisions"}],"wp:attachment":[{"href":"https:\/\/enlacescorporativos.com\/en\/wp-json\/wp\/v2\/media?parent=4268"}],"wp:term":[{"taxonomy":"category","embeddable":true,"href":"https:\/\/enlacescorporativos.com\/en\/wp-json\/wp\/v2\/categories?post=4268"},{"taxonomy":"post_tag","embeddable":true,"href":"https:\/\/enlacescorporativos.com\/en\/wp-json\/wp\/v2\/tags?post=4268"}],"curies":[{"name":"wp","href":"https:\/\/api.w.org\/{rel}","templated":true}]}}