{"id":4282,"date":"2019-07-06T14:33:16","date_gmt":"2019-07-06T19:33:16","guid":{"rendered":"https:\/\/enlacescorporativos.com\/?p=4282"},"modified":"2019-07-06T14:33:16","modified_gmt":"2019-07-06T19:33:16","slug":"buscan-acuerdo-para-ampliacion-de-linea-5-del-metrobus-en-xochimilco","status":"publish","type":"post","link":"https:\/\/enlacescorporativos.com\/en\/2019\/07\/06\/buscan-acuerdo-para-ampliacion-de-linea-5-del-metrobus-en-xochimilco\/","title":{"rendered":"Buscan acuerdo para ampliaci\u00f3n de L\u00ednea 5 del Metrob\u00fas en Xochimilco"},"content":{"rendered":"<div><img src='https:\/\/cdn.forbes.com.mx\/2019\/01\/Metrobus.jpg' style='max-width:600px;' \/><\/p>\n<div>\n<p><a rel=\"nofollow\" href=\"https:\/\/www.forbes.com.mx\">Forbes M\u00e9xico<\/a>.<br \/>\n <a rel=\"nofollow\" href=\"https:\/\/www.forbes.com.mx\/buscan-acuerdo-para-ampliacion-de-linea-5-del-metrobus-en-xochimilco\/\">Buscan acuerdo para ampliaci\u00f3n de L\u00ednea 5 del Metrob\u00fas en Xochimilco<\/a><\/p>\n<div><img fetchpriority=\"high\" decoding=\"async\" width=\"1280\" height=\"720\" src=\"https:\/\/cdn.forbes.com.mx\/2019\/01\/Metrobus.jpg\" class=\"attachment-full size-full wp-post-image\" alt=\"Metrobus de la CDMX. Foto: Alejandra Rodr\u00edguez\/Notimex\" style=\"margin-bottom: 15px;\" srcset=\"https:\/\/cdn.forbes.com.mx\/2019\/01\/Metrobus.jpg 1280w, https:\/\/cdn.forbes.com.mx\/2019\/01\/Metrobus-300x169.jpg 300w, https:\/\/cdn.forbes.com.mx\/2019\/01\/Metrobus-768x432.jpg 768w, https:\/\/cdn.forbes.com.mx\/2019\/01\/Metrobus-1024x576.jpg 1024w, https:\/\/cdn.forbes.com.mx\/2019\/01\/Metrobus-640x360.jpg 640w, https:\/\/cdn.forbes.com.mx\/2019\/01\/Metrobus-320x180.jpg 320w\" sizes=\"(max-width: 1280px) 100vw, 1280px\" data-full-size=\"https:\/\/cdn.forbes.com.mx\/2019\/01\/Metrobus.jpg\" data-caption=\"Metrobus de la CDMX. Foto: Alejandra Rodr\u00edguez\/Notimex.\" data-description=\"\" \/><\/div>\n<p><strong>Notimex.-<\/strong> La ampliaci\u00f3n de la\u00a0L\u00ednea 5 del\u00a0Metrob\u00fas traer\u00e1 beneficios para Xochimilco, por lo que es necesario lograr consensos con los vecinos de Tlalpan y Coyoac\u00e1n que se oponen al paso de este medio de transporte por la Escuela Nacional Preparatoria 1, se\u00f1al\u00f3 el alcalde de esa demarcaci\u00f3n,<\/p>\n<p>Lo que se busca, dijo, es tener transportes que generen movilidad a los ciudadanos, que acorten distancias y generen menos tr\u00e1fico e \u00edndices contaminantes.<\/p>\n<p>Previo a la jornada de S\u00e1bado de Tequio en la alcald\u00eda, Acosta mencion\u00f3 que el tramo en conflicto es de menos de un kil\u00f3metro; es decir solo contemplar\u00eda dos o tres estaciones, por lo que es necesario el di\u00e1logo entre autoridades y vecinos.<\/p>\n<p>Para lograr el consenso, dijo, se requiere que los vecinos inconformes conozcan los tramos que abarcar\u00e1 este medio de transporte, sepan que s\u00f3lo se confinar\u00e1 el carril por el que transitar\u00e1 el Metrob\u00fas y ayuden a establecer las paradas en los lugares m\u00e1s convenientes.<\/p>\n<p>\u201cEs indispensable que llegue, no solo a la Prepa 1, sino a otros lugares (..) Xochimilco es un lugar donde el transporte y la movilidad hacen falta\u201d, subray\u00f3 el alcalde.<\/p>\n<p>Puntualiz\u00f3 que existen partes de la ciudad muy comunicadas y otras tantas como Xochimilco, en donde no hay transportes y las personas tienen diferentes necesidades para llegar de sus trabajos e incluso algunas veces son presas de la delincuencia con traslados nocturnos, por lo que el Metrob\u00fas es una opci\u00f3n segura, que adem\u00e1s permitir\u00e1\u00a0retirar camiones obsoletos y menor contaminaci\u00f3n al definir paradas espec\u00edficas.<\/p>\n<p>Adem\u00e1s, las obras de ampliaci\u00f3n de\u00a0la L\u00ednea 5 traer\u00edan beneficios colaterales, pues habr\u00eda cambio de banquetas y de la cinta asf\u00e1ltica, aunado a que no requiere colocar v\u00edas ni cables extras, agreg\u00f3.<\/p>\n<p>Respecto a la presencia de la Guardia Nacional en la demarcaci\u00f3n, el alcalde se\u00f1al\u00f3 que a\u00fan no se cuenta con una fecha definida para su llegada. Sin embargo, estim\u00f3 que podr\u00eda ser este mes y \u201cestaremos d\u00e1ndole la bienvenida\u201d a esta corporaci\u00f3n que posiblemente tendr\u00e1 tres espacios destinados en Xochimilco.<\/p>\n<p>La Guardia Nacional, abund\u00f3, combatir\u00e1 delitos federales y a quienes encuentren en flagrancia en esa demarcaci\u00f3n,\u00a0la cual\u00a0enfrenta problemas en aserraderos con retiro y extracci\u00f3n de elementos naturales, aunado a que la zona de Tulyehualco, en colindar\u00eda con Tl\u00e1huac, es peligrosa y ha registrado robo a transe\u00fantes, pasajeros, transportistas, a casa habitaci\u00f3n y extorsiones.<\/p>\n<p><strong>Te recomendamos:\u00a0<\/strong><\/p>\n<blockquote class=\"wp-embedded-content\" data-secret=\"F6xxPeAfY1\">\n<p><a href=\"https:\/\/www.forbes.com.mx\/la-razon-por-la-que-tele-urban-apuesta-al-metrobus-para-crecer\/\">La raz\u00f3n por la que Tele Urban apuesta al metrob\u00fas para crecer<\/a><\/p>\n<\/blockquote>\n<p><iframe class=\"embed-responsive-item\"  title=\"&#8220;La raz\u00f3n por la que Tele Urban apuesta al metrob\u00fas para crecer&#8221; &#8212; Forbes M\u00e9xico\" sandbox=\"allow-scripts\" security=\"restricted\" style=\"position: absolute; clip: rect(1px, 1px, 1px, 1px);\" src=\"https:\/\/www.forbes.com.mx\/la-razon-por-la-que-tele-urban-apuesta-al-metrobus-para-crecer\/embed\/#?secret=F6xxPeAfY1\" data-secret=\"F6xxPeAfY1\" width=\"600\" height=\"338\" frameborder=\"0\" marginwidth=\"0\" marginheight=\"0\" scrolling=\"no\"><\/iframe><\/p>\n<p><a rel=\"nofollow\" href=\"https:\/\/www.forbes.com.mx\/buscan-acuerdo-para-ampliacion-de-linea-5-del-metrobus-en-xochimilco\/\">Buscan acuerdo para ampliaci\u00f3n de L\u00ednea 5 del Metrob\u00fas en Xochimilco<\/a><br \/>\n<a rel=\"nofollow\" href=\"https:\/\/www.forbes.com.mx\/author\/forbes-staff\/\">Forbes Staff<\/a><\/p>\n<\/div>\n<\/div>","protected":false},"excerpt":{"rendered":"<p>Forbes M\u00e9xico. Buscan acuerdo para ampliaci\u00f3n de L\u00ednea 5 del Metrob\u00fas en Xochimilco Notimex.- La ampliaci\u00f3n de la\u00a0L\u00ednea 5 del\u00a0Metrob\u00fas traer\u00e1 beneficios para Xochimilco, por lo que es necesario lograr consensos con los vecinos de Tlalpan y Coyoac\u00e1n que se oponen al paso de este medio de transporte por la Escuela Nacional Preparatoria 1, se\u00f1al\u00f3 [&hellip;]<\/p>","protected":false},"author":91,"featured_media":0,"comment_status":"open","ping_status":"open","sticky":false,"template":"","format":"standard","meta":{"site-sidebar-layout":"default","site-content-layout":"","ast-site-content-layout":"","site-content-style":"default","site-sidebar-style":"default","ast-global-header-display":"","ast-banner-title-visibility":"","ast-main-header-display":"","ast-hfb-above-header-display":"","ast-hfb-below-header-display":"","ast-hfb-mobile-header-display":"","site-post-title":"","ast-breadcrumbs-content":"","ast-featured-img":"","footer-sml-layout":"","theme-transparent-header-meta":"","adv-header-id-meta":"","stick-header-meta":"","header-above-stick-meta":"","header-main-stick-meta":"","header-below-stick-meta":"","astra-migrate-meta-layouts":"default","ast-page-background-enabled":"default","ast-page-background-meta":{"desktop":{"background-color":"","background-image":"","background-repeat":"repeat","background-position":"center center","background-size":"auto","background-attachment":"scroll","background-type":"","background-media":"","overlay-type":"","overlay-color":"","overlay-opacity":"","overlay-gradient":""},"tablet":{"background-color":"","background-image":"","background-repeat":"repeat","background-position":"center center","background-size":"auto","background-attachment":"scroll","background-type":"","background-media":"","overlay-type":"","overlay-color":"","overlay-opacity":"","overlay-gradient":""},"mobile":{"background-color":"","background-image":"","background-repeat":"repeat","background-position":"center center","background-size":"auto","background-attachment":"scroll","background-type":"","background-media":"","overlay-type":"","overlay-color":"","overlay-opacity":"","overlay-gradient":""}},"ast-content-background-meta":{"desktop":{"background-color":"var(--ast-global-color-5)","background-image":"","background-repeat":"repeat","background-position":"center center","background-size":"auto","background-attachment":"scroll","background-type":"","background-media":"","overlay-type":"","overlay-color":"","overlay-opacity":"","overlay-gradient":""},"tablet":{"background-color":"var(--ast-global-color-5)","background-image":"","background-repeat":"repeat","background-position":"center center","background-size":"auto","background-attachment":"scroll","background-type":"","background-media":"","overlay-type":"","overlay-color":"","overlay-opacity":"","overlay-gradient":""},"mobile":{"background-color":"var(--ast-global-color-5)","background-image":"","background-repeat":"repeat","background-position":"center center","background-size":"auto","background-attachment":"scroll","background-type":"","background-media":"","overlay-type":"","overlay-color":"","overlay-opacity":"","overlay-gradient":""}},"footnotes":""},"categories":[1],"tags":[],"class_list":["post-4282","post","type-post","status-publish","format-standard","hentry","category-uncategorized"],"_links":{"self":[{"href":"https:\/\/enlacescorporativos.com\/en\/wp-json\/wp\/v2\/posts\/4282","targetHints":{"allow":["GET"]}}],"collection":[{"href":"https:\/\/enlacescorporativos.com\/en\/wp-json\/wp\/v2\/posts"}],"about":[{"href":"https:\/\/enlacescorporativos.com\/en\/wp-json\/wp\/v2\/types\/post"}],"author":[{"embeddable":true,"href":"https:\/\/enlacescorporativos.com\/en\/wp-json\/wp\/v2\/users\/91"}],"replies":[{"embeddable":true,"href":"https:\/\/enlacescorporativos.com\/en\/wp-json\/wp\/v2\/comments?post=4282"}],"version-history":[{"count":0,"href":"https:\/\/enlacescorporativos.com\/en\/wp-json\/wp\/v2\/posts\/4282\/revisions"}],"wp:attachment":[{"href":"https:\/\/enlacescorporativos.com\/en\/wp-json\/wp\/v2\/media?parent=4282"}],"wp:term":[{"taxonomy":"category","embeddable":true,"href":"https:\/\/enlacescorporativos.com\/en\/wp-json\/wp\/v2\/categories?post=4282"},{"taxonomy":"post_tag","embeddable":true,"href":"https:\/\/enlacescorporativos.com\/en\/wp-json\/wp\/v2\/tags?post=4282"}],"curies":[{"name":"wp","href":"https:\/\/api.w.org\/{rel}","templated":true}]}}