{"id":4284,"date":"2019-07-06T15:43:16","date_gmt":"2019-07-06T20:43:16","guid":{"rendered":"https:\/\/enlacescorporativos.com\/?p=4284"},"modified":"2019-07-06T15:43:16","modified_gmt":"2019-07-06T20:43:16","slug":"dolores-hernandez-da-segunda-presea-de-la-jornada-para-mexico-en-universiada-mundial","status":"publish","type":"post","link":"https:\/\/enlacescorporativos.com\/en\/2019\/07\/06\/dolores-hernandez-da-segunda-presea-de-la-jornada-para-mexico-en-universiada-mundial\/","title":{"rendered":"Dolores Hern\u00e1ndez da segunda presea de la jornada para M\u00e9xico en Universiada Mundial"},"content":{"rendered":"<div><img src='https:\/\/cdn.forbes.com.mx\/2019\/07\/plata.png' style='max-width:600px;' \/><\/p>\n<div>\n<p><a rel=\"nofollow\" href=\"https:\/\/www.forbes.com.mx\">Forbes M\u00e9xico<\/a>.<br \/>\n <a rel=\"nofollow\" href=\"https:\/\/www.forbes.com.mx\/la-veracruzana-dolores-hernandez-da-segunda-presea-de-la-jornada-para-mexico-en-universiada-mundial\/\">Dolores Hern\u00e1ndez da segunda presea de la jornada para M\u00e9xico en Universiada Mundial<\/a><\/p>\n<div><img fetchpriority=\"high\" decoding=\"async\" width=\"982\" height=\"553\" src=\"https:\/\/cdn.forbes.com.mx\/2019\/07\/plata.png\" class=\"attachment-full size-full wp-post-image\" alt=\"\" style=\"margin-bottom: 15px;\" srcset=\"https:\/\/cdn.forbes.com.mx\/2019\/07\/plata.png 982w, https:\/\/cdn.forbes.com.mx\/2019\/07\/plata-300x169.png 300w, https:\/\/cdn.forbes.com.mx\/2019\/07\/plata-768x432.png 768w, https:\/\/cdn.forbes.com.mx\/2019\/07\/plata-600x338.png 600w, https:\/\/cdn.forbes.com.mx\/2019\/07\/plata-200x113.png 200w, https:\/\/cdn.forbes.com.mx\/2019\/07\/plata-640x360.png 640w, https:\/\/cdn.forbes.com.mx\/2019\/07\/plata-320x180.png 320w\" sizes=\"(max-width: 982px) 100vw, 982px\" data-full-size=\"https:\/\/cdn.forbes.com.mx\/2019\/07\/plata.png\" data-caption=\"Foto: Lolita_hdz.\" data-description=\"\" \/><\/div>\n<p><strong>Notimex.-<\/strong>\u00a0La veracruzana Dolores Hern\u00e1ndez dio la segunda presea de la jornada, al obtener la plata en la final de la prueba de trampol\u00edn de tres metros en las acciones de la Universiada Mundial N\u00e1poles 2019.<\/p>\n<p>En la fosa del complejo Mostra D\u2019Oltremare, Hern\u00e1ndez Monz\u00f3n se qued\u00f3 con la presea de plata al sumar 302.15 unidades en duelo con la china Wu Chunting, quien al final se hizo del oro con un registro de 351.85.<\/p>\n<p>Mientras el bronce fue para la rusa Karina Shklair con 299.10, y quien estuvo a punto de bajar a la mexicana del segundo puesto.<\/p>\n<p>De esta manera, los clavadistas mexicanos han cumplido con los par\u00e1metros al obtener cuatro medallas en la cita mundial universitaria.<\/p>\n<p>Al final del torneo de clavados de la Universiada Mundial, la clavadista veracruzana regresar\u00e1 a su pa\u00eds para cerrar\u00a0su preparaci\u00f3n rumbo a los Juegos Panamericanos Lima 2019, en donde desde el trampol\u00edn de tres metros, tanto individual como en sincronizados al lado de Paola Espinosa, espera subir al podio y seguir con su plan rumbo a los Juegos Ol\u00edmpicos Tokio 2020.<\/p>\n<p>Los primeros lugares de las pruebas de trampol\u00edn de tres metros y plataforma de 10, dan cupo directo a Tokio 2020.<\/p>\n<p><strong>Te recomendamos:\u00a0<\/strong><\/p>\n<blockquote class=\"wp-embedded-content\" data-secret=\"v26ayEptUf\">\n<p><a href=\"https:\/\/www.forbes.com.mx\/ana-guevara-lamenta-caso-de-paola-pliego-pide-crear-tribunal-del-deporte\/\">Ana Guevara lamenta caso de Paola Pliego; pide crear tribunal del deporte<\/a><\/p>\n<\/blockquote>\n<p><iframe class=\"embed-responsive-item\"  title=\"&#8220;Ana Guevara lamenta caso de Paola Pliego; pide crear tribunal del deporte&#8221; &#8212; Forbes M\u00e9xico\" sandbox=\"allow-scripts\" security=\"restricted\" style=\"position: absolute; clip: rect(1px, 1px, 1px, 1px);\" src=\"https:\/\/www.forbes.com.mx\/ana-guevara-lamenta-caso-de-paola-pliego-pide-crear-tribunal-del-deporte\/embed\/#?secret=v26ayEptUf\" data-secret=\"v26ayEptUf\" width=\"600\" height=\"338\" frameborder=\"0\" marginwidth=\"0\" marginheight=\"0\" scrolling=\"no\"><\/iframe><\/p>\n<p><a rel=\"nofollow\" href=\"https:\/\/www.forbes.com.mx\/la-veracruzana-dolores-hernandez-da-segunda-presea-de-la-jornada-para-mexico-en-universiada-mundial\/\">Dolores Hern\u00e1ndez da segunda presea de la jornada para M\u00e9xico en Universiada Mundial<\/a><br \/>\n<a rel=\"nofollow\" href=\"https:\/\/www.forbes.com.mx\/author\/gerardo-villafranco\/\">Gerardo Villafranco<\/a><\/p>\n<\/div>\n<\/div>","protected":false},"excerpt":{"rendered":"<p>Forbes M\u00e9xico. Dolores Hern\u00e1ndez da segunda presea de la jornada para M\u00e9xico en Universiada Mundial Notimex.-\u00a0La veracruzana Dolores Hern\u00e1ndez dio la segunda presea de la jornada, al obtener la plata en la final de la prueba de trampol\u00edn de tres metros en las acciones de la Universiada Mundial N\u00e1poles 2019. En la fosa del complejo [&hellip;]<\/p>","protected":false},"author":91,"featured_media":0,"comment_status":"open","ping_status":"open","sticky":false,"template":"","format":"standard","meta":{"site-sidebar-layout":"default","site-content-layout":"","ast-site-content-layout":"","site-content-style":"default","site-sidebar-style":"default","ast-global-header-display":"","ast-banner-title-visibility":"","ast-main-header-display":"","ast-hfb-above-header-display":"","ast-hfb-below-header-display":"","ast-hfb-mobile-header-display":"","site-post-title":"","ast-breadcrumbs-content":"","ast-featured-img":"","footer-sml-layout":"","theme-transparent-header-meta":"","adv-header-id-meta":"","stick-header-meta":"","header-above-stick-meta":"","header-main-stick-meta":"","header-below-stick-meta":"","astra-migrate-meta-layouts":"default","ast-page-background-enabled":"default","ast-page-background-meta":{"desktop":{"background-color":"","background-image":"","background-repeat":"repeat","background-position":"center center","background-size":"auto","background-attachment":"scroll","background-type":"","background-media":"","overlay-type":"","overlay-color":"","overlay-opacity":"","overlay-gradient":""},"tablet":{"background-color":"","background-image":"","background-repeat":"repeat","background-position":"center center","background-size":"auto","background-attachment":"scroll","background-type":"","background-media":"","overlay-type":"","overlay-color":"","overlay-opacity":"","overlay-gradient":""},"mobile":{"background-color":"","background-image":"","background-repeat":"repeat","background-position":"center center","background-size":"auto","background-attachment":"scroll","background-type":"","background-media":"","overlay-type":"","overlay-color":"","overlay-opacity":"","overlay-gradient":""}},"ast-content-background-meta":{"desktop":{"background-color":"var(--ast-global-color-5)","background-image":"","background-repeat":"repeat","background-position":"center center","background-size":"auto","background-attachment":"scroll","background-type":"","background-media":"","overlay-type":"","overlay-color":"","overlay-opacity":"","overlay-gradient":""},"tablet":{"background-color":"var(--ast-global-color-5)","background-image":"","background-repeat":"repeat","background-position":"center center","background-size":"auto","background-attachment":"scroll","background-type":"","background-media":"","overlay-type":"","overlay-color":"","overlay-opacity":"","overlay-gradient":""},"mobile":{"background-color":"var(--ast-global-color-5)","background-image":"","background-repeat":"repeat","background-position":"center center","background-size":"auto","background-attachment":"scroll","background-type":"","background-media":"","overlay-type":"","overlay-color":"","overlay-opacity":"","overlay-gradient":""}},"footnotes":""},"categories":[1],"tags":[],"class_list":["post-4284","post","type-post","status-publish","format-standard","hentry","category-uncategorized"],"_links":{"self":[{"href":"https:\/\/enlacescorporativos.com\/en\/wp-json\/wp\/v2\/posts\/4284","targetHints":{"allow":["GET"]}}],"collection":[{"href":"https:\/\/enlacescorporativos.com\/en\/wp-json\/wp\/v2\/posts"}],"about":[{"href":"https:\/\/enlacescorporativos.com\/en\/wp-json\/wp\/v2\/types\/post"}],"author":[{"embeddable":true,"href":"https:\/\/enlacescorporativos.com\/en\/wp-json\/wp\/v2\/users\/91"}],"replies":[{"embeddable":true,"href":"https:\/\/enlacescorporativos.com\/en\/wp-json\/wp\/v2\/comments?post=4284"}],"version-history":[{"count":0,"href":"https:\/\/enlacescorporativos.com\/en\/wp-json\/wp\/v2\/posts\/4284\/revisions"}],"wp:attachment":[{"href":"https:\/\/enlacescorporativos.com\/en\/wp-json\/wp\/v2\/media?parent=4284"}],"wp:term":[{"taxonomy":"category","embeddable":true,"href":"https:\/\/enlacescorporativos.com\/en\/wp-json\/wp\/v2\/categories?post=4284"},{"taxonomy":"post_tag","embeddable":true,"href":"https:\/\/enlacescorporativos.com\/en\/wp-json\/wp\/v2\/tags?post=4284"}],"curies":[{"name":"wp","href":"https:\/\/api.w.org\/{rel}","templated":true}]}}