{"id":4296,"date":"2019-07-06T19:48:16","date_gmt":"2019-07-07T00:48:16","guid":{"rendered":"https:\/\/enlacescorporativos.com\/?p=4296"},"modified":"2019-07-06T19:48:16","modified_gmt":"2019-07-07T00:48:16","slug":"alianza-del-pacifico-espera-que-ecuador-se-una-al-bloque-en-un-ano","status":"publish","type":"post","link":"https:\/\/enlacescorporativos.com\/en\/2019\/07\/06\/alianza-del-pacifico-espera-que-ecuador-se-una-al-bloque-en-un-ano\/","title":{"rendered":"Alianza del Pac\u00edfico espera que Ecuador se una al bloque en un a\u00f1o"},"content":{"rendered":"<div><img src='https:\/\/cdn.forbes.com.mx\/2017\/06\/Comercio-maritimo.jpg' style='max-width:600px;' \/><\/p>\n<div>\n<p><a rel=\"nofollow\" href=\"https:\/\/www.forbes.com.mx\">Forbes M\u00e9xico<\/a>.<br \/>\n <a rel=\"nofollow\" href=\"https:\/\/www.forbes.com.mx\/alianza-del-pacifico-espera-que-ecuador-integre-el-bloque-en-un-anio\/\">Alianza del Pac\u00edfico espera que Ecuador se una al bloque en un a\u00f1o<\/a><\/p>\n<div><img fetchpriority=\"high\" decoding=\"async\" width=\"1280\" height=\"837\" src=\"https:\/\/cdn.forbes.com.mx\/2017\/06\/Comercio-maritimo.jpg\" class=\"attachment-full size-full wp-post-image\" alt=\"\" style=\"margin-bottom: 15px;\" srcset=\"https:\/\/cdn.forbes.com.mx\/2017\/06\/Comercio-maritimo.jpg 1280w, https:\/\/cdn.forbes.com.mx\/2017\/06\/Comercio-maritimo-300x196.jpg 300w, https:\/\/cdn.forbes.com.mx\/2017\/06\/Comercio-maritimo-768x502.jpg 768w, https:\/\/cdn.forbes.com.mx\/2017\/06\/Comercio-maritimo-1024x670.jpg 1024w\" sizes=\"(max-width: 1280px) 100vw, 1280px\" data-full-size=\"https:\/\/cdn.forbes.com.mx\/2017\/06\/Comercio-maritimo.jpg\" data-caption=\"\" data-description=\"\" \/><\/div>\n<p><strong>Reuters. &#8211;<\/strong> La Alianza del Pac\u00edfico se comprometi\u00f3 acelerar negociaciones para que Ecuador se convierta en socio pleno del grupo a m\u00e1s tardar a mediados del pr\u00f3ximo a\u00f1o, dijeron el s\u00e1bado los presidentes del bloque regional al cierre de una cumbre.<\/p>\n<p>Los mandatarios Mart\u00edn Vizcarra de Per\u00fa, Sebasti\u00e1n Pi\u00f1era de Chile, Iv\u00e1n Duque de Colombia y el canciller mexicano Marcelo Ebrard hicieron adem\u00e1s un llamado a frenar el proteccionismo global, en medio de una guerra comercial entre Unidos y China; y reducir los efectos del cambio clim\u00e1tico.<\/p>\n<p>&#8220;Los cuatros pa\u00edses miembros hemos acogido a Ecuador y hemos asumido el compromiso de acelerar los tr\u00e1mites de su incorporaci\u00f3n como miembro pleno, esperando que en el transcurso del 2019 Ecuador sea ya un miembro de la Alianza del Pac\u00edfico&#8221;, dijo Vizcarra en declaraciones a los medios.<\/p>\n<p>Con ello Ecuador, de poco mas de 17 millones de habitantes, podr\u00eda convertirse en el quinto socio del bloque que concentra el 37% del Producto Interno Bruto de Am\u00e9rica Latina y el Caribe.<\/p>\n<p>Incluso podr\u00eda superar las aspiraciones de los estados asociados Canad\u00e1, Australia, Singapur y Nueva Zelanda que buscan desde el a\u00f1o pasado ser miembro pleno de la alianza.<\/p>\n<p>A la cumbre de Lima asisti\u00f3 como invitado especial el presidente ecuatoriano, Len\u00edn Moreno, quien manifest\u00f3 a sus colegas su inter\u00e9s de pertenecer al bloque que atrae el 45% de la inversi\u00f3n extranjera directa de toda Am\u00e9rica Latina.<\/p>\n<p>&#8220;Hemos dado la bienvenida a Ecuador, que siempre ha debido ser parte de la alianza y que por razones conocidas no lo fue, pero que hoy se dieron las circunstancias y tuvimos la presencia del presidente Moreno&#8221;, afirm\u00f3 por su parte Pi\u00f1era.<\/p>\n<p>Para acelerar la inclusi\u00f3n el canciller mexicano, que estuvo en representaci\u00f3n del mandatario Andr\u00e9s Manuel L\u00f3pez Obrador, se comprometi\u00f3 a concretar un pacto comercial bilateral con Ecuador. Una de las condiciones para ser parte del bloque es tener estos convenios entre los estados miembros.<\/p>\n<p>&#8220;M\u00e9xico va ser un esfuerzo extraordinario para tener ese tratado o ese acuerdo bilateral lo m\u00e1s pronto posible (&#8230;) y as\u00ed durante la presidencia de Chile protempore se pueda dar la incorporaci\u00f3n de Ecuador como hoy hemos convenido&#8221;, dijo Ebrard.<\/p>\n<p>Te recomendamos:<\/p>\n<blockquote class=\"wp-embedded-content\" data-secret=\"epjmLdBDWc\">\n<p><a href=\"https:\/\/www.forbes.com.mx\/ecuador-nuevo-miembro-del-centro-de-desarrollo-de-la-ocde\/\">Ecuador, nuevo miembro del Centro de Desarrollo de la OCDE<\/a><\/p>\n<\/blockquote>\n<p><iframe class=\"embed-responsive-item\"  title=\"&#8220;Ecuador, nuevo miembro del Centro de Desarrollo de la OCDE&#8221; &#8212; Forbes M\u00e9xico\" sandbox=\"allow-scripts\" security=\"restricted\" style=\"position: absolute; clip: rect(1px, 1px, 1px, 1px);\" src=\"https:\/\/www.forbes.com.mx\/ecuador-nuevo-miembro-del-centro-de-desarrollo-de-la-ocde\/embed\/#?secret=epjmLdBDWc\" data-secret=\"epjmLdBDWc\" width=\"600\" height=\"338\" frameborder=\"0\" marginwidth=\"0\" marginheight=\"0\" scrolling=\"no\"><\/iframe><\/p>\n<p><a rel=\"nofollow\" href=\"https:\/\/www.forbes.com.mx\/alianza-del-pacifico-espera-que-ecuador-integre-el-bloque-en-un-anio\/\">Alianza del Pac\u00edfico espera que Ecuador se una al bloque en un a\u00f1o<\/a><br \/>\n<a rel=\"nofollow\" href=\"https:\/\/www.forbes.com.mx\/author\/forbes-staff\/\">Forbes Staff<\/a><\/p>\n<\/div>\n<\/div>","protected":false},"excerpt":{"rendered":"<p>Forbes M\u00e9xico. Alianza del Pac\u00edfico espera que Ecuador se una al bloque en un a\u00f1o Reuters. &#8211; La Alianza del Pac\u00edfico se comprometi\u00f3 acelerar negociaciones para que Ecuador se convierta en socio pleno del grupo a m\u00e1s tardar a mediados del pr\u00f3ximo a\u00f1o, dijeron el s\u00e1bado los presidentes del bloque regional al cierre de una [&hellip;]<\/p>","protected":false},"author":91,"featured_media":0,"comment_status":"open","ping_status":"open","sticky":false,"template":"","format":"standard","meta":{"site-sidebar-layout":"default","site-content-layout":"","ast-site-content-layout":"","site-content-style":"default","site-sidebar-style":"default","ast-global-header-display":"","ast-banner-title-visibility":"","ast-main-header-display":"","ast-hfb-above-header-display":"","ast-hfb-below-header-display":"","ast-hfb-mobile-header-display":"","site-post-title":"","ast-breadcrumbs-content":"","ast-featured-img":"","footer-sml-layout":"","theme-transparent-header-meta":"","adv-header-id-meta":"","stick-header-meta":"","header-above-stick-meta":"","header-main-stick-meta":"","header-below-stick-meta":"","astra-migrate-meta-layouts":"default","ast-page-background-enabled":"default","ast-page-background-meta":{"desktop":{"background-color":"","background-image":"","background-repeat":"repeat","background-position":"center center","background-size":"auto","background-attachment":"scroll","background-type":"","background-media":"","overlay-type":"","overlay-color":"","overlay-opacity":"","overlay-gradient":""},"tablet":{"background-color":"","background-image":"","background-repeat":"repeat","background-position":"center center","background-size":"auto","background-attachment":"scroll","background-type":"","background-media":"","overlay-type":"","overlay-color":"","overlay-opacity":"","overlay-gradient":""},"mobile":{"background-color":"","background-image":"","background-repeat":"repeat","background-position":"center center","background-size":"auto","background-attachment":"scroll","background-type":"","background-media":"","overlay-type":"","overlay-color":"","overlay-opacity":"","overlay-gradient":""}},"ast-content-background-meta":{"desktop":{"background-color":"var(--ast-global-color-5)","background-image":"","background-repeat":"repeat","background-position":"center center","background-size":"auto","background-attachment":"scroll","background-type":"","background-media":"","overlay-type":"","overlay-color":"","overlay-opacity":"","overlay-gradient":""},"tablet":{"background-color":"var(--ast-global-color-5)","background-image":"","background-repeat":"repeat","background-position":"center center","background-size":"auto","background-attachment":"scroll","background-type":"","background-media":"","overlay-type":"","overlay-color":"","overlay-opacity":"","overlay-gradient":""},"mobile":{"background-color":"var(--ast-global-color-5)","background-image":"","background-repeat":"repeat","background-position":"center center","background-size":"auto","background-attachment":"scroll","background-type":"","background-media":"","overlay-type":"","overlay-color":"","overlay-opacity":"","overlay-gradient":""}},"footnotes":""},"categories":[1],"tags":[],"class_list":["post-4296","post","type-post","status-publish","format-standard","hentry","category-uncategorized"],"_links":{"self":[{"href":"https:\/\/enlacescorporativos.com\/en\/wp-json\/wp\/v2\/posts\/4296","targetHints":{"allow":["GET"]}}],"collection":[{"href":"https:\/\/enlacescorporativos.com\/en\/wp-json\/wp\/v2\/posts"}],"about":[{"href":"https:\/\/enlacescorporativos.com\/en\/wp-json\/wp\/v2\/types\/post"}],"author":[{"embeddable":true,"href":"https:\/\/enlacescorporativos.com\/en\/wp-json\/wp\/v2\/users\/91"}],"replies":[{"embeddable":true,"href":"https:\/\/enlacescorporativos.com\/en\/wp-json\/wp\/v2\/comments?post=4296"}],"version-history":[{"count":0,"href":"https:\/\/enlacescorporativos.com\/en\/wp-json\/wp\/v2\/posts\/4296\/revisions"}],"wp:attachment":[{"href":"https:\/\/enlacescorporativos.com\/en\/wp-json\/wp\/v2\/media?parent=4296"}],"wp:term":[{"taxonomy":"category","embeddable":true,"href":"https:\/\/enlacescorporativos.com\/en\/wp-json\/wp\/v2\/categories?post=4296"},{"taxonomy":"post_tag","embeddable":true,"href":"https:\/\/enlacescorporativos.com\/en\/wp-json\/wp\/v2\/tags?post=4296"}],"curies":[{"name":"wp","href":"https:\/\/api.w.org\/{rel}","templated":true}]}}