{"id":7595,"date":"2019-08-15T08:33:37","date_gmt":"2019-08-15T13:33:37","guid":{"rendered":"https:\/\/enlacescorporativos.com\/?p=7595"},"modified":"2019-08-15T08:33:37","modified_gmt":"2019-08-15T13:33:37","slug":"corte-ordena-a-la-ssa-crear-reglamento-para-uso-medicinal-de-la-mariguana","status":"publish","type":"post","link":"https:\/\/enlacescorporativos.com\/en\/2019\/08\/15\/corte-ordena-a-la-ssa-crear-reglamento-para-uso-medicinal-de-la-mariguana\/","title":{"rendered":"Corte ordena a la Ssa crear reglamento para uso medicinal de la mariguana"},"content":{"rendered":"<div><img src='https:\/\/cdn.forbes.com.mx\/2019\/04\/mariguana_medicinal.jpg1_.jpg' style='max-width:600px;' \/><\/p>\n<div>\n<p><a rel=\"nofollow\" href=\"https:\/\/www.forbes.com.mx\">Forbes M\u00e9xico<\/a>.<br \/>\n <a rel=\"nofollow\" href=\"https:\/\/www.forbes.com.mx\/corte-ordena-a-la-ssa-crear-reglamento-para-uso-medicinal-de-la-mariguana\/\">Corte ordena a la Ssa crear reglamento para uso medicinal de la mariguana<\/a><\/p>\n<div><img fetchpriority=\"high\" decoding=\"async\" width=\"1280\" height=\"720\" src=\"https:\/\/cdn.forbes.com.mx\/2019\/04\/mariguana_medicinal.jpg1_.jpg\" class=\"attachment-full size-full wp-post-image\" alt=\"\" style=\"margin-bottom: 15px;\" srcset=\"https:\/\/cdn.forbes.com.mx\/2019\/04\/mariguana_medicinal.jpg1_.jpg 1280w, https:\/\/cdn.forbes.com.mx\/2019\/04\/mariguana_medicinal.jpg1_-300x169.jpg 300w, https:\/\/cdn.forbes.com.mx\/2019\/04\/mariguana_medicinal.jpg1_-768x432.jpg 768w, https:\/\/cdn.forbes.com.mx\/2019\/04\/mariguana_medicinal.jpg1_-1024x576.jpg 1024w, https:\/\/cdn.forbes.com.mx\/2019\/04\/mariguana_medicinal.jpg1_-600x338.jpg 600w, https:\/\/cdn.forbes.com.mx\/2019\/04\/mariguana_medicinal.jpg1_-200x113.jpg 200w, https:\/\/cdn.forbes.com.mx\/2019\/04\/mariguana_medicinal.jpg1_-640x360.jpg 640w, https:\/\/cdn.forbes.com.mx\/2019\/04\/mariguana_medicinal.jpg1_-320x180.jpg 320w\" sizes=\"(max-width: 1280px) 100vw, 1280px\" data-full-size=\"https:\/\/cdn.forbes.com.mx\/2019\/04\/mariguana_medicinal.jpg1_.jpg\" data-caption=\"Foto: Pexels. \" data-description=\"\" \/><\/div>\n<p>La Suprema Corte de Justicia de la Naci\u00f3n (SCJN) orden\u00f3 a la Secretar\u00eda de Salud emitir en los pr\u00f3ximos meses un reglamento que permita el uso de la mariguana o cannabis para fines medicinales.<\/p>\n<p>La instrucci\u00f3n de crear las directrices, que se ha postergado largamente, fue resultado de un caso presentado ante la Suprema Corte, que encontr\u00f3 violaciones a los derechos humanos de un ni\u00f1o que requiere utilizar derivados de la planta como THC (tetrahidrocannabinol).<\/p>\n<p>&#8220;La ausencia de las normas que regulen el uso terap\u00e9utico del cannabis (&#8230;) inevitablemente resta eficacia a su derecho a la salud al no establecer las condiciones necesarias para ejercerlo&#8221;, dijo el mi\u00e9rcoles en un comunicado la Corte, que dio a las autoridades un plazo m\u00e1ximo de 180 d\u00edas para crear el nuevo marco regulatorio.<\/p>\n<p>A finales del a\u00f1o pasado, el Senado retom\u00f3 el tema de la despenalizaci\u00f3n en el uso de la planta con fines medicinales. La iniciativa, estancada en el Congreso hasta ahora, contempla una regulaci\u00f3n nacional a la cadena de producci\u00f3n entre otras cosas.<\/p>\n<p>Una vez aprobado el proyecto, se crear\u00eda el Instituto Mexicano de Regulaci\u00f3n y Control de Cannabis que regular\u00eda al sector y el destino de los impuestos generados por la venta de productos derivados de la planta.<\/p>\n<p>La Secretar\u00eda de Salud dijo en un comunicado que acatar\u00e1, junto con la Comisi\u00f3n Federal para la Protecci\u00f3n contra Riesgos Sanitarios (Cofepris), la sentencia de la Corte.<\/p>\n<p><em><strong>Lee tambi\u00e9n:\u00a0<\/strong><\/em><a title=\"Dictamen de uso recreativo de mariguana se tendr\u00e1 en septiembre, prev\u00e9 senador\" href=\"https:\/\/www.forbes.com.mx\/dictamen-de-uso-recreativo-de-mariguana-se-tendra-en-septiembre-preve-senador\/\"><em><strong>Dictamen de uso recreativo de mariguana se tendr\u00e1 en septiembre, prev\u00e9 senador<\/strong><\/em><\/a><\/p>\n<p>Entre aplausos y l\u00e1grimas de los padres de familia, la Segunda Sala de la SCJN consider\u00f3 que la Secretar\u00eda de Salud deber\u00e1 normar el uso medicinal de la cannabis y sus derivados, pues con la omisi\u00f3n reglamentaria vulner\u00f3 los derechos del menor de edad que padece epilepsia con s\u00edndrome de West.<\/p>\n<p>La Segunda Sala aval\u00f3 por unanimidad el proyecto del ministro Eduardo Medina Mora y concedi\u00f3\u00a0el amparo al quejoso, quien debido a que presenta resistencia a los f\u00e1rmacos contra la enfermedad, le recetaron\u00a0una preparaci\u00f3n con tetrahidrocannabinol (THC).<\/p>\n<p>Al resolver el amparo, los ministros determinaron que fueron vulnerados los derechos del menor de edad porque la dependencia no armoniz\u00f3 sus reglamentos en cumplimiento con el decreto publicado el 20 de junio de 2017.<\/p>\n<p>Dicho decreto reforma diversas disposiciones de la Ley General de Salud para regular el uso de cannabis y sus derivados, entre ellos el THC, exclusivamente para fines m\u00e9dicos.<\/p>\n<p>La resoluci\u00f3n de los ministros pide que se garantice al menor el tratamiento m\u00e9dico integral que requiere y orden\u00f3 a la Secretar\u00eda de Salud que cumpla con el deber legal de armonizar las disposiciones de uso terap\u00e9utico y sus derivados.<\/p>\n<p>Enfatizaron que la ausencia de las normas que regulen el uso terap\u00e9utico de la cannabis imposibilita al quejoso acceder a un tratamiento con base en esa sustancia o cualquiera de sus derivados dentro del pa\u00eds, lo que resta eficacia a su derecho a la salud, al no establecer las condiciones necesarias para ejercerlo.<\/p>\n<p>La madre del menor, Margarita Garfias Hern\u00e1ndez, acompa\u00f1ada por su abogada y otros padres de familia con hijos que tambi\u00e9n requieren el uso medicinal de la cannabis, celebraron la resoluci\u00f3n de la Suprema Corte, y entre l\u00e1grimas y abrazos, afirmaron que seguir\u00e1n en la lucha para su reglamentaci\u00f3n.<\/p>\n<p>Garfias Hern\u00e1ndez asegur\u00f3 que este es un paso para mejorar la salud de su hijo, pues a\u00fan falta que en 180 d\u00edas se publique el reglamento, &#8220;y que este reglamento considere a los pacientes, no queremos bebidas alcoh\u00f3licas con cannabis, queremos remedios herbolarios, medicamentos que den salud&#8221;.<\/p>\n<p>Reconoci\u00f3 que ha tenido que obtener la cannabis de manera ilegal ante la negligencia de la Secretar\u00eda de Salud. Sin embargo, gracias a eso su hijo ha mejorado su calidad de vida y ha dejado de tener hospitalizaciones constantes.<\/p>\n<p>&#8220;No queremos ser ilegales, no queremos ser delincuentes, somos familias. Queremos salud para todos&#8221;, acot\u00f3.<\/p>\n<p>A su vez, la abogada Luisa Conesa explic\u00f3 que la resoluci\u00f3n de la Suprema Corte implica que el menor recibir\u00e1 el medicamento cuando se d\u00e9 el cumplimiento de la sentencia, por lo que habr\u00eda que esperar c\u00f3mo responde la Secretar\u00eda de Salud.<\/p>\n<p>La defensora celebr\u00f3 que los ministros hayan votado por unanimidad, aunque \u2013dijo\u2013 el bal\u00f3n ya est\u00e1 del lado del Ejecutivo, y de incumplir se tendr\u00e1n que sujetar al derecho penal.<\/p>\n<p><em>Con informaci\u00f3n de Reuters y Notimex<\/em><\/p>\n<p><em><strong>No te pierdas:\u00a0<\/strong><\/em><a title=\"Modelos que M\u00e9xico debe observar para regular la mariguana\" href=\"https:\/\/www.forbes.com.mx\/modelos-que-mexico-debe-observar-para-regular-la-mariguana\/\"><em><strong>Modelos que M\u00e9xico debe observar para regular la mariguana<\/strong><\/em><\/a><\/p>\n<p><a rel=\"nofollow\" href=\"https:\/\/www.forbes.com.mx\/corte-ordena-a-la-ssa-crear-reglamento-para-uso-medicinal-de-la-mariguana\/\">Corte ordena a la Ssa crear reglamento para uso medicinal de la mariguana<\/a><br \/>\n<a rel=\"nofollow\" href=\"https:\/\/www.forbes.com.mx\/author\/forbes-staff\/\">Forbes Staff<\/a><\/p>\n<\/div>\n<\/div>","protected":false},"excerpt":{"rendered":"<p>Forbes M\u00e9xico. Corte ordena a la Ssa crear reglamento para uso medicinal de la mariguana La Suprema Corte de Justicia de la Naci\u00f3n (SCJN) orden\u00f3 a la Secretar\u00eda de Salud emitir en los pr\u00f3ximos meses un reglamento que permita el uso de la mariguana o cannabis para fines medicinales. La instrucci\u00f3n de crear las directrices, [&hellip;]<\/p>","protected":false},"author":91,"featured_media":0,"comment_status":"open","ping_status":"open","sticky":false,"template":"","format":"standard","meta":{"site-sidebar-layout":"default","site-content-layout":"","ast-site-content-layout":"","site-content-style":"default","site-sidebar-style":"default","ast-global-header-display":"","ast-banner-title-visibility":"","ast-main-header-display":"","ast-hfb-above-header-display":"","ast-hfb-below-header-display":"","ast-hfb-mobile-header-display":"","site-post-title":"","ast-breadcrumbs-content":"","ast-featured-img":"","footer-sml-layout":"","theme-transparent-header-meta":"","adv-header-id-meta":"","stick-header-meta":"","header-above-stick-meta":"","header-main-stick-meta":"","header-below-stick-meta":"","astra-migrate-meta-layouts":"default","ast-page-background-enabled":"default","ast-page-background-meta":{"desktop":{"background-color":"","background-image":"","background-repeat":"repeat","background-position":"center center","background-size":"auto","background-attachment":"scroll","background-type":"","background-media":"","overlay-type":"","overlay-color":"","overlay-opacity":"","overlay-gradient":""},"tablet":{"background-color":"","background-image":"","background-repeat":"repeat","background-position":"center center","background-size":"auto","background-attachment":"scroll","background-type":"","background-media":"","overlay-type":"","overlay-color":"","overlay-opacity":"","overlay-gradient":""},"mobile":{"background-color":"","background-image":"","background-repeat":"repeat","background-position":"center center","background-size":"auto","background-attachment":"scroll","background-type":"","background-media":"","overlay-type":"","overlay-color":"","overlay-opacity":"","overlay-gradient":""}},"ast-content-background-meta":{"desktop":{"background-color":"var(--ast-global-color-5)","background-image":"","background-repeat":"repeat","background-position":"center center","background-size":"auto","background-attachment":"scroll","background-type":"","background-media":"","overlay-type":"","overlay-color":"","overlay-opacity":"","overlay-gradient":""},"tablet":{"background-color":"var(--ast-global-color-5)","background-image":"","background-repeat":"repeat","background-position":"center center","background-size":"auto","background-attachment":"scroll","background-type":"","background-media":"","overlay-type":"","overlay-color":"","overlay-opacity":"","overlay-gradient":""},"mobile":{"background-color":"var(--ast-global-color-5)","background-image":"","background-repeat":"repeat","background-position":"center center","background-size":"auto","background-attachment":"scroll","background-type":"","background-media":"","overlay-type":"","overlay-color":"","overlay-opacity":"","overlay-gradient":""}},"footnotes":""},"categories":[1],"tags":[],"class_list":["post-7595","post","type-post","status-publish","format-standard","hentry","category-uncategorized"],"_links":{"self":[{"href":"https:\/\/enlacescorporativos.com\/en\/wp-json\/wp\/v2\/posts\/7595","targetHints":{"allow":["GET"]}}],"collection":[{"href":"https:\/\/enlacescorporativos.com\/en\/wp-json\/wp\/v2\/posts"}],"about":[{"href":"https:\/\/enlacescorporativos.com\/en\/wp-json\/wp\/v2\/types\/post"}],"author":[{"embeddable":true,"href":"https:\/\/enlacescorporativos.com\/en\/wp-json\/wp\/v2\/users\/91"}],"replies":[{"embeddable":true,"href":"https:\/\/enlacescorporativos.com\/en\/wp-json\/wp\/v2\/comments?post=7595"}],"version-history":[{"count":0,"href":"https:\/\/enlacescorporativos.com\/en\/wp-json\/wp\/v2\/posts\/7595\/revisions"}],"wp:attachment":[{"href":"https:\/\/enlacescorporativos.com\/en\/wp-json\/wp\/v2\/media?parent=7595"}],"wp:term":[{"taxonomy":"category","embeddable":true,"href":"https:\/\/enlacescorporativos.com\/en\/wp-json\/wp\/v2\/categories?post=7595"},{"taxonomy":"post_tag","embeddable":true,"href":"https:\/\/enlacescorporativos.com\/en\/wp-json\/wp\/v2\/tags?post=7595"}],"curies":[{"name":"wp","href":"https:\/\/api.w.org\/{rel}","templated":true}]}}