{"id":7601,"date":"2019-08-15T09:28:53","date_gmt":"2019-08-15T14:28:53","guid":{"rendered":"https:\/\/enlacescorporativos.com\/?p=7601"},"modified":"2019-08-15T09:28:53","modified_gmt":"2019-08-15T14:28:53","slug":"incendio-en-reclusorio-oriente-deja-3-fallecidos-y-7-lesionados","status":"publish","type":"post","link":"https:\/\/enlacescorporativos.com\/en\/2019\/08\/15\/incendio-en-reclusorio-oriente-deja-3-fallecidos-y-7-lesionados\/","title":{"rendered":"Incendio en Reclusorio Oriente deja 3 fallecidos y 7 lesionados"},"content":{"rendered":"<div><img src='https:\/\/cdn.forbes.com.mx\/2019\/08\/reclusorio.jpg' style='max-width:600px;' \/><\/p>\n<div>\n<p><a rel=\"nofollow\" href=\"https:\/\/www.forbes.com.mx\">Forbes M\u00e9xico<\/a>.<br \/>\n <a rel=\"nofollow\" href=\"https:\/\/www.forbes.com.mx\/incendio-en-reclusorio-oriente-deja-3-fallecidos-y-7-lesionados\/\">Incendio en Reclusorio Oriente deja 3 fallecidos y 7 lesionados<\/a><\/p>\n<div><img fetchpriority=\"high\" decoding=\"async\" width=\"1600\" height=\"900\" src=\"https:\/\/cdn.forbes.com.mx\/2019\/08\/reclusorio.jpg\" class=\"attachment-full size-full wp-post-image\" alt=\"\" style=\"margin-bottom: 15px;\" srcset=\"https:\/\/cdn.forbes.com.mx\/2019\/08\/reclusorio.jpg 1600w, https:\/\/cdn.forbes.com.mx\/2019\/08\/reclusorio-300x169.jpg 300w, https:\/\/cdn.forbes.com.mx\/2019\/08\/reclusorio-768x432.jpg 768w, https:\/\/cdn.forbes.com.mx\/2019\/08\/reclusorio-1024x576.jpg 1024w, https:\/\/cdn.forbes.com.mx\/2019\/08\/reclusorio-600x338.jpg 600w, https:\/\/cdn.forbes.com.mx\/2019\/08\/reclusorio-200x113.jpg 200w, https:\/\/cdn.forbes.com.mx\/2019\/08\/reclusorio-1280x720.jpg 1280w, https:\/\/cdn.forbes.com.mx\/2019\/08\/reclusorio-640x360.jpg 640w, https:\/\/cdn.forbes.com.mx\/2019\/08\/reclusorio-320x180.jpg 320w\" sizes=\"(max-width: 1600px) 100vw, 1600px\" data-full-size=\"https:\/\/cdn.forbes.com.mx\/2019\/08\/reclusorio.jpg\" data-caption=\"Foto: Notimex\" data-description=\"\" \/><\/div>\n<p><strong>Notimex.-<\/strong> Debido a un incendio registrado en el dormitorio 2 del Reclusorio Preventivo Varonil Oriente, en Iztapalapa, el cual ya fue controlado, tres personas perdieron la vida y siete resultaron lesionadas, inform\u00f3 la subsecretar\u00eda de Sistema Penitenciario de la Ciudad de M\u00e9xico.<\/p>\n<p>En el siniestro, el cual inici\u00f3 a las 5:25 horas de este jueves y fue sofocado por el Cuerpo de Bomberos de la capital mexicana, fallecieron Luis Enrique Tejeda Pelcastre, Mauricio Esp\u00edndola Hidalgo y Carlos Enrique P\u00e9rez M\u00e1rquez, a cuyas familias extern\u00f3 sus condolencias la dependencia.<\/p>\n<p>En una tarjeta informativa, precis\u00f3 adem\u00e1s que siete personas presentaron signos de intoxicaci\u00f3n, por lo que fueron trasladadas a diferentes hospitales para su atenci\u00f3n.<\/p>\n<p>Precis\u00f3 que estas personas son Iv\u00e1n Urquiza C\u00f3rdoba, Octavio L\u00f3pez \u00c1lvarez, Francisco Javier M\u00e9ndez Hern\u00e1ndez, H\u00e9ctor Albert Chango Mendoza, Vicente Padilla Cede\u00f1o, Fernando Alberto Galicia Ayala y Alfredo Maya Ortiz.<\/p>\n<p>La dependencia capitalina se\u00f1al\u00f3 que por estos hechos se inici\u00f3 la denuncia correspondiente y a\u00fan se investiga la causa que gener\u00f3 el incendio.<\/p>\n<p>Agreg\u00f3 que este jueves se mantendr\u00e1n los horarios normales de visita, de 10:00 a 17:00 horas.<\/p>\n<p><a rel=\"nofollow\" href=\"https:\/\/www.forbes.com.mx\/incendio-en-reclusorio-oriente-deja-3-fallecidos-y-7-lesionados\/\">Incendio en Reclusorio Oriente deja 3 fallecidos y 7 lesionados<\/a><br \/>\n<a rel=\"nofollow\" href=\"https:\/\/www.forbes.com.mx\/author\/forbes-staff\/\">Forbes Staff<\/a><\/p>\n<\/div>\n<\/div>","protected":false},"excerpt":{"rendered":"<p>Forbes M\u00e9xico. Incendio en Reclusorio Oriente deja 3 fallecidos y 7 lesionados Notimex.- Debido a un incendio registrado en el dormitorio 2 del Reclusorio Preventivo Varonil Oriente, en Iztapalapa, el cual ya fue controlado, tres personas perdieron la vida y siete resultaron lesionadas, inform\u00f3 la subsecretar\u00eda de Sistema Penitenciario de la Ciudad de M\u00e9xico. En [&hellip;]<\/p>","protected":false},"author":91,"featured_media":0,"comment_status":"open","ping_status":"open","sticky":false,"template":"","format":"standard","meta":{"site-sidebar-layout":"default","site-content-layout":"","ast-site-content-layout":"","site-content-style":"default","site-sidebar-style":"default","ast-global-header-display":"","ast-banner-title-visibility":"","ast-main-header-display":"","ast-hfb-above-header-display":"","ast-hfb-below-header-display":"","ast-hfb-mobile-header-display":"","site-post-title":"","ast-breadcrumbs-content":"","ast-featured-img":"","footer-sml-layout":"","theme-transparent-header-meta":"","adv-header-id-meta":"","stick-header-meta":"","header-above-stick-meta":"","header-main-stick-meta":"","header-below-stick-meta":"","astra-migrate-meta-layouts":"default","ast-page-background-enabled":"default","ast-page-background-meta":{"desktop":{"background-color":"","background-image":"","background-repeat":"repeat","background-position":"center center","background-size":"auto","background-attachment":"scroll","background-type":"","background-media":"","overlay-type":"","overlay-color":"","overlay-opacity":"","overlay-gradient":""},"tablet":{"background-color":"","background-image":"","background-repeat":"repeat","background-position":"center center","background-size":"auto","background-attachment":"scroll","background-type":"","background-media":"","overlay-type":"","overlay-color":"","overlay-opacity":"","overlay-gradient":""},"mobile":{"background-color":"","background-image":"","background-repeat":"repeat","background-position":"center center","background-size":"auto","background-attachment":"scroll","background-type":"","background-media":"","overlay-type":"","overlay-color":"","overlay-opacity":"","overlay-gradient":""}},"ast-content-background-meta":{"desktop":{"background-color":"var(--ast-global-color-5)","background-image":"","background-repeat":"repeat","background-position":"center center","background-size":"auto","background-attachment":"scroll","background-type":"","background-media":"","overlay-type":"","overlay-color":"","overlay-opacity":"","overlay-gradient":""},"tablet":{"background-color":"var(--ast-global-color-5)","background-image":"","background-repeat":"repeat","background-position":"center center","background-size":"auto","background-attachment":"scroll","background-type":"","background-media":"","overlay-type":"","overlay-color":"","overlay-opacity":"","overlay-gradient":""},"mobile":{"background-color":"var(--ast-global-color-5)","background-image":"","background-repeat":"repeat","background-position":"center center","background-size":"auto","background-attachment":"scroll","background-type":"","background-media":"","overlay-type":"","overlay-color":"","overlay-opacity":"","overlay-gradient":""}},"footnotes":""},"categories":[1],"tags":[],"class_list":["post-7601","post","type-post","status-publish","format-standard","hentry","category-uncategorized"],"_links":{"self":[{"href":"https:\/\/enlacescorporativos.com\/en\/wp-json\/wp\/v2\/posts\/7601","targetHints":{"allow":["GET"]}}],"collection":[{"href":"https:\/\/enlacescorporativos.com\/en\/wp-json\/wp\/v2\/posts"}],"about":[{"href":"https:\/\/enlacescorporativos.com\/en\/wp-json\/wp\/v2\/types\/post"}],"author":[{"embeddable":true,"href":"https:\/\/enlacescorporativos.com\/en\/wp-json\/wp\/v2\/users\/91"}],"replies":[{"embeddable":true,"href":"https:\/\/enlacescorporativos.com\/en\/wp-json\/wp\/v2\/comments?post=7601"}],"version-history":[{"count":0,"href":"https:\/\/enlacescorporativos.com\/en\/wp-json\/wp\/v2\/posts\/7601\/revisions"}],"wp:attachment":[{"href":"https:\/\/enlacescorporativos.com\/en\/wp-json\/wp\/v2\/media?parent=7601"}],"wp:term":[{"taxonomy":"category","embeddable":true,"href":"https:\/\/enlacescorporativos.com\/en\/wp-json\/wp\/v2\/categories?post=7601"},{"taxonomy":"post_tag","embeddable":true,"href":"https:\/\/enlacescorporativos.com\/en\/wp-json\/wp\/v2\/tags?post=7601"}],"curies":[{"name":"wp","href":"https:\/\/api.w.org\/{rel}","templated":true}]}}